{"id":103844,"date":"2025-10-09T17:52:08","date_gmt":"2025-10-09T17:52:08","guid":{"rendered":"https:\/\/www.europesays.com\/pt\/103844\/"},"modified":"2025-10-09T17:52:08","modified_gmt":"2025-10-09T17:52:08","slug":"eyesclosed-veja-teaser-do-clipe-de-jisoo-do-blackpink-e-zayn-malik","status":"publish","type":"post","link":"https:\/\/www.europesays.com\/pt\/103844\/","title":{"rendered":"EYESCLOSED: veja teaser do clipe de Jisoo, do BLACKPINK, e Zayn Malik"},"content":{"rendered":"<p>Nesta quinta-feira, 9, <a href=\"https:\/\/www.instagram.com\/sooyaaa__\/\" target=\"_blank\" rel=\"noopener nofollow\"><strong>Jisoo<\/strong><\/a>, integrante do BLACKPINK, divulgou a primeira pr\u00e9via para o videoclipe de seu pr\u00f3ximo single, \u201cEYES CLOSED\u201d, em colabora\u00e7\u00e3o com o cantor brit\u00e2nico e ex-integrante do One Direction, <strong>Zayn Malik<\/strong>.<\/p>\n<p>No v\u00eddeo, a dupla surge em um cen\u00e1rio nas cores branco e vermelho, cantando lado a lado versos da faixa que tem lan\u00e7amento marcado para o dia 10 de outubro. Confira!<\/p>\n<p>Vale lembrar que a colabora\u00e7\u00e3o foi anunciada no \u00faltimo domingo, 5, de forma misteriosa. Na ocasi\u00e3o, <strong>Jisoo<\/strong> compartilhou uma imagem nas redes sociais, onde uma silhueta masculina surge atr\u00e1s dela. Na legenda, a artista escreveu: \u201cUm dueto se aproxima\u201d.<\/p>\n<blockquote class=\"twitter-tweet\">\n<p dir=\"ltr\" lang=\"en\">\ud835\udc34 \ud835\udc51\ud835\udc62\ud835\udc52\ud835\udc61 \ud835\udc56\ud835\udc60 \ud835\udc5b\ud835\udc52\ud835\udc4e\ud835\udc5f <a href=\"https:\/\/t.co\/QqERRz5GmT\" rel=\"nofollow\">pic.twitter.com\/QqERRz5GmT<\/a><\/p>\n<p>\u2014 BLISSOO (@officialBLISSOO) <a href=\"https:\/\/twitter.com\/officialBLISSOO\/status\/1974942677314527714?ref_src=twsrc%5Etfw\" rel=\"nofollow noopener\" target=\"_blank\">October 5, 2025<\/a><\/p>\n<\/blockquote>\n<p>No mesmo dia, o portal sul-coreano The Korea Herald noticiou que o homem em quest\u00e3o seria<a href=\"https:\/\/pt.wikipedia.org\/wiki\/Zayn\" target=\"_blank\" rel=\"noopener nofollow\"><strong> Zayn Malik<\/strong><\/a>, cantor e compositor brit\u00e2nico que se tornou reconhecido mundialmente ao integrar a boy band One Direction, fen\u00f4meno da d\u00e9cada de 2010 formado no reality show musical \u201cThe X Factor UK\u201d, que tamb\u00e9m contava em sua forma\u00e7\u00e3o com <strong>Harry Styles<\/strong>, <strong>Louis Tomlinson<\/strong>, <strong>Niall Horan<\/strong> e <strong>Liam Payne<\/strong>.<\/p>\n<p>A confirma\u00e7\u00e3o, no entanto, s\u00f3 aconteceu na segunda-feira, 6, quando a <a href=\"https:\/\/www.blissoo.co.kr\/en\/\" target=\"_blank\" rel=\"noopener nofollow\">BLISSOO<\/a>, empresa fundada por <strong>Jisoo<\/strong> para o gerenciamento de suas atividades solo, compartilhou uma nova foto, em que <strong>Zayn<\/strong> aparece de costas ao lado da integrante do BLACKPINK, podendo ser facilmente indentificado gra\u00e7as \u00e0s suas tatuagens.<\/p>\n<blockquote class=\"twitter-tweet\">\n<p dir=\"ltr\" lang=\"en\">\ud835\udc61\ud835\udc64\ud835\udc5c \ud835\udc63\ud835\udc5c\ud835\udc56\ud835\udc50\ud835\udc52\ud835\udc60, \ud835\udc5c\ud835\udc5b\ud835\udc52 \ud835\udc5c\ud835\udc5f\ud835\udc4f\ud835\udc56\ud835\udc61.<br \/>\ud835\udc50\ud835\udc5c\ud835\udc5a\ud835\udc56\ud835\udc5b\ud835\udc54 \ud835\udc60\ud835\udc5c\ud835\udc5c\ud835\udc5b <a href=\"https:\/\/t.co\/zvTAaqjxMC\" rel=\"nofollow\">pic.twitter.com\/zvTAaqjxMC<\/a><\/p>\n<p>\u2014 BLISSOO (@officialBLISSOO) <a href=\"https:\/\/twitter.com\/officialBLISSOO\/status\/1975305059341901881?ref_src=twsrc%5Etfw\" rel=\"nofollow noopener\" target=\"_blank\">October 6, 2025<\/a><\/p>\n<\/blockquote>\n<p>J\u00e1 na \u00faltima ter\u00e7a-feira, 8, a nova imagem compartilhada pela empresa j\u00e1 contava com <strong>Malik<\/strong> de frente, tamb\u00e9m ao lado da <a href=\"https:\/\/recreio.com.br\/tags\/k-pop\" target=\"_blank\" rel=\"noopener nofollow\">idol<\/a>. Por\u00e9m, dessa vez, junto com a fotografia in\u00e9dita, ainda foi revelado o primeiro trecho da m\u00fasica, onde os f\u00e3s tiveram a oportunidade de conferir pela primeira vez as vozes dos dois artistas em harmonia.<\/p>\n<blockquote class=\"instagram-media\" style=\"background: #FFF; border: 0; border-radius: 3px; box-shadow: 0 0 1px 0 rgba(0,0,0,0.5),0 1px 10px 0 rgba(0,0,0,0.15); margin: 1px; max-width: 540px; min-width: 326px; padding: 0; width: calc(100% - 2px);\" data-instgrm-captioned=\"\" data-instgrm-permalink=\"https:\/\/www.instagram.com\/p\/DPhbeI1EyxA\/?utm_source=ig_embed&amp;utm_campaign=loading\" data-instgrm-version=\"14\"><\/blockquote>\n<p>\u201cEYES CLOSED\u201d chegar\u00e1 \u00e0s plataformas digitais amanh\u00e3, 10, a partir da meia-noite.<\/p>\n<p>        <a href=\"https:\/\/recreio.com.br\/noticias\/author\/daniela-bazi\" rel=\"nofollow noopener\" target=\"_blank\">&#13;<br \/>\n          <img alt=\"Daniela Bazi\" src=\"https:\/\/www.europesays.com\/pt\/wp-content\/uploads\/2025\/10\/1760032328_734_701cc86240953f42e068ecf8a0bb18dadb05bc88d7e776f8edb20aaea33b4eea\"  class=\"avatar avatar-115 photo rounded-circle mr-3\" height=\"115\" width=\"115\" loading=\"lazy\" decoding=\"async\"\/>        <\/a><\/p>\n<p>Daniela Bazi \u00e9 jornalista graduada pela UNINOVE, e bruxa formada na Escola de Magia e Bruxaria de Hogwarts. Amante de anima\u00e7\u00f5es, filmes e s\u00e9ries, tamb\u00e9m \u00e9 f\u00e3 de divas pop, entusiasta da Disney e k-popper nas horas vagas.<\/p>\n<p>\t                                            <script async src=\"https:\/\/platform.twitter.com\/widgets.js\" charset=\"utf-8\"><\/script><script async src=\"\/\/www.instagram.com\/embed.js\"><\/script><\/p>\n","protected":false},"excerpt":{"rendered":"Nesta quinta-feira, 9, Jisoo, integrante do BLACKPINK, divulgou a primeira pr\u00e9via para o videoclipe de seu pr\u00f3ximo single,&hellip;\n","protected":false},"author":2,"featured_media":103845,"comment_status":"","ping_status":"","sticky":false,"template":"","format":"standard","meta":{"footnotes":""},"categories":[141],"tags":[3194,114,115,8004,1688,149,150,1001,32,33,1002],"class_list":{"0":"post-103844","1":"post","2":"type-post","3":"status-publish","4":"format-standard","5":"has-post-thumbnail","7":"category-musica","8":"tag-blackpink","9":"tag-entertainment","10":"tag-entretenimento","11":"tag-jisoo","12":"tag-k-pop","13":"tag-music","14":"tag-musica","15":"tag-one-direction","16":"tag-portugal","17":"tag-pt","18":"tag-zayn-malik"},"share_on_mastodon":{"url":"","error":""},"_links":{"self":[{"href":"https:\/\/www.europesays.com\/pt\/wp-json\/wp\/v2\/posts\/103844","targetHints":{"allow":["GET"]}}],"collection":[{"href":"https:\/\/www.europesays.com\/pt\/wp-json\/wp\/v2\/posts"}],"about":[{"href":"https:\/\/www.europesays.com\/pt\/wp-json\/wp\/v2\/types\/post"}],"author":[{"embeddable":true,"href":"https:\/\/www.europesays.com\/pt\/wp-json\/wp\/v2\/users\/2"}],"replies":[{"embeddable":true,"href":"https:\/\/www.europesays.com\/pt\/wp-json\/wp\/v2\/comments?post=103844"}],"version-history":[{"count":0,"href":"https:\/\/www.europesays.com\/pt\/wp-json\/wp\/v2\/posts\/103844\/revisions"}],"wp:featuredmedia":[{"embeddable":true,"href":"https:\/\/www.europesays.com\/pt\/wp-json\/wp\/v2\/media\/103845"}],"wp:attachment":[{"href":"https:\/\/www.europesays.com\/pt\/wp-json\/wp\/v2\/media?parent=103844"}],"wp:term":[{"taxonomy":"category","embeddable":true,"href":"https:\/\/www.europesays.com\/pt\/wp-json\/wp\/v2\/categories?post=103844"},{"taxonomy":"post_tag","embeddable":true,"href":"https:\/\/www.europesays.com\/pt\/wp-json\/wp\/v2\/tags?post=103844"}],"curies":[{"name":"wp","href":"https:\/\/api.w.org\/{rel}","templated":true}]}}