{"id":103850,"date":"2025-10-09T17:55:10","date_gmt":"2025-10-09T17:55:10","guid":{"rendered":"https:\/\/www.europesays.com\/pt\/103850\/"},"modified":"2025-10-09T17:55:10","modified_gmt":"2025-10-09T17:55:10","slug":"hgcc-amplia-tratamento-de-sifilis-e-passa-a-incluir-pais-dos-recem-nascidos","status":"publish","type":"post","link":"https:\/\/www.europesays.com\/pt\/103850\/","title":{"rendered":"HGCC amplia tratamento de s\u00edfilis e passa a incluir pais dos rec\u00e9m-nascidos"},"content":{"rendered":"<p>&#13;<br \/>\n        &#13;<br \/>\n            &#13;<br \/>\n&#13;<br \/>\n            &#13;<br \/>\n&#13;<br \/>\n            &#13;<br \/>\n                <a href=\"\">9 de outubro de 2025 &#8211; 14:43<\/a>&#13;<br \/>\n                                      #<a href=\"https:\/\/www.saude.ce.gov.br\/tag\/hgcc\/\" rel=\"tag nofollow noopener\" target=\"_blank\">hgcc<\/a> #<a href=\"https:\/\/www.saude.ce.gov.br\/tag\/hospital-geral-dr-cesar-cals-hgcc\/\" rel=\"tag nofollow noopener\" target=\"_blank\">Hospital Geral Dr. C\u00e9sar Cals (HGCC)<\/a> #<a href=\"https:\/\/www.saude.ce.gov.br\/tag\/sifilis\/\" rel=\"tag nofollow noopener\" target=\"_blank\">sifilis<\/a> &#13;<br \/>\n                            &#13;<br \/>\n&#13;<\/p>\n<p>Assessoria do HGCC<br \/>&#13;<br \/>\nTexto: Wescley Jorge<br \/>&#13;<br \/>\nFotos: Thiago Freitas<\/p>\n<p>                &#13;<br \/>\n            &#13;<\/p>\n<p style=\"text-align: center\"><img fetchpriority=\"high\" decoding=\"async\" class=\"aligncenter wp-image-147465 size-full\" src=\"https:\/\/www.europesays.com\/pt\/wp-content\/uploads\/2025\/10\/tratamento_sifilis_banner01-1.png\" alt=\"\" width=\"775\" height=\"485\"  \/>Al\u00e9m dos beb\u00eas e pu\u00e9rperas, os pais agora tamb\u00e9m podem realizar o tratamento no HGCC<\/p>\n<p>O <strong>Hospital Geral Dr. C\u00e9sar Cals (HGCC)<\/strong>, unidade da <strong>Secretaria da Sa\u00fade do Cear\u00e1 (Sesa)<\/strong>, ampliou o atendimento \u00e0s fam\u00edlias de pacientes com s\u00edfilis cong\u00eanita. A partir de agora, al\u00e9m das pu\u00e9rperas e dos rec\u00e9m-nascidos, os companheiros tamb\u00e9m passam a ter acesso ao tratamento dentro da pr\u00f3pria unidade. A medida fortalece a preven\u00e7\u00e3o, reduz o risco de reinfec\u00e7\u00e3o das gestantes e contribui para interromper o ciclo de transmiss\u00e3o da doen\u00e7a.<\/p>\n<p>\u201cIdentificamos as pacientes com s\u00edfilis nas enfermarias. A gestante \u00e9 diagnosticada e tratada. Ent\u00e3o convidamos tamb\u00e9m o parceiro para realizar o tratamento. Se o parceiro n\u00e3o for tratado, h\u00e1 risco de reinfec\u00e7\u00e3o, o que pode comprometer a sa\u00fade dela e do beb\u00ea. Da\u00ed a amplia\u00e7\u00e3o do tratamento para os pais\u201d, explica Helena Mar\u00edlia Cavalcanti, chefe do Servi\u00e7o de Ginecologia e Obstetr\u00edcia do HGCC.<\/p>\n<p>Fluxo do atendimento ao parceiro<\/p>\n<p>Quando o parceiro aceita o tratamento, o Servi\u00e7o Social do hospital realiza o encaminhamento para a emerg\u00eancia obst\u00e9trica. L\u00e1, \u00e9 aberta uma ficha de atendimento, classificada como azul, j\u00e1 que n\u00e3o h\u00e1 urg\u00eancia. Antes de receber a medica\u00e7\u00e3o, o acompanhante assina um termo de consentimento informado e recebe orienta\u00e7\u00f5es sobre a continuidade do acompanhamento na Unidade B\u00e1sica de Sa\u00fade (UBS).<\/p>\n<p>Para a pediatra Sara Le\u00e3o, que acompanha os beb\u00eas no Alojamento Conjunto, a ades\u00e3o tem sido expressiva. \u201cEu abordo a fam\u00edlia, converso com os pais, converso com eles, falo da import\u00e2ncia de tratarem os tr\u00eas, porque sen\u00e3o vai ficar um transmitido para o outro, a pr\u00f3xima gesta\u00e7\u00e3o j\u00e1 vai ser complicada. A gente est\u00e1 tendo uma excelente ades\u00e3o. Todos os pais dos beb\u00eas que chegam aqui est\u00e3o aceitando o tratamento\u201d, confirma.<\/p>\n<p style=\"text-align: center\"><img loading=\"lazy\" decoding=\"async\" class=\"aligncenter wp-image-147466\" src=\"https:\/\/www.europesays.com\/pt\/wp-content\/uploads\/2025\/10\/tratamento_sifilis_banner02-600x376.png\" alt=\"\" width=\"775\" height=\"485\"  \/>O tratamento segue o protocolo do Minist\u00e9rio da Sa\u00fade, com aplica\u00e7\u00e3o de benzilpenicilina benzatina<\/p>\n<p>O atendimento \u00e9 feito pelo obstetra, que explica o tratamento, responde \u00e0s d\u00favidas e prescreve a dose do medicamento, conforme o protocolo do Minist\u00e9rio da Sa\u00fade. Ap\u00f3s a aplica\u00e7\u00e3o, o paciente permanece em observa\u00e7\u00e3o e, em seguida, \u00e9 encaminhado para acompanhamento na Unidade B\u00e1sica de Sa\u00fade (UBS) de refer\u00eancia. \u201cEsse cuidado integral garante maior efic\u00e1cia no controle da doen\u00e7a\u201d, detalha Cavalcanti.<\/p>\n<p>Cuidado ampliado<\/p>\n<p>A inclus\u00e3o do tratamento dos parceiros no fluxo hospitalar nasceu de uma demanda observada pelas equipes multiprofissionais. Antes, os homens eram orientados a procurar atendimento em postos de sa\u00fade, mas havia grande resist\u00eancia e baixa ades\u00e3o.<\/p>\n<p>\u201cO HGCC tem como premissa a <strong>responsabilidade social com suas pacientes<\/strong>. Uma das nossas maiores preocupa\u00e7\u00f5es era o risco de falha terap\u00eautica se o parceiro n\u00e3o fosse tratado. Agora, conseguimos<strong> interromper o ciclo de transmiss\u00e3o<\/strong> de uma doen\u00e7a que pode ser tratada de forma simples e eficaz\u201d, refor\u00e7a Helena Mar\u00edlia.<\/p>\n<p>O novo servi\u00e7o j\u00e1 traz al\u00edvio para fam\u00edlias que enfrentam a s\u00edfilis cong\u00eanita. Ana L\u00facia (nome fict\u00edcio), acompanha o filho internado na unidade e segue em tratamento. \u201cEstamos aqui por ele. Ansiosos para ir para casa. Mas estamos seguindo todas as recomenda\u00e7\u00f5es e cuidados\u201d, afirma.<\/p>\n<p>Ao lado dela, o companheiro Carlos Eduardo (nome fict\u00edcio) tamb\u00e9m recebeu o tratamento no hospital. Para ele, a medida representa mais praticidade e seguran\u00e7a. \u201cFacilita o acesso e a gente n\u00e3o precisa ir para casa com essa preocupa\u00e7\u00e3o. Que bom que o hospital oferece o tratamento para a gente. Tenho muita gratid\u00e3o \u00e0 equipe, que d\u00e1 o melhor para n\u00f3s.\u201d<\/p>\n<p>Em 2024, o HGCC registrou um total de 153 casos de s\u00edfilis, dos quais 75 casos em gestantes e 78 de s\u00edfilis cong\u00eanitas, nos rec\u00e9m-nascidos. Em 2025, esses n\u00fameros j\u00e1 comam, 88 casos, sendo 40 em gestantes e 48 de s\u00edfilis cong\u00eanita.<\/p>\n<p>Com a iniciativa, o Hospital Geral Dr. C\u00e9sar Cals refor\u00e7a seu papel na preven\u00e7\u00e3o e no enfrentamento da s\u00edfilis cong\u00eanita. A estrat\u00e9gia amplia a resolutividade, aumenta a ades\u00e3o e contribui diretamente para a redu\u00e7\u00e3o dos \u00edndices da doen\u00e7a.<\/p>\n<p>&#13;<br \/>\n            &#13;<br \/>\n&#13;<br \/>\n&#13;<\/p>\n","protected":false},"excerpt":{"rendered":"&#13; &#13; &#13; &#13; &#13; &#13; &#13; 9 de outubro de 2025 &#8211; 14:43&#13; #hgcc #Hospital Geral Dr.&hellip;\n","protected":false},"author":2,"featured_media":103851,"comment_status":"","ping_status":"","sticky":false,"template":"","format":"standard","meta":{"footnotes":""},"categories":[86],"tags":[116,25104,25105,32,33,117,18930],"class_list":{"0":"post-103850","1":"post","2":"type-post","3":"status-publish","4":"format-standard","5":"has-post-thumbnail","7":"category-saude","8":"tag-health","9":"tag-hgcc","10":"tag-hospital-geral-dr-cesar-cals-hgcc","11":"tag-portugal","12":"tag-pt","13":"tag-saude","14":"tag-sifilis"},"share_on_mastodon":{"url":"","error":""},"_links":{"self":[{"href":"https:\/\/www.europesays.com\/pt\/wp-json\/wp\/v2\/posts\/103850","targetHints":{"allow":["GET"]}}],"collection":[{"href":"https:\/\/www.europesays.com\/pt\/wp-json\/wp\/v2\/posts"}],"about":[{"href":"https:\/\/www.europesays.com\/pt\/wp-json\/wp\/v2\/types\/post"}],"author":[{"embeddable":true,"href":"https:\/\/www.europesays.com\/pt\/wp-json\/wp\/v2\/users\/2"}],"replies":[{"embeddable":true,"href":"https:\/\/www.europesays.com\/pt\/wp-json\/wp\/v2\/comments?post=103850"}],"version-history":[{"count":0,"href":"https:\/\/www.europesays.com\/pt\/wp-json\/wp\/v2\/posts\/103850\/revisions"}],"wp:featuredmedia":[{"embeddable":true,"href":"https:\/\/www.europesays.com\/pt\/wp-json\/wp\/v2\/media\/103851"}],"wp:attachment":[{"href":"https:\/\/www.europesays.com\/pt\/wp-json\/wp\/v2\/media?parent=103850"}],"wp:term":[{"taxonomy":"category","embeddable":true,"href":"https:\/\/www.europesays.com\/pt\/wp-json\/wp\/v2\/categories?post=103850"},{"taxonomy":"post_tag","embeddable":true,"href":"https:\/\/www.europesays.com\/pt\/wp-json\/wp\/v2\/tags?post=103850"}],"curies":[{"name":"wp","href":"https:\/\/api.w.org\/{rel}","templated":true}]}}