{"id":103861,"date":"2025-10-09T18:03:08","date_gmt":"2025-10-09T18:03:08","guid":{"rendered":"https:\/\/www.europesays.com\/pt\/103861\/"},"modified":"2025-10-09T18:03:08","modified_gmt":"2025-10-09T18:03:08","slug":"arquiteto-portugues-recebe-premio-baku-2025-transformou-a-casa-de-90-anos-dos-avos-num-atelier","status":"publish","type":"post","link":"https:\/\/www.europesays.com\/pt\/103861\/","title":{"rendered":"Arquiteto portugu\u00eas recebe pr\u00e9mio Baku 2025: transformou a casa de 90 anos dos av\u00f3s num atelier"},"content":{"rendered":"<p style=\"text-align: start;\">O arquiteto portugu\u00eas Raulino Silva foi o grande vencedor da s\u00e9tima edi\u00e7\u00e3o do Baku Architecture Awards 2025, na categoria de Interiores, com a remodela\u00e7\u00e3o de uma casa de 1936 contru\u00edda pelos seus av\u00f3s. A casa \u00e9 o atelier de arquitetura Raulino Silva Arquiteto.<\/p>\n<p>Raulino Silva, de 44 anos, vive e trabalha em Vila do Conde. Exerceu cerca de 5 anos em escrit\u00f3rios de arquitetura na cidade do Porto e quando a casa ficou livre viu a sua oportunidade para abrir o seu escrit\u00f3rio de arquitetura. \u201cAo longo de 12 anos utiliz\u00e1mos a casa como ela estava, como a minha av\u00f3 a tinha deixado. Na altura do covid, decidimos remodelar a casa e ampli\u00e1-la\u201d, conta ao Expresso.<\/p>\n<p>Atualmente, 15 anos ap\u00f3s a abertura, o atelier Raulino Silva Arquiteto conta com mais quatro arquitetos. \u201cGostamos de manter a identidade dos s\u00edtios. A maior parte das obras s\u00e3o novas. Mas quando a casa j\u00e1 existe, n\u00f3s tentamos aproveitar\u201d, confessa.<\/p>\n<p>O atelier Raulino Silva Arquiteto j\u00e1 foram premiado v\u00e1rias vezes. O arquiteto confessa que fica feliz com os pr\u00e9mios. Contudo, refere, \u201cn\u00e3o fazemos as obras para ganhar pr\u00e9mios&#8221;. &#8220;\u00c9 o resultado do trabalho bem feito da equipa\u201d, comenta Raulino Silva.<\/p>\n<p>&#8220;\u00c9 muito importante termos sempre bons empreiteiros a trabalharem connosco. Se n\u00e3o tivermos bons executante a fazer a obra, ela n\u00e3o fica com o brilho que tem\u201d, explica o arquiteto. Para Raulino \u00e9 importante &#8220;um cliente que compreenda o que estamos a fazer, e que at\u00e9 nos d\u00e1 ideias e ajuda a fazer parte do processo\u201d.<\/p>\n<p>O Baku Architecture Award \u00e9 organizado pelo Minist\u00e9rio da Cultura da Rep\u00fablica do Azerbaij\u00e3o e a Ordem dos Arquitetos do Azerbaij\u00e3o, apoiado pela Uni\u00e3o Internacional dos Arquitetos (UIA). O pr\u00e9mio foi distribu\u00eddo pelos vencedores, sendo o valor total cerca de 30 000 euros.<\/p>\n<p>Texto escrito por Margarida Nogueira e editado por Ricardo Marques<\/p>\n","protected":false},"excerpt":{"rendered":"O arquiteto portugu\u00eas Raulino Silva foi o grande vencedor da s\u00e9tima edi\u00e7\u00e3o do Baku Architecture Awards 2025, na&hellip;\n","protected":false},"author":2,"featured_media":103862,"comment_status":"","ping_status":"","sticky":false,"template":"","format":"standard","meta":{"footnotes":""},"categories":[144],"tags":[207,205,206,203,201,202,204,114,115,32,33],"class_list":{"0":"post-103861","1":"post","2":"type-post","3":"status-publish","4":"format-standard","5":"has-post-thumbnail","7":"category-arte-e-design","8":"tag-arte","9":"tag-arte-e-design","10":"tag-artedesign","11":"tag-arts","12":"tag-arts-and-design","13":"tag-artsanddesign","14":"tag-design","15":"tag-entertainment","16":"tag-entretenimento","17":"tag-portugal","18":"tag-pt"},"share_on_mastodon":{"url":"","error":""},"_links":{"self":[{"href":"https:\/\/www.europesays.com\/pt\/wp-json\/wp\/v2\/posts\/103861","targetHints":{"allow":["GET"]}}],"collection":[{"href":"https:\/\/www.europesays.com\/pt\/wp-json\/wp\/v2\/posts"}],"about":[{"href":"https:\/\/www.europesays.com\/pt\/wp-json\/wp\/v2\/types\/post"}],"author":[{"embeddable":true,"href":"https:\/\/www.europesays.com\/pt\/wp-json\/wp\/v2\/users\/2"}],"replies":[{"embeddable":true,"href":"https:\/\/www.europesays.com\/pt\/wp-json\/wp\/v2\/comments?post=103861"}],"version-history":[{"count":0,"href":"https:\/\/www.europesays.com\/pt\/wp-json\/wp\/v2\/posts\/103861\/revisions"}],"wp:featuredmedia":[{"embeddable":true,"href":"https:\/\/www.europesays.com\/pt\/wp-json\/wp\/v2\/media\/103862"}],"wp:attachment":[{"href":"https:\/\/www.europesays.com\/pt\/wp-json\/wp\/v2\/media?parent=103861"}],"wp:term":[{"taxonomy":"category","embeddable":true,"href":"https:\/\/www.europesays.com\/pt\/wp-json\/wp\/v2\/categories?post=103861"},{"taxonomy":"post_tag","embeddable":true,"href":"https:\/\/www.europesays.com\/pt\/wp-json\/wp\/v2\/tags?post=103861"}],"curies":[{"name":"wp","href":"https:\/\/api.w.org\/{rel}","templated":true}]}}