{"id":10389,"date":"2025-07-31T16:34:10","date_gmt":"2025-07-31T16:34:10","guid":{"rendered":"https:\/\/www.europesays.com\/pt\/10389\/"},"modified":"2025-07-31T16:34:10","modified_gmt":"2025-07-31T16:34:10","slug":"chuva-de-meteoros-ilumina-o-ceu-do-rs-durante-fenomeno-delta-aquaridas","status":"publish","type":"post","link":"https:\/\/www.europesays.com\/pt\/10389\/","title":{"rendered":"Chuva de meteoros ilumina o c\u00e9u do RS durante fen\u00f4meno Delta Aqu\u00e1ridas"},"content":{"rendered":"<p><img fetchpriority=\"high\" decoding=\"async\" class=\"w-fit lg:w-full\" loading=\"eager\" src=\"https:\/\/www.europesays.com\/pt\/wp-content\/uploads\/2025\/07\/5360641_9269d8b25b1e4c5.jpg\" title=\"Observat\u00f3rio Heller &amp; Jung \/ Divulga\u00e7\u00e3o\" alt=\"Observat\u00f3rio Heller &amp; Jung \/ Divulga\u00e7\u00e3o\" width=\"700\" height=\"477\"\/>Pico do fen\u00f4meno foi registrado pelo Observat\u00f3rio Heller &amp; Jung.Observat\u00f3rio Heller &amp; Jung \/ Divulga\u00e7\u00e3o<\/p>\n<p>Mais de<strong> mil meteoros cruzaram o c\u00e9u do Rio Grande do Sul<\/strong> entre a noite de quarta-feira (30) e madrugada desta quinta (31). O fen\u00f4meno, registrado pelo Observat\u00f3rio Heller &amp; Jung, em Taquara, \u00e9 resultado do pico de atividade da <strong>chuva Delta Aqu\u00e1ridas Sul.\u00a0<\/strong><\/p>\n<p><strong>Ao todo, foram registrados 1.044 corpos celestes<\/strong> em aproximadamente nove horas.<strong> <\/strong>Embora o per\u00edodo de maior atividade da Delta Aqu\u00e1ridas Sul j\u00e1 tenha passado, o <strong>fen\u00f4meno seguir\u00e1 vis\u00edvel at\u00e9 a noite de 23 de agosto <\/strong>(veja abaixo dicas de como observar).<\/p>\n<p>O melhor hor\u00e1rio para observar meteoros, segundo o diretor do Museu do Observat\u00f3rio Astron\u00f4mico da Universidade Federal do Rio Grande do Sul (UFRGS), Gabriel Soares, \u00e9 <strong>durante a madrugada<\/strong>.<\/p>\n<p>\u2014 O aqu\u00e1rio vai nascer no leste a partir das 20h e vai subindo at\u00e9 chegar no ponto mais alto, por volta das 2h da manh\u00e3. Quando estiver bem alto no c\u00e9u, vai ser um dos melhores momentos para conseguir observar esse fen\u00f4meno. A <strong>minha indica\u00e7\u00e3o \u00e9 durante a madrugada, entre 1h e 3h<\/strong>, podendo chegar at\u00e9 as 4h \u2014 explica Soares, que ainda destaca a posi\u00e7\u00e3o privilegiada do Rio Grande do Sul para observar o fen\u00f4meno por estar no Hemisf\u00e9rio Sul.<\/p>\n<p>Soares ainda explica que os meteoros observados s\u00e3o, na verdade, <strong>detritos ou &#8220;pequenos peda\u00e7os&#8221; de rochas<\/strong> e astros e cometas que orbitaram o sol em algum momento. Durante o movimento da Terra ao redor do sol, ela passa por este &#8220;rastro de poeira&#8221; deixado, o que caracteriza a chuva de meteoros:<\/p>\n<p>\u2014 Quando isso acontece, esses detritos entram em contato com a atmosfera da Terra. E a atmosfera da Terra nesses locais muito mais altos, tipo, quil\u00f4metros e quil\u00f4metros de altura, \u00e9 muito quente. Isso gera uma combust\u00e3o e a\u00ed a gente enxerga esses pontos brilhantes.<\/p>\n<p>A boa not\u00edcia \u00e9 que a chuva de meteoros Delta Aqu\u00e1ridas Sul \u00e9 <strong>um fen\u00f4meno astron\u00f4mico anual<\/strong>. Ou seja, voltar\u00e1 a iluminar o c\u00e9u do Estado nos pr\u00f3ximos anos.<\/p>\n<p>Fireball<\/p>\n<p>Durante o seu pico de atividade, na madrugada desta quinta-feira, a chuva de meteoros veio acompanhada daquele que \u00e9 conhecido como fireball (bola de fogo, na tradu\u00e7\u00e3o livre).\u00a0<\/p>\n<p>Conforme o professor Carlos Fernando Jung, do Observat\u00f3rio Heller &amp; Jung, a passagem do meteorito durou cerca de 0.8 segundos.<\/p>\n<p>\u2014 O meteoro ingressou na atmosfera a 99 km de altitude e se extinguiu sobre a costa do RS, ao Sul a 80,7 Km de altitude \u2014 conta.<\/p>\n<p>Em outubro de 2024, outro meteoro do tipo fireball foi registrado sobre o c\u00e9u do Rio Grande do Sul. O <a href=\"https:\/\/gauchazh.clicrbs.com.br\/tecnologia\/noticia\/2024\/10\/pela-primeira-vez-em-oito-anos-meteoro-fireball-e-registrado-durante-o-dia-no-ceu-do-rs-veja-video-cm2lti21y002z013uhkjo1msn.html\" rel=\"nofollow noopener\" target=\"_blank\"><strong>primeiro em oito anos<\/strong><\/a>.<\/p>\n<p>Dicas para observar<\/p>\n<p>Quanto menor a luminosidade no ambiente, melhor ser\u00e1 a visualiza\u00e7\u00e3o da chuva de meteoros. Gabriel Soares destaca que a visibilidade pode ser afetada em centros urbanos, como o centro de Porto Alegre, por exemplo.<\/p>\n<p>Por isso, quem deseja observar os meteoros deve buscar um lugar onde h\u00e1 pouca luz, afastado da cidade.<\/p>\n<p><strong>Calend\u00e1rio astron\u00f4mico de 2025<\/strong><\/p>\n<p>Eclipses<\/p>\n<p>Em 2025, o fen\u00f4meno acontece <strong>quatro vezes<\/strong>, tanto na forma solar quanto na lunar. A diferen\u00e7a est\u00e1 na posi\u00e7\u00e3o dos astros.<\/p>\n<p>No <a href=\"https:\/\/gauchazh.clicrbs.com.br\/tecnologia\/noticia\/2025\/03\/eclipse-solar-em-2025-onde-sera-visivel-e-como-assistir-ao-fenomeno-cm8t1mag5004m01lf69abzceq.html\" rel=\"nofollow noopener\" target=\"_blank\"><strong>eclipse solar,<\/strong><\/a> a Lua est\u00e1 posicionada entre a Terra e o Sol. No momento do alinhamento entre os corpos celestes, o sat\u00e9lite consegue <strong>&#8220;tapar&#8221;<\/strong> o brilho solar, escurecendo os c\u00e9us parcial ou totalmente.<\/p>\n<p>J\u00e1 no<a href=\"https:\/\/gauchazh.clicrbs.com.br\/tecnologia\/noticia\/2025\/03\/lua-de-sangue-veja-como-foi-o-eclipse-lunar-no-rs-cm88mt4u701ck014ltdfv75af.html\" rel=\"nofollow noopener\" target=\"_blank\"><strong> eclipse lunar<\/strong><\/a>, a disposi\u00e7\u00e3o \u00e9 ao contr\u00e1rio: \u00e9 a Terra que est\u00e1 entre o Sol e a Lua. Nesses casos, grande parte da luz solar<strong> passa pela atmosfera<\/strong> e atinge a superf\u00edcie da estrela que orbita nossa planeta.<\/p>\n<p>Quando a Lua se move para a parte interna da sombra da Terra, o brilho do Sol ilumina a <strong>superf\u00edcie lunar por completo<\/strong>.<\/p>\n<p>J\u00e1 aconteceram dois eclipses em 2025. Os restantes ocorrem nas seguintes datas:<\/p>\n<ul>\n<li class=\"unordered-list-item\"><strong>7 a 8 de setembro: <\/strong>Eclipse lunar total (n\u00e3o vis\u00edvel no Brasil)<\/li>\n<li class=\"unordered-list-item\"><strong>21 de setembro: <\/strong>Eclipse solar parcial (n\u00e3o vis\u00edvel no Brasil)<\/li>\n<\/ul>\n<p>Superluas<\/p>\n<p>A superlua ocorre quando a Lua Cheia coincide com o perigeu, seu ponto de \u00f3rbita mais pr\u00f3ximo da Terra, o que a torna cerca de <strong>14% maior<\/strong> e <strong>30% mais brilhante<\/strong> do que uma Lua Cheia comum.<\/p>\n<p>Em 2025, o evento deve acontecer tr\u00eas vezes, nos dia<strong>s 6 de outubro<\/strong>, <strong>5 de novembro<\/strong> e <strong>4 de dezembro<\/strong>.<\/p>\n<p>Cometas<\/p>\n<p>Ap\u00f3s a passagem do C\/2023 A3 Tsuchinshan-ATLAS, conhecido como &#8220;cometa do s\u00e9culo&#8221;, em 2024, ser\u00e1 poss\u00edvel observar outros tr\u00eas fen\u00f4menos do tipo neste ano. Um j\u00e1 ocorreu, em fevereiro. Restam dois:<\/p>\n<ul>\n<li class=\"unordered-list-item\"><strong>210P\/Christensen: <\/strong>o per\u00edodo de visibilidade ser\u00e1 de outubro a dezembro, sendo vis\u00edvel por meio de telesc\u00f3pios.<\/li>\n<li class=\"unordered-list-item\"><strong>24P\/Schaumasse: <\/strong>ser\u00e1 necess\u00e1rio o uso de pequenos telesc\u00f3pios para visualizar o cometa previsto para os meses de dezembro a janeiro de 2026<\/li>\n<\/ul>\n<p><strong>*Produ\u00e7\u00e3o: Lucas de Oliveira<\/strong><\/p>\n","protected":false},"excerpt":{"rendered":"Pico do fen\u00f4meno foi registrado pelo Observat\u00f3rio Heller &amp; Jung.Observat\u00f3rio Heller &amp; Jung \/ Divulga\u00e7\u00e3o Mais de mil&hellip;\n","protected":false},"author":2,"featured_media":10390,"comment_status":"","ping_status":"","sticky":false,"template":"","format":"standard","meta":{"footnotes":""},"categories":[84],"tags":[443,109,107,108,32,33,105,103,104,106,110,578],"class_list":{"0":"post-10389","1":"post","2":"type-post","3":"status-publish","4":"format-standard","5":"has-post-thumbnail","7":"category-ciencia-e-tecnologia","8":"tag-astronomia","9":"tag-ciencia","10":"tag-ciencia-e-tecnologia","11":"tag-cienciaetecnologia","12":"tag-portugal","13":"tag-pt","14":"tag-science","15":"tag-science-and-technology","16":"tag-scienceandtechnology","17":"tag-technology","18":"tag-tecnologia","19":"tag-video"},"share_on_mastodon":{"url":"","error":""},"_links":{"self":[{"href":"https:\/\/www.europesays.com\/pt\/wp-json\/wp\/v2\/posts\/10389","targetHints":{"allow":["GET"]}}],"collection":[{"href":"https:\/\/www.europesays.com\/pt\/wp-json\/wp\/v2\/posts"}],"about":[{"href":"https:\/\/www.europesays.com\/pt\/wp-json\/wp\/v2\/types\/post"}],"author":[{"embeddable":true,"href":"https:\/\/www.europesays.com\/pt\/wp-json\/wp\/v2\/users\/2"}],"replies":[{"embeddable":true,"href":"https:\/\/www.europesays.com\/pt\/wp-json\/wp\/v2\/comments?post=10389"}],"version-history":[{"count":0,"href":"https:\/\/www.europesays.com\/pt\/wp-json\/wp\/v2\/posts\/10389\/revisions"}],"wp:featuredmedia":[{"embeddable":true,"href":"https:\/\/www.europesays.com\/pt\/wp-json\/wp\/v2\/media\/10390"}],"wp:attachment":[{"href":"https:\/\/www.europesays.com\/pt\/wp-json\/wp\/v2\/media?parent=10389"}],"wp:term":[{"taxonomy":"category","embeddable":true,"href":"https:\/\/www.europesays.com\/pt\/wp-json\/wp\/v2\/categories?post=10389"},{"taxonomy":"post_tag","embeddable":true,"href":"https:\/\/www.europesays.com\/pt\/wp-json\/wp\/v2\/tags?post=10389"}],"curies":[{"name":"wp","href":"https:\/\/api.w.org\/{rel}","templated":true}]}}