{"id":103903,"date":"2025-10-09T18:31:08","date_gmt":"2025-10-09T18:31:08","guid":{"rendered":"https:\/\/www.europesays.com\/pt\/103903\/"},"modified":"2025-10-09T18:31:08","modified_gmt":"2025-10-09T18:31:08","slug":"familia-de-liliana-partilha-pronunciamento-sobre-toda-a-polemica-ninguem-e-perfeito","status":"publish","type":"post","link":"https:\/\/www.europesays.com\/pt\/103903\/","title":{"rendered":"Fam\u00edlia de Liliana partilha &#8220;pronunciamento&#8221; sobre toda a pol\u00e9mica: &#8220;Ningu\u00e9m \u00e9 perfeito&#8230;&#8221;"},"content":{"rendered":"<p>\t\t\t\t\t\t\t\t\t\t\t\t\t\tLiliana viu o seu segredo ser descoberto mais cedo do que esperava, durante o \u201cEspecial\u201d do \u2018Secret Story\u2019 de quarta-feira, 8 de outubro.<\/p>\n<p>Depois de saberem o verdadeiro segredo da jovem de 24 anos \u2013 \u201cFui pedida em casamento na gala de estreia\u201d \u2013 a maioria dos concorrentes n\u00e3o escondeu o inc\u00f3modo e choque pelas atitudes de Liliana na casa, com F\u00e1bio.<\/p>\n<p>Apesar da fam\u00edlia de Liliana continuar em sil\u00eancio sobre tudo o que tem ocorrido na casa mais vigiada do pa\u00eds, utilizou o pronunciamento de alguns amigos e f\u00e3s, para quebrar o sil\u00eancio.<\/p>\n<p>Quem gere as redes sociais de Liliana, partilhou na sua conta oficial o seguinte texto:<strong> \u201cNem sempre \u00e9 f\u00e1cil estar sob o olhar de todos, muito menos quando cada gesto, palavra ou emo\u00e7\u00e3o \u00e9 analisada e julgada. A Liliana tem mostrado for\u00e7a, autenticidade e coragem dentro da casa, qualidades que, infelizmente, nem sempre s\u00e3o valorizadas num ambiente t\u00e3o exposto<\/strong>\u201c.<\/p>\n<p>No \u201cpronunciamento\u201d, como \u00e9 intitulado, pode ler-se ainda: <strong>\u201cA verdade \u00e9 que ningu\u00e9m \u00e9 perfeito, todos erramos, todos sentimos, todos temos dias bons e maus. Mas o mais importante \u00e9 continuar a ser verdadeiro e fiel a si pr\u00f3prio e nisso a Liliana tem sido exemplar. O \u00f3dio gratuito n\u00e3o constr\u00f3i nada\u201d<\/strong>.<\/p>\n<p><strong>\u201cO respeito e a empatia fazem toda a diferen\u00e7a. Eu continuo a apoiar a Liliana, porque acredito nela, na sua ess\u00eancia e no seu cora\u00e7\u00e3o. Vamos espalhar mais amor e menos \u00f3dio\u201d \u2013<\/strong> remataram.<\/p>\n<p>Veja aqui:<\/p>\n<p><img loading=\"lazy\" decoding=\"async\" class=\"alignnone size-full wp-image-642392\" src=\"https:\/\/www.europesays.com\/pt\/wp-content\/uploads\/2025\/10\/liliana-pronunciamento.png\" alt=\"\" width=\"807\" height=\"536\"  \/><\/p>\n","protected":false},"excerpt":{"rendered":"Liliana viu o seu segredo ser descoberto mais cedo do que esperava, durante o \u201cEspecial\u201d do \u2018Secret Story\u2019&hellip;\n","protected":false},"author":2,"featured_media":103904,"comment_status":"","ping_status":"","sticky":false,"template":"","format":"standard","meta":{"footnotes":""},"categories":[145],"tags":[2632,211,210,114,115,19016,32,12789,33,16686,162,24623],"class_list":{"0":"post-103903","1":"post","2":"type-post","3":"status-publish","4":"format-standard","5":"has-post-thumbnail","7":"category-celebridades","8":"tag-casa-dos-segredos","9":"tag-celebridades","10":"tag-celebrities","11":"tag-entertainment","12":"tag-entretenimento","13":"tag-liliana","14":"tag-portugal","15":"tag-pronunciamento","16":"tag-pt","17":"tag-secret-story-9","18":"tag-tvi","19":"tag-zu00e9"},"share_on_mastodon":{"url":"","error":""},"_links":{"self":[{"href":"https:\/\/www.europesays.com\/pt\/wp-json\/wp\/v2\/posts\/103903","targetHints":{"allow":["GET"]}}],"collection":[{"href":"https:\/\/www.europesays.com\/pt\/wp-json\/wp\/v2\/posts"}],"about":[{"href":"https:\/\/www.europesays.com\/pt\/wp-json\/wp\/v2\/types\/post"}],"author":[{"embeddable":true,"href":"https:\/\/www.europesays.com\/pt\/wp-json\/wp\/v2\/users\/2"}],"replies":[{"embeddable":true,"href":"https:\/\/www.europesays.com\/pt\/wp-json\/wp\/v2\/comments?post=103903"}],"version-history":[{"count":0,"href":"https:\/\/www.europesays.com\/pt\/wp-json\/wp\/v2\/posts\/103903\/revisions"}],"wp:featuredmedia":[{"embeddable":true,"href":"https:\/\/www.europesays.com\/pt\/wp-json\/wp\/v2\/media\/103904"}],"wp:attachment":[{"href":"https:\/\/www.europesays.com\/pt\/wp-json\/wp\/v2\/media?parent=103903"}],"wp:term":[{"taxonomy":"category","embeddable":true,"href":"https:\/\/www.europesays.com\/pt\/wp-json\/wp\/v2\/categories?post=103903"},{"taxonomy":"post_tag","embeddable":true,"href":"https:\/\/www.europesays.com\/pt\/wp-json\/wp\/v2\/tags?post=103903"}],"curies":[{"name":"wp","href":"https:\/\/api.w.org\/{rel}","templated":true}]}}