{"id":103905,"date":"2025-10-09T18:32:23","date_gmt":"2025-10-09T18:32:23","guid":{"rendered":"https:\/\/www.europesays.com\/pt\/103905\/"},"modified":"2025-10-09T18:32:23","modified_gmt":"2025-10-09T18:32:23","slug":"cor-que-esta-dominando-salas-de-estar-em-2025-e-que-brasileiros-40-estao-amando","status":"publish","type":"post","link":"https:\/\/www.europesays.com\/pt\/103905\/","title":{"rendered":"Cor que est\u00e1 dominando salas de estar em 2025 \u2014 e que brasileiros 40+ est\u00e3o amando"},"content":{"rendered":"<p>\t\t<a href=\"http:\/\/www.facebook.com\/sharer\/sharer.php?u=https:\/\/www.diariodocentrodomundo.com.br\/essencial\/cor-que-esta-dominando-salas-de-estar-em-2025-e-que-brasileiros-40-estao-amando\/\" target=\"_blank\" class=\"facebook-share\" rel=\"nofollow noopener\"><\/a><br \/>\n\t\t<a href=\"https:\/\/twitter.com\/share?url=https:\/\/www.diariodocentrodomundo.com.br\/essencial\/cor-que-esta-dominando-salas-de-estar-em-2025-e-que-brasileiros-40-estao-amando\/\" target=\"_blank\" class=\"twitter-share\" rel=\"nofollow noopener\"><\/a><br \/>\n\t\t<a href=\"#\" class=\"whatsapp-share\" data-url=\"https:\/\/www.diariodocentrodomundo.com.br\/essencial\/cor-que-esta-dominando-salas-de-estar-em-2025-e-que-brasileiros-40-estao-amando\/\" data-title=\"Cor que est\u00e1 dominando salas de estar em 2025 \u2014 e que brasileiros 40+ est\u00e3o amando\"><\/a><br \/>\n\t<a href=\"https:\/\/www.linkedin.com\/sharing\/share-offsite\/?url=https:\/\/www.diariodocentrodomundo.com.br\/essencial\/cor-que-esta-dominando-salas-de-estar-em-2025-e-que-brasileiros-40-estao-amando\/\" target=\"_blank\" class=\"linkedin-share\" rel=\"nofollow noopener\"><\/a><br \/>\n   <a href=\"https:\/\/www.threads.net\/intent\/post?text=Cor+que+est%C3%A1+dominando+salas+de+estar+em+2025+%E2%80%94+e+que+brasileiros+40%2B+est%C3%A3o+amando&amp;url=https%3A%2F%2Fwww.diariodocentrodomundo.com.br%2Fessencial%2Fcor-que-esta-dominando-salas-de-estar-em-2025-e-que-brasileiros-40-estao-amando%2F\" target=\"_blank\" class=\"threads-share\" rel=\"nofollow noopener\"><img decoding=\"async\" class=\"threads-icon perfmatters-lazy\" src=\"https:\/\/www.diariodocentrodomundo.com.br\/wp-content\/themes\/Newsmag\/images\/icons\/threads.svg\"\/><\/a> <\/p>\n<p>            <img fetchpriority=\"high\" decoding=\"async\" class=\"size-full wp-image-1471343\" src=\"https:\/\/www.europesays.com\/pt\/wp-content\/uploads\/2025\/10\/cor-verde-salvia.png\" alt=\"Parede verde s\u00e1lvia\" width=\"1000\" height=\"560\"  \/>Parede verde s\u00e1lvia \u2013 Reprodu\u00e7\u00e3o<\/p>\n<p>A cor do momento nas salas de estar brasileiras \u00e9 o\u00a0verde s\u00e1lvia. Suave e elegante, o tom tem sido apontado por arquitetos como o favorito de 2025, especialmente entre pessoas acima dos 40 anos que buscam ambientes calmos e acolhedores. O verde s\u00e1lvia combina bem com m\u00f3veis de madeira, tecidos naturais e ilumina\u00e7\u00e3o quente.<\/p>\n<p>Sua tonalidade traz a sensa\u00e7\u00e3o de equil\u00edbrio, ideal para quem deseja um espa\u00e7o mais tranquilo sem abrir m\u00e3o de sofistica\u00e7\u00e3o. Segundo o relat\u00f3rio anual da Pantone, tons que remetem \u00e0 natureza est\u00e3o em alta em todo o mundo. No Brasil, a tend\u00eancia ganhou for\u00e7a pela necessidade de bem-estar e conex\u00e3o com o lar, algo valorizado ap\u00f3s os anos de pandemia.<\/p>\n<p>Decoradores indicam o uso da cor nas paredes, mas tamb\u00e9m em almofadas, cortinas e objetos decorativos. Ela se adapta tanto a estilos modernos quanto retr\u00f4s. Al\u00e9m do apelo est\u00e9tico, o verde s\u00e1lvia tem um efeito psicol\u00f3gico de relaxamento, tornando-se perfeito para quem busca conforto visual e emocional dentro de casa.<\/p>\n<p>        <script async src=\"https:\/\/platform.twitter.com\/widgets.js\" charset=\"utf-8\"><\/script><\/p>\n","protected":false},"excerpt":{"rendered":"Parede verde s\u00e1lvia \u2013 Reprodu\u00e7\u00e3o A cor do momento nas salas de estar brasileiras \u00e9 o\u00a0verde s\u00e1lvia. Suave&hellip;\n","protected":false},"author":2,"featured_media":103906,"comment_status":"","ping_status":"","sticky":false,"template":"","format":"standard","meta":{"footnotes":""},"categories":[144],"tags":[207,205,206,203,201,202,204,114,115,32,33],"class_list":{"0":"post-103905","1":"post","2":"type-post","3":"status-publish","4":"format-standard","5":"has-post-thumbnail","7":"category-arte-e-design","8":"tag-arte","9":"tag-arte-e-design","10":"tag-artedesign","11":"tag-arts","12":"tag-arts-and-design","13":"tag-artsanddesign","14":"tag-design","15":"tag-entertainment","16":"tag-entretenimento","17":"tag-portugal","18":"tag-pt"},"share_on_mastodon":{"url":"","error":""},"_links":{"self":[{"href":"https:\/\/www.europesays.com\/pt\/wp-json\/wp\/v2\/posts\/103905","targetHints":{"allow":["GET"]}}],"collection":[{"href":"https:\/\/www.europesays.com\/pt\/wp-json\/wp\/v2\/posts"}],"about":[{"href":"https:\/\/www.europesays.com\/pt\/wp-json\/wp\/v2\/types\/post"}],"author":[{"embeddable":true,"href":"https:\/\/www.europesays.com\/pt\/wp-json\/wp\/v2\/users\/2"}],"replies":[{"embeddable":true,"href":"https:\/\/www.europesays.com\/pt\/wp-json\/wp\/v2\/comments?post=103905"}],"version-history":[{"count":0,"href":"https:\/\/www.europesays.com\/pt\/wp-json\/wp\/v2\/posts\/103905\/revisions"}],"wp:featuredmedia":[{"embeddable":true,"href":"https:\/\/www.europesays.com\/pt\/wp-json\/wp\/v2\/media\/103906"}],"wp:attachment":[{"href":"https:\/\/www.europesays.com\/pt\/wp-json\/wp\/v2\/media?parent=103905"}],"wp:term":[{"taxonomy":"category","embeddable":true,"href":"https:\/\/www.europesays.com\/pt\/wp-json\/wp\/v2\/categories?post=103905"},{"taxonomy":"post_tag","embeddable":true,"href":"https:\/\/www.europesays.com\/pt\/wp-json\/wp\/v2\/tags?post=103905"}],"curies":[{"name":"wp","href":"https:\/\/api.w.org\/{rel}","templated":true}]}}