{"id":103908,"date":"2025-10-09T18:35:08","date_gmt":"2025-10-09T18:35:08","guid":{"rendered":"https:\/\/www.europesays.com\/pt\/103908\/"},"modified":"2025-10-09T18:35:08","modified_gmt":"2025-10-09T18:35:08","slug":"john-lennon-desconfiava-ter-telefone-grampeado-pelo-governo-nixon","status":"publish","type":"post","link":"https:\/\/www.europesays.com\/pt\/103908\/","title":{"rendered":"John Lennon desconfiava ter telefone grampeado pelo governo Nixon"},"content":{"rendered":"<p>John Lennon tinha receio de que pudesse estar sendo monitorado durante o governo Nixon e quase descartou um de seus \u00e1lbuns solo Walls and Bridges, de 1974. Foi o que revelou uma entrevista &#8220;perdida&#8221; concedida pelo ex-Beatle cinco anos antes de sua morte ao DJ ingl\u00eas Nicky Horne.<\/p>\n<p>O m\u00fasico completaria 85 anos nesta quinta, 9, e, por conta da data, Horne resolveu dar mais detalhes sobre a conversa na esta\u00e7\u00e3o Boom Radio, do Reino Unido.<\/p>\n<p>\u00c0 \u00e9poca, o DJ tinha 24 anos e havia viajado a Nova York especialmente para entrevistar Lennon. Horne revelou que estava nervoso com a ocasi\u00e3o, j\u00e1 que estaria frente a frente com seu Beatle favorito, mas que, chegando ao edif\u00edcio Dakota, onde o cantor morava com Yoko Ono, Lennon disse que havia preparado biscoitos de chocolate para ele.<\/p>\n<p>O m\u00fasico passou a contar sobre sua desconfian\u00e7a em ter seu telefone grampeado pela CIA &#8211; \u00e0 \u00e9poca, Horne foi chamado de &#8220;ing\u00eanuo&#8221; por ter acreditado no cantor.<\/p>\n<p>Anos depois, por\u00e9m, a Lei Americana de Liberdade de Informa\u00e7\u00e3o revelou que, realmente, Lennon tinha seu telefone monitorado, estava sendo seguido e o governo norte-americano queria deport\u00e1-lo.<\/p>\n<p>\u00c0 \u00e9poca, o cantor associou o seu ativismo antiguerra com a persegui\u00e7\u00e3o, segundo o The Guardian. &#8220;Eu sei a diferen\u00e7a entre o telefone estar normal quando eu o pego e, toda vez que eu o pego h\u00e1 muitos ru\u00eddos&#8221;, contou ele.<\/p>\n<p>Lennon tamb\u00e9m comentou ocasi\u00f5es em que desconfiava estar sendo seguido por um carro. &#8220;Eu abria a porta e havia caras parados do outro lado da rua. Eu entrava num carro e eles me seguiam de carro, sem se esconderem&#8221;, disse.<\/p>\n<p>Segundo ele, a persegui\u00e7\u00e3o tamb\u00e9m aconteceu com outros astros do rock, como Mick Jagger e Keith Richards.<\/p>\n<p>Sobre quase ter descartado Walls and Bridges, o m\u00fasico afirmou que &#8220;n\u00e3o suportava ouvir&#8221; as fitas de grava\u00e7\u00e3o do disco. Ele, por\u00e9m, foi estimulado por amigos para lan\u00e7ar o \u00e1lbum.<\/p>\n<p>Walls and Bridges recebeu um disco de ouro pelo sucesso em vendas e foi escrito durante uma breve separa\u00e7\u00e3o entre Lennon e Yoko.<\/p>\n<p>Lennon foi assassinado aos 40 anos por um f\u00e3 no dia 8 de dezembro de 1980 no Edif\u00edcio Dakota.<\/p>\n<p>Ele n\u00e3o escondia sua &#8220;rixa&#8221; com Nixon e chegou a lan\u00e7ar diversas m\u00fasicas falando sobre o ex-presidente dos EUA, como Gimme Some Truth e Instant Karma! (We All Shine On).<\/p>\n","protected":false},"excerpt":{"rendered":"John Lennon tinha receio de que pudesse estar sendo monitorado durante o governo Nixon e quase descartou um&hellip;\n","protected":false},"author":2,"featured_media":103909,"comment_status":"","ping_status":"","sticky":false,"template":"","format":"standard","meta":{"footnotes":""},"categories":[141],"tags":[114,115,25048,149,150,25113,32,33],"class_list":{"0":"post-103908","1":"post","2":"type-post","3":"status-publish","4":"format-standard","5":"has-post-thumbnail","7":"category-musica","8":"tag-entertainment","9":"tag-entretenimento","10":"tag-john-lennon","11":"tag-music","12":"tag-musica","13":"tag-nixon","14":"tag-portugal","15":"tag-pt"},"share_on_mastodon":{"url":"","error":""},"_links":{"self":[{"href":"https:\/\/www.europesays.com\/pt\/wp-json\/wp\/v2\/posts\/103908","targetHints":{"allow":["GET"]}}],"collection":[{"href":"https:\/\/www.europesays.com\/pt\/wp-json\/wp\/v2\/posts"}],"about":[{"href":"https:\/\/www.europesays.com\/pt\/wp-json\/wp\/v2\/types\/post"}],"author":[{"embeddable":true,"href":"https:\/\/www.europesays.com\/pt\/wp-json\/wp\/v2\/users\/2"}],"replies":[{"embeddable":true,"href":"https:\/\/www.europesays.com\/pt\/wp-json\/wp\/v2\/comments?post=103908"}],"version-history":[{"count":0,"href":"https:\/\/www.europesays.com\/pt\/wp-json\/wp\/v2\/posts\/103908\/revisions"}],"wp:featuredmedia":[{"embeddable":true,"href":"https:\/\/www.europesays.com\/pt\/wp-json\/wp\/v2\/media\/103909"}],"wp:attachment":[{"href":"https:\/\/www.europesays.com\/pt\/wp-json\/wp\/v2\/media?parent=103908"}],"wp:term":[{"taxonomy":"category","embeddable":true,"href":"https:\/\/www.europesays.com\/pt\/wp-json\/wp\/v2\/categories?post=103908"},{"taxonomy":"post_tag","embeddable":true,"href":"https:\/\/www.europesays.com\/pt\/wp-json\/wp\/v2\/tags?post=103908"}],"curies":[{"name":"wp","href":"https:\/\/api.w.org\/{rel}","templated":true}]}}