{"id":103910,"date":"2025-10-09T18:36:14","date_gmt":"2025-10-09T18:36:14","guid":{"rendered":"https:\/\/www.europesays.com\/pt\/103910\/"},"modified":"2025-10-09T18:36:14","modified_gmt":"2025-10-09T18:36:14","slug":"tracker-caramelo-chevrolet-leiloara-unidade-em-campanha-para-adocao-de-caes","status":"publish","type":"post","link":"https:\/\/www.europesays.com\/pt\/103910\/","title":{"rendered":"Tracker caramelo? Chevrolet leiloar\u00e1 unidade em campanha para ado\u00e7\u00e3o de c\u00e3es"},"content":{"rendered":"<p data-start=\"0\" data-end=\"259\">A Chevrolet do Brasil acaba de anunciar uma campanha inusitada em nome de uma causa nobre. \u00c9 o \u201cTracker Caramelo\u201d, uma unidade do SUV compacto pintada na mesma cor dos c\u00e3es sem ra\u00e7a definida que se tornaram \u00edcones da cultura brasileira nos \u00faltimos anos.<\/p>\n<p data-start=\"261\" data-end=\"735\">A a\u00e7\u00e3o envolve ainda o servi\u00e7o de streaming por assinatura Netflix, que lan\u00e7ou no \u00faltimo dia 8\/10, ter\u00e7a-feira, um filme de mesmo nome protagonizado pelo ator Rafael Vitti (Ver\u00e3o 90). No longa, Vitti interpreta Pedro, um chef de cozinha solit\u00e1rio que est\u00e1 prestes a realizar seu sonho de liderar um restaurante quando um diagn\u00f3stico inesperado vira tudo de cabe\u00e7a para baixo. \u00c9 nesse momento que ele conhece o personagem-t\u00edtulo, um cachorrinho vira-lata.<\/p>\n<p>                            <a href=\"http:\/\/motor1.uol.com.br\/photos\/913773\/tracker-caramelo-chevrolet-leiloara-unidade-para-incentivar-adocao-de-doguinhos\/#8277425_tracker-caramelo-chevrolet-leiloara-unidade-para-incentivar-adocao-de-doguinhos\" class=\"msnt-photo-thumb-gallery-main-photo-box\" rel=\"nofollow noopener\" target=\"_blank\"><\/p>\n<p>                                    <img decoding=\"async\" src=\"https:\/\/www.europesays.com\/pt\/wp-content\/uploads\/2025\/09\/16x9-tr.png\" loading=\"lazy\" alt=\"Tracker caramelo? Chevrolet leiloar\u00e1 unidade para incentivar ado\u00e7\u00e3o de doguinhos\" width=\"16\" height=\"9\"\/><\/p>\n<p>                            <\/a><\/p>\n<p>                                    7                                <\/p>\n<p>\n                            Fonte: Chevrolet                        <\/p>\n<p data-start=\"737\" data-end=\"1095\">O tom exclusivo do SUV foi definido de forma colaborativa a partir de 22.918 fotos de c\u00e3es enviadas \u00e0 <a href=\"https:\/\/motor1.uol.com.br\/chevrolet\/\" data-inline-widget=\"internal-links\" rel=\"nofollow noopener\" target=\"_blank\">Chevrolet<\/a> por tutores de todo o pa\u00eds. A mistura de cores criou o que a marca chama de \u201co tom mais caramelo do Brasil\u201d. Ainda segundo a fabricante, a unidade ser\u00e1 leiloada, e o valor arrecadado ser\u00e1 destinado a campanhas de ado\u00e7\u00e3o de c\u00e3es.<\/p>\n<p>                            <a href=\"http:\/\/motor1.uol.com.br\/photos\/912344\/teste-chevrolet-tracker-premier-2026\/#8253195_avaliacao-chevrolet-tracker-premier-2026-em-movimento\" class=\"msnt-photo-thumb-gallery-main-photo-box\" rel=\"nofollow noopener\" target=\"_blank\"><\/p>\n<p>                                    <img decoding=\"async\" src=\"https:\/\/www.europesays.com\/pt\/wp-content\/uploads\/2025\/09\/16x9-tr.png\" loading=\"lazy\" alt=\"Teste: Chevrolet Tracker Premier 2026 - em movimento\" width=\"16\" height=\"9\"\/><\/p>\n<p>                            <\/a><\/p>\n<p>                                    98                                <\/p>\n<p>\n                            Fonte: Motor1 Brasil                        <\/p>\n<p>Como \u00e9 o Tracker 2026?<\/p>\n<p data-start=\"1131\" data-end=\"1581\">Renovado para 2026, o <a href=\"https:\/\/motor1.uol.com.br\/chevrolet\/chevrolet-tracker\/\" data-inline-widget=\"internal-links\" rel=\"nofollow noopener\" target=\"_blank\">Tracker<\/a>\u00a0passou por uma reestiliza\u00e7\u00e3o de meia-vida que o aproximou dos novos SUVs da Chevrolet, especialmente do Equinox e do Blazer EV. Agora, traz far\u00f3is divididos em duas partes e grade dianteira mais destacada. A traseira mudou menos, recebendo apenas lanternas com novos elementos internos escurecidos e capa transl\u00facida. O novo visual tamb\u00e9m o aproxima da Montana, sua picape derivada.<\/p>\n<p data-start=\"1583\" data-end=\"1913\" data-is-last-node=\"\" data-is-only-node=\"\">Por dentro, o principal destaque \u00e9 a ado\u00e7\u00e3o de um novo conjunto de instrumentos. O Tracker 2026 \u00e9 equipado com central multim\u00eddia maior, integrada ao painel de instrumentos totalmente digital, seguindo o padr\u00e3o adotado na Spin e na S10 em suas reestiliza\u00e7\u00f5es mais recentes. O volante permanece o mesmo.<\/p>\n<p> <img decoding=\"async\" class=\"sizer\" draggable=\"false\" src=\"data:image\/png;base64,iVBORw0KGgoAAAANSUhEUgAAABAAAAAJCAYAAAA7KqwyAAAAGXRFWHRTb2Z0d2FyZQBBZG9iZSBJbWFnZVJlYWR5ccllPAAAABpJREFUeNpi\/P\/\/PwMlgImBQjBqwLAwACDAAOVfAw9\/ZDvcAAAAAElFTkSuQmCC\" alt=\"\"\/>                                                                           <\/p>\n<p class=\"comfort-title-large flex gap-spacing-sm-base items-center\">\n<p>\t\tQueremos a sua opini\u00e3o!\n\t<\/p>\n<p>O que voc\u00ea gostaria de ver no Motor1.com?<\/p>\n<p>\t\t<a href=\"https:\/\/motor1.uol.com.br\/survey\/2025\/\" rel=\"nofollow noopener\" target=\"_blank\"><br \/>\n\t\t\tResponda \u00e0 nossa pesquisa de 3 minutos.\t\t<\/a><\/p>\n<p class=\"compact-body-medium\">&#8211; Equipe do Motor1.com<\/p>\n","protected":false},"excerpt":{"rendered":"A Chevrolet do Brasil acaba de anunciar uma campanha inusitada em nome de uma causa nobre. \u00c9 o&hellip;\n","protected":false},"author":2,"featured_media":103911,"comment_status":"","ping_status":"","sticky":false,"template":"","format":"standard","meta":{"footnotes":""},"categories":[140],"tags":[25114,3471,114,115,147,148,146,32,33,9757],"class_list":{"0":"post-103910","1":"post","2":"type-post","3":"status-publish","4":"format-standard","5":"has-post-thumbnail","7":"category-filmes","8":"tag-chevrolet-tracker","9":"tag-curiosidades","10":"tag-entertainment","11":"tag-entretenimento","12":"tag-film","13":"tag-filmes","14":"tag-movies","15":"tag-portugal","16":"tag-pt","17":"tag-suv-crossover"},"share_on_mastodon":{"url":"","error":""},"_links":{"self":[{"href":"https:\/\/www.europesays.com\/pt\/wp-json\/wp\/v2\/posts\/103910","targetHints":{"allow":["GET"]}}],"collection":[{"href":"https:\/\/www.europesays.com\/pt\/wp-json\/wp\/v2\/posts"}],"about":[{"href":"https:\/\/www.europesays.com\/pt\/wp-json\/wp\/v2\/types\/post"}],"author":[{"embeddable":true,"href":"https:\/\/www.europesays.com\/pt\/wp-json\/wp\/v2\/users\/2"}],"replies":[{"embeddable":true,"href":"https:\/\/www.europesays.com\/pt\/wp-json\/wp\/v2\/comments?post=103910"}],"version-history":[{"count":0,"href":"https:\/\/www.europesays.com\/pt\/wp-json\/wp\/v2\/posts\/103910\/revisions"}],"wp:featuredmedia":[{"embeddable":true,"href":"https:\/\/www.europesays.com\/pt\/wp-json\/wp\/v2\/media\/103911"}],"wp:attachment":[{"href":"https:\/\/www.europesays.com\/pt\/wp-json\/wp\/v2\/media?parent=103910"}],"wp:term":[{"taxonomy":"category","embeddable":true,"href":"https:\/\/www.europesays.com\/pt\/wp-json\/wp\/v2\/categories?post=103910"},{"taxonomy":"post_tag","embeddable":true,"href":"https:\/\/www.europesays.com\/pt\/wp-json\/wp\/v2\/tags?post=103910"}],"curies":[{"name":"wp","href":"https:\/\/api.w.org\/{rel}","templated":true}]}}