{"id":103914,"date":"2025-10-09T18:38:13","date_gmt":"2025-10-09T18:38:13","guid":{"rendered":"https:\/\/www.europesays.com\/pt\/103914\/"},"modified":"2025-10-09T18:38:13","modified_gmt":"2025-10-09T18:38:13","slug":"ans-nega-restricao-a-realizacao-de-mamografia-para-mulheres-com-menos-de-50-anos","status":"publish","type":"post","link":"https:\/\/www.europesays.com\/pt\/103914\/","title":{"rendered":"ANS nega restri\u00e7\u00e3o \u00e0 realiza\u00e7\u00e3o de mamografia para mulheres com menos de 50 anos"},"content":{"rendered":"<p>Consulta p\u00fablica do \u00f3rg\u00e3o regulador dos planos de sa\u00fade gerou controv\u00e9rsia com entidades m\u00e9dicas e foi discutida em audi\u00eancia p\u00fablica nesta quinta-feira (9).<\/p>\n<p>Imagem<\/p>\n<p>A <strong>Ag\u00eancia Nacional de Sa\u00fade Suplementar (ANS)<\/strong> desmentiu informa\u00e7\u00f5es de que seria contr\u00e1ria \u00e0 realiza\u00e7\u00e3o de <strong>mamografia<\/strong> por mulheres com menos de 50 anos. Assessora do \u00f3rg\u00e3o, respons\u00e1vel por regulamentar os plano de sa\u00fade no Pa\u00eds, K\u00e1tia Curci participou de audi\u00eancia p\u00fablica da Comiss\u00e3o de Sa\u00fade da Assembleia Legislativa de Minas Gerais (ALMG), nesta quinta-feira (9\/10\/25).<\/p>\n<p>Bot\u00e3o<\/p>\n<p>Com o objetivo de discutir a realiza\u00e7\u00e3o de mamografia em mulheres a partir de 40 anos tanto na sa\u00fade suplementar como no <strong>Sistema \u00danico de Sa\u00fade (SUS)<\/strong>, a reuni\u00e3o demonstrou que a import\u00e2ncia da antecipa\u00e7\u00e3o da faixa et\u00e1ria alvo dos exames \u00e9 consenso entre os especialistas da \u00e1rea.\u00a0<\/p>\n<p>O deputado Arlen Santiago (Avante), que solicitou a audi\u00eancia, fez uma breve exposi\u00e7\u00e3o sobre os dados de <strong>c\u00e2ncer de mama no Brasil.<\/strong><\/p>\n<p>Cita\u00e7\u00e3o<\/p>\n<p>O parlamentar lembrou que a mamografia<strong> <\/strong>\u00e9 considerada o exame mais eficaz para detec\u00e7\u00e3o precoce do c\u00e2ncer de mama. Pesquisas demonstram que at\u00e9 23% das mortes causadas pela doen\u00e7a entre mulheres de 40 a 50 anos poderiam ser evitadas com a realiza\u00e7\u00e3o da mamografia preventiva, o que traria um impacto financeiro de R$ 100 milh\u00f5es anuais para o Estado.<\/p>\n<p>K\u00e1tia Cursi, da ANS, destacou que em nenhum momento o \u00f3rg\u00e3o pensou em restringir o acesso das mulheres \u00e0 mamografia, que deve ser feita sempre mediante prescri\u00e7\u00e3o m\u00e9dica. Segundo ela, foi disseminada na m\u00eddia uma compreens\u00e3o err\u00f4nea sobre a Consulta P\u00fablica 144, disponibilizada pela ag\u00eancia.\u00a0<\/p>\n<p>\u201cO objetivo da consulta foi instituir o <strong>Programa de Certifica\u00e7\u00e3o de Boas Pr\u00e1ticas em Aten\u00e7\u00e3o \u00e0 Sa\u00fade das Operadoras de Planos Privados de Assist\u00eancia \u00e0 Sa\u00fade<\/strong>. Nesse ponto, ela recomendava a busca ativa das pacientes entre 50 e 69 anos que n\u00e3o haviam realizado o exame, mas de forma alguma restringia a realiza\u00e7\u00e3o a partir dos 40 anos. Inclusive, para mulheres com fatores de alto risco, esse rastreamento pode acontecer antes disso\u201d, explicou.<\/p>\n<p>De acordo com Marco Matias, representante do Conselho Regional de Medicina (CRM), os benef\u00edcios da realiza\u00e7\u00e3o do exame em mulheres mais jovens j\u00e1 foi demonstrado, mas s\u00e3o necess\u00e1rias pol\u00edticas p\u00fablicas que assegurem a medida. \u201cN\u00e3o basta apenas a realiza\u00e7\u00e3o do exame, precisamos garantir que tamb\u00e9m sejam realizadas a bi\u00f3psia, a histologia e a imunohistoqu\u00edmica. Tamb\u00e9m \u00e9 importante garantir acesso a diversos profissionais respons\u00e1veis pelo cuidado, como mastologista, oncologista, radiologista, entre outros\u201d, disse.<\/p>\n<p>Imagem<\/p>\n<p>Gabriel Silva J\u00fanior, representante da Associa\u00e7\u00e3o M\u00e9dica de Minas Gerais, acredita que \u00e9 preciso ampliar o que se discute na <strong>campanha Outubro Rosa<\/strong>. \u201cComo m\u00e9dicos, al\u00e9m de diagnosticar e tratar, temos que levar informa\u00e7\u00f5es de promo\u00e7\u00e3o da sa\u00fade, por meio de exerc\u00edcios f\u00edsicos, dieta adequada. \u00c9 preciso criar condi\u00e7\u00f5es para a popula\u00e7\u00e3o realmente ter melhor qualidade de vida\u201d, frisou.<\/p>\n<p>A oncologista Aline Chaves, da Sociedade Brasileira de Oncologia Cl\u00ednica (SBOC), lembrou que os m\u00e9dicos da \u00e1rea t\u00eam contato com as pacientes quando elas j\u00e1 est\u00e3o com diagn\u00f3stico em m\u00e3os. \u201cO pior momento para um paciente oncol\u00f3gico \u00e9 quando ele tem um c\u00e2ncer e ainda n\u00e3o come\u00e7ou o tratamento. Investir em rastreamento precoce \u00e9 poder falar para a mulher que ela n\u00e3o precisar\u00e1 fazer quimioterapia porque o tumor est\u00e1 em est\u00e1gio inicial\u201d, salientou.<\/p>\n<p>A seguran\u00e7a dos profissionais que realizam exames de imagem tamb\u00e9m foi comentada na audi\u00eancia. Leandro Marcelo Prado, presidente do Conselho Regional de T\u00e9cnicos em Radiologia, falou da import\u00e2ncia de ter um programa de qualidade para os mam\u00f3grafos, o que permite avaliar se eles est\u00e3o adequadamente calibrados para evitar quantidade de radia\u00e7\u00e3o fora do padr\u00e3o. Estudos mostram que 3% dos equipamentos no Brasil s\u00e3o certificados.<\/p>\n<p>\u201c\u00c9 importante acompanhar toda a cadeia, desde a mulher que precisa fazer o exame at\u00e9 a qualidade desses equipamentos, mas n\u00e3o de forma punitiva. Tamb\u00e9m \u00e9 necess\u00e1rio oportunizar treinamento dos profissionais para operar os equipamentos em tempo h\u00e1bil\u201d disse.<\/p>\n<p>\u00c1udio<\/p>\n<p><strong>Cuidados em Minas Gerais<\/strong><\/p>\n<p>A representante da Secretaria de Estado de Sa\u00fade, Fernanda Vilarino Jorge, destacou a\u00e7\u00f5es em curso no Estado em rela\u00e7\u00e3o \u00e0 doen\u00e7a.<\/p>\n<p>Ela citou a chegada de novos 64 mam\u00f3grafos, que v\u00e3o operar em diferentes regionais de Minas Gerais. \u201cO programa <strong>Cuidar na Hora Certa<\/strong> busca acompanhar toda a jornada da mulher ao longo do cuidado, mas como a aten\u00e7\u00e3o \u00e9 regionalizada, contamos muito com as informa\u00e7\u00f5es do gestor municipal. A ideia \u00e9 que a mulher realize a bi\u00f3psia at\u00e9 60 dias ap\u00f3s a mamografia\u201d, relatou.<\/p>\n<p>A especialista tamb\u00e9m apresentou a iniciativa da implanta\u00e7\u00e3o do profissional integrador, que ser\u00e1 o agente que vai acompanhar a jornada da mamografia at\u00e9 a pun\u00e7\u00e3o. A ideia \u00e9 que esse profissional fa\u00e7a parte das equipes especializadas.\u00a0<\/p>\n","protected":false},"excerpt":{"rendered":"Consulta p\u00fablica do \u00f3rg\u00e3o regulador dos planos de sa\u00fade gerou controv\u00e9rsia com entidades m\u00e9dicas e foi discutida em&hellip;\n","protected":false},"author":2,"featured_media":103915,"comment_status":"","ping_status":"","sticky":false,"template":"","format":"standard","meta":{"footnotes":""},"categories":[86],"tags":[4501,6156,116,9695,6155,32,33,117],"class_list":{"0":"post-103914","1":"post","2":"type-post","3":"status-publish","4":"format-standard","5":"has-post-thumbnail","7":"category-saude","8":"tag-assembleia","9":"tag-gerais","10":"tag-health","11":"tag-legislativa","12":"tag-minas","13":"tag-portugal","14":"tag-pt","15":"tag-saude"},"share_on_mastodon":{"url":"","error":""},"_links":{"self":[{"href":"https:\/\/www.europesays.com\/pt\/wp-json\/wp\/v2\/posts\/103914","targetHints":{"allow":["GET"]}}],"collection":[{"href":"https:\/\/www.europesays.com\/pt\/wp-json\/wp\/v2\/posts"}],"about":[{"href":"https:\/\/www.europesays.com\/pt\/wp-json\/wp\/v2\/types\/post"}],"author":[{"embeddable":true,"href":"https:\/\/www.europesays.com\/pt\/wp-json\/wp\/v2\/users\/2"}],"replies":[{"embeddable":true,"href":"https:\/\/www.europesays.com\/pt\/wp-json\/wp\/v2\/comments?post=103914"}],"version-history":[{"count":0,"href":"https:\/\/www.europesays.com\/pt\/wp-json\/wp\/v2\/posts\/103914\/revisions"}],"wp:featuredmedia":[{"embeddable":true,"href":"https:\/\/www.europesays.com\/pt\/wp-json\/wp\/v2\/media\/103915"}],"wp:attachment":[{"href":"https:\/\/www.europesays.com\/pt\/wp-json\/wp\/v2\/media?parent=103914"}],"wp:term":[{"taxonomy":"category","embeddable":true,"href":"https:\/\/www.europesays.com\/pt\/wp-json\/wp\/v2\/categories?post=103914"},{"taxonomy":"post_tag","embeddable":true,"href":"https:\/\/www.europesays.com\/pt\/wp-json\/wp\/v2\/tags?post=103914"}],"curies":[{"name":"wp","href":"https:\/\/api.w.org\/{rel}","templated":true}]}}