{"id":103919,"date":"2025-10-09T18:45:08","date_gmt":"2025-10-09T18:45:08","guid":{"rendered":"https:\/\/www.europesays.com\/pt\/103919\/"},"modified":"2025-10-09T18:45:08","modified_gmt":"2025-10-09T18:45:08","slug":"estou-apaixonada-este-e-o-segredo-de-ana-guiomar-que-todos-querem-copiar-novelas","status":"publish","type":"post","link":"https:\/\/www.europesays.com\/pt\/103919\/","title":{"rendered":"\u00abEstou apaixonada\u00bb: este \u00e9 o segredo de Ana Guiomar que todos querem copiar &#8211; Novelas"},"content":{"rendered":"<p data-end=\"605\" data-start=\"225\">A atriz <a href=\"https:\/\/tvi.iol.pt\/novelas\/ana-guiomar\/tendencias\/vim-apaixonada-ana-guiomar-revela-nova-paixao\" rel=\"nofollow noopener\" target=\"_blank\"><strong data-end=\"248\" data-start=\"233\">Ana Guiomar<\/strong><\/a>, conhecida pela sua <strong data-end=\"314\" data-start=\"269\">boa disposi\u00e7\u00e3o, genuinidade e sinceridade<\/strong> nas redes sociais, partilhou recentemente um momento descontra\u00eddo que encantou os seguidores. Num <strong data-end=\"423\" data-start=\"413\">storie<\/strong> publicado, a atriz fez um <strong data-end=\"485\" data-start=\"450\">elogio entusi\u00e1stico a um pijama<\/strong> que estreou com a chegada do outono, mostrando como pequenos detalhes de conforto podem transformar um dia cansativo.<\/p>\n<p data-end=\"1128\" data-start=\"607\">Ana Guiomar explicou que, ap\u00f3s um <strong data-end=\"660\" data-start=\"633\">dia intenso de trabalho<\/strong>, a \u00fanica coisa que lhe apetecia era vestir algo confort\u00e1vel. O pijama escolhido conquistou-a de imediato:<br data-end=\"769\" data-start=\"766\"\/> <strong data-end=\"1125\" data-start=\"769\">\u00abNa rede vizinha at\u00e9 fiz um look para este pijama, estou apaixonada por isto! Estou muito contente porque eu cheguei a casa assim tipo morta, hoje nota-se n\u00e3o \u00e9, e estreei este pijama! J\u00e1 est\u00e1 um pouco de frio, e tem uma bolsinha igual, d\u00e1 para ir passear os c\u00e3es, ir \u00e0 bica\u2026 N\u00e3o vou trabalhar com isto por vergonha mas adorava que \u00e9 isto \u00e9 muito fofo\u00bb<\/strong>.<\/p>\n<p data-end=\"1438\" data-start=\"1130\">O pijama em quest\u00e3o \u00e9 <strong data-end=\"1203\" data-start=\"1152\">branco, com ursinhos espalhados por todo o lado<\/strong>, combinando <strong data-end=\"1253\" data-start=\"1216\">conforto, charme e funcionalidade<\/strong>.<\/p>\n<p data-end=\"1438\" data-start=\"1130\">Reveja aqui outro momento divertido da atriz durante um evento noturno no Ramalhal:<\/p>\n<p><strong>Veja aqui:<\/strong><\/p>\n<p><a href=\"https:\/\/tvi.iol.pt\/novelas\/maria-cerqueira-gomes\/multa\/que-susto-a-reacao-de-maria-cerqueira-gomes-apos-receber-uma-multa-muito-peculiar\" wbo-id=\"37\" rel=\"nofollow noopener\" target=\"_blank\">\u00abQue susto\u00bb: a rea\u00e7\u00e3o de Maria Cerqueira Gomes ap\u00f3s receber uma multa muito peculiar &#8211; Novelas &#8211; TVI<\/a><\/p>\n<p><a href=\"https:\/\/tvi.iol.pt\/novelas\/marta-melro\/alerta\/temos-uma-polemica-seria-marta-melro-lanca-alerta-sobre-questao-que-irrita-muitas-pessoas\" wbo-id=\"38\" rel=\"nofollow noopener\" target=\"_blank\">\u00abTemos uma pol\u00e9mica s\u00e9ria\u00bb: Marta Melro lan\u00e7a alerta sobre quest\u00e3o que irrita muitas pessoas &#8211; Novelas &#8211; TVI<\/a>\u00a0<\/p>\n","protected":false},"excerpt":{"rendered":"A atriz Ana Guiomar, conhecida pela sua boa disposi\u00e7\u00e3o, genuinidade e sinceridade nas redes sociais, partilhou recentemente um&hellip;\n","protected":false},"author":2,"featured_media":103920,"comment_status":"","ping_status":"","sticky":false,"template":"","format":"standard","meta":{"footnotes":""},"categories":[145],"tags":[160,211,210,25116,166,114,115,157,167,164,161,158,165,159,25115,32,33,156,163,162],"class_list":{"0":"post-103919","1":"post","2":"type-post","3":"status-publish","4":"format-standard","5":"has-post-thumbnail","7":"category-celebridades","8":"tag-ana-guiomar","9":"tag-celebridades","10":"tag-celebrities","11":"tag-conforto","12":"tag-cristina-ferreira","13":"tag-entertainment","14":"tag-entretenimento","15":"tag-festa-e-festa","16":"tag-ficcao","17":"tag-jose-fidalgo","18":"tag-novelas","19":"tag-para-sempre","20":"tag-pedro-sousa","21":"tag-pedro-teixeira","22":"tag-pijama","23":"tag-portugal","24":"tag-pt","25":"tag-queridos-papas","26":"tag-tiago-teotonio-pereira","27":"tag-tvi"},"share_on_mastodon":{"url":"","error":""},"_links":{"self":[{"href":"https:\/\/www.europesays.com\/pt\/wp-json\/wp\/v2\/posts\/103919","targetHints":{"allow":["GET"]}}],"collection":[{"href":"https:\/\/www.europesays.com\/pt\/wp-json\/wp\/v2\/posts"}],"about":[{"href":"https:\/\/www.europesays.com\/pt\/wp-json\/wp\/v2\/types\/post"}],"author":[{"embeddable":true,"href":"https:\/\/www.europesays.com\/pt\/wp-json\/wp\/v2\/users\/2"}],"replies":[{"embeddable":true,"href":"https:\/\/www.europesays.com\/pt\/wp-json\/wp\/v2\/comments?post=103919"}],"version-history":[{"count":0,"href":"https:\/\/www.europesays.com\/pt\/wp-json\/wp\/v2\/posts\/103919\/revisions"}],"wp:featuredmedia":[{"embeddable":true,"href":"https:\/\/www.europesays.com\/pt\/wp-json\/wp\/v2\/media\/103920"}],"wp:attachment":[{"href":"https:\/\/www.europesays.com\/pt\/wp-json\/wp\/v2\/media?parent=103919"}],"wp:term":[{"taxonomy":"category","embeddable":true,"href":"https:\/\/www.europesays.com\/pt\/wp-json\/wp\/v2\/categories?post=103919"},{"taxonomy":"post_tag","embeddable":true,"href":"https:\/\/www.europesays.com\/pt\/wp-json\/wp\/v2\/tags?post=103919"}],"curies":[{"name":"wp","href":"https:\/\/api.w.org\/{rel}","templated":true}]}}