{"id":103923,"date":"2025-10-09T18:48:12","date_gmt":"2025-10-09T18:48:12","guid":{"rendered":"https:\/\/www.europesays.com\/pt\/103923\/"},"modified":"2025-10-09T18:48:12","modified_gmt":"2025-10-09T18:48:12","slug":"vale-tudo-oab-critica-novela-por-furo-de-roteiro-09-10-2025-outro-canal","status":"publish","type":"post","link":"https:\/\/www.europesays.com\/pt\/103923\/","title":{"rendered":"Vale Tudo: OAB critica novela por furo de roteiro &#8211; 09\/10\/2025 &#8211; Outro Canal"},"content":{"rendered":"<p>\n<strong class=\"c-signature__location\">Aracaju <\/strong>\n<\/p>\n<p>O Conselho Federal da OAB (Ordem dos Advogados do Brasil) fez uma cr\u00edtica ao roteiro da novela <a href=\"https:\/\/f5.folha.uol.com.br\/colunistas\/outro-canal\/2025\/10\/vale-tudo-globo-fara-reuniao-final-para-definir-assassino-de-odete-roitman.shtml\" rel=\"nofollow noopener\" target=\"\">&#8220;Vale Tudo&#8221;<\/a>, que est\u00e1 em reta final no hor\u00e1rio das nove da <a href=\"https:\/\/www1.folha.uol.com.br\/folha-topicos\/globo\/\" rel=\"nofollow noopener\" target=\"_blank\">Globo<\/a>. O \u00f3rg\u00e3o se manifestou nas redes sociais e, depois, em nota enviada \u00e0 coluna, sobre a falta de advogados de defesa dos suspeitos de matar Odete Roitman (Debora Bloch).<\/p>\n<p>  <a href=\"https:\/\/f5.folha.uol.com.br\/colunistas\/outro-canal\/\" rel=\"nofollow noopener\" target=\"_blank\"><br \/>\n    <img decoding=\"async\" src=\"https:\/\/www.europesays.com\/pt\/wp-content\/uploads\/2025\/07\/172599691166e09f6f54fe2_1725996911_1x1_xs.jpg\" alt=\"Foto de Outro Canal\" class=\"img-responsive c-lazyload\"\/><\/p>\n<p>  <\/a><\/p>\n<p class=\"author__description\">\n    Cobre diariamente os bastidores das novelas, do telejornalismo e da m\u00eddia esportiva. Tem como titular o jornalista Gabriel Vaquer\n  <\/p>\n","protected":false},"excerpt":{"rendered":"Aracaju O Conselho Federal da OAB (Ordem dos Advogados do Brasil) fez uma cr\u00edtica ao roteiro da novela&hellip;\n","protected":false},"author":2,"featured_media":103924,"comment_status":"","ping_status":"","sticky":false,"template":"","format":"standard","meta":{"footnotes":""},"categories":[142],"tags":[2325,2813,219,7550,211,223,114,115,224,225,226,753,221,220,222,213,2926,2931,2927,32,33,218,228,151,2930,227],"class_list":{"0":"post-103923","1":"post","2":"type-post","3":"status-publish","4":"format-standard","5":"has-post-thumbnail","7":"category-tv","8":"tag-alexandre-nero","9":"tag-bella-campos","10":"tag-bichos","11":"tag-cau-reymond","12":"tag-celebridades","13":"tag-colunistas","14":"tag-entertainment","15":"tag-entretenimento","16":"tag-estranho","17":"tag-eu-amo","18":"tag-fofices","19":"tag-globo","20":"tag-horoscopo","21":"tag-humanos","22":"tag-humor","23":"tag-msica","24":"tag-malu-galli","25":"tag-novela","26":"tag-paolla-oliveira","27":"tag-portugal","28":"tag-pt","29":"tag-televisao","30":"tag-tudo","31":"tag-tv","32":"tag-vale-tudo-novela","33":"tag-videos"},"share_on_mastodon":{"url":"","error":""},"_links":{"self":[{"href":"https:\/\/www.europesays.com\/pt\/wp-json\/wp\/v2\/posts\/103923","targetHints":{"allow":["GET"]}}],"collection":[{"href":"https:\/\/www.europesays.com\/pt\/wp-json\/wp\/v2\/posts"}],"about":[{"href":"https:\/\/www.europesays.com\/pt\/wp-json\/wp\/v2\/types\/post"}],"author":[{"embeddable":true,"href":"https:\/\/www.europesays.com\/pt\/wp-json\/wp\/v2\/users\/2"}],"replies":[{"embeddable":true,"href":"https:\/\/www.europesays.com\/pt\/wp-json\/wp\/v2\/comments?post=103923"}],"version-history":[{"count":0,"href":"https:\/\/www.europesays.com\/pt\/wp-json\/wp\/v2\/posts\/103923\/revisions"}],"wp:featuredmedia":[{"embeddable":true,"href":"https:\/\/www.europesays.com\/pt\/wp-json\/wp\/v2\/media\/103924"}],"wp:attachment":[{"href":"https:\/\/www.europesays.com\/pt\/wp-json\/wp\/v2\/media?parent=103923"}],"wp:term":[{"taxonomy":"category","embeddable":true,"href":"https:\/\/www.europesays.com\/pt\/wp-json\/wp\/v2\/categories?post=103923"},{"taxonomy":"post_tag","embeddable":true,"href":"https:\/\/www.europesays.com\/pt\/wp-json\/wp\/v2\/tags?post=103923"}],"curies":[{"name":"wp","href":"https:\/\/api.w.org\/{rel}","templated":true}]}}