{"id":103927,"date":"2025-10-09T18:50:07","date_gmt":"2025-10-09T18:50:07","guid":{"rendered":"https:\/\/www.europesays.com\/pt\/103927\/"},"modified":"2025-10-09T18:50:07","modified_gmt":"2025-10-09T18:50:07","slug":"um-filme-minecraft-2-e-anunciado-com-data-de-estreia-e-poster","status":"publish","type":"post","link":"https:\/\/www.europesays.com\/pt\/103927\/","title":{"rendered":"Um Filme Minecraft 2 \u00e9 anunciado com data de estreia e p\u00f4ster"},"content":{"rendered":"<p>As salas de cinema j\u00e1 podem se preparar para a loucura novamente!\u00a0<strong>Um Filme Minecraft 2\u00a0<\/strong>\u00a0foi anunciado e j\u00e1 tem primeiro p\u00f4ster e data de lan\u00e7amento. A continua\u00e7\u00e3o do filme estrelado por <strong>Jack Black<\/strong> e <strong>Jason Momoa<\/strong> chegar\u00e1 aos cinemas em 23 de julho de 2027. Confira a primeira arte abaixo!<\/p>\n<p>      <strong>Tudo sobre\u00a0Um Filme Minecraft<\/strong><\/p>\n<p>Jason Momoa\u00a0(Aquaman) estrelou a adapta\u00e7\u00e3o de\u00a0Minecraft\u00a0ao lado de\u00a0Jack Black\u00a0(Escola de Rock).\u00a0Emma Myers\u00a0(Wandinha),\u00a0Jennifer Coolidge\u00a0(The White Lotus),\u00a0Danielle Brooks\u00a0(Pacificador)\u00a0e\u00a0Sebastian Eugene Hansen\u00a0(Luta por Justi\u00e7a)\u00a0completam o elenco.\u00a0<\/p>\n<p>Jared Hess\u00a0(Napoelon Dynamite) dirigiu, assumindo o cargo que j\u00e1 foi de\u00a0Shawn Levy\u00a0(Free Guy) e\u00a0Rob McElhenney\u00a0(It&#8217;s Always Sunny in Philadelphia). McElhenney assina o roteiro.<\/p>\n<p>A hist\u00f3ria acompanha quatro desajustados &#8211; Garrett \u201cThe Garbage Man\u201d Garrison (Momoa), Henry (Hansen), Natalie (Myers) e Dawn (Danielle Brooks) \u2013 envolvidos com seus problemas do dia a dia, de repente s\u00e3o transportados, por um misterioso portal, para Overworld: um bizarro pa\u00eds das maravilhas c\u00fabico onde impera a imagina\u00e7\u00e3o. Para voltar para casa, eles v\u00e3o ter que dominar este mundo (e proteg\u00ea-lo de criaturas malignas como Piglins e Zumbis) enquanto embarcam em uma miss\u00e3o m\u00e1gica com um experiente construtor imprevis\u00edvel, Steve (Black).<\/p>\n<p>Lan\u00e7ado em 2011,\u00a0Minecraft\u00a0\u00e9 um jogo de sobreviv\u00eancia e constru\u00e7\u00e3o que se popularizou em grande parte gra\u00e7as ao seu sucesso no YouTube. Com mais de 100 milh\u00f5es de usu\u00e1rios alcan\u00e7ados, ele levou sua desenvolvedora, a\u00a0Mojang, a ser adquirida pela Microsoft por US$ 2.5 bilh\u00f5es. Em 2023,\u00a0Minecraft\u00a0tem 140 milh\u00f5es de jogadores mensais, e at\u00e9 hoje o jogo vendeu mais de 300 milh\u00f5es de unidades. Levando essa m\u00e9trica em conta, ele \u00e9 o jogo mais vendido da hist\u00f3ria da ind\u00fastria dos videogames.<\/p>\n<p><strong>Um Filme Minecraft<\/strong> est\u00e1 dispon\u00edvel para streaming na <strong>HBO Max<\/strong>.<\/p>\n<p>\u00a0<\/p>\n","protected":false},"excerpt":{"rendered":"As salas de cinema j\u00e1 podem se preparar para a loucura novamente!\u00a0Um Filme Minecraft 2\u00a0\u00a0foi anunciado e j\u00e1&hellip;\n","protected":false},"author":2,"featured_media":103928,"comment_status":"","ping_status":"","sticky":false,"template":"","format":"standard","meta":{"footnotes":""},"categories":[140],"tags":[114,115,147,148,146,32,33],"class_list":{"0":"post-103927","1":"post","2":"type-post","3":"status-publish","4":"format-standard","5":"has-post-thumbnail","7":"category-filmes","8":"tag-entertainment","9":"tag-entretenimento","10":"tag-film","11":"tag-filmes","12":"tag-movies","13":"tag-portugal","14":"tag-pt"},"share_on_mastodon":{"url":"","error":""},"_links":{"self":[{"href":"https:\/\/www.europesays.com\/pt\/wp-json\/wp\/v2\/posts\/103927","targetHints":{"allow":["GET"]}}],"collection":[{"href":"https:\/\/www.europesays.com\/pt\/wp-json\/wp\/v2\/posts"}],"about":[{"href":"https:\/\/www.europesays.com\/pt\/wp-json\/wp\/v2\/types\/post"}],"author":[{"embeddable":true,"href":"https:\/\/www.europesays.com\/pt\/wp-json\/wp\/v2\/users\/2"}],"replies":[{"embeddable":true,"href":"https:\/\/www.europesays.com\/pt\/wp-json\/wp\/v2\/comments?post=103927"}],"version-history":[{"count":0,"href":"https:\/\/www.europesays.com\/pt\/wp-json\/wp\/v2\/posts\/103927\/revisions"}],"wp:featuredmedia":[{"embeddable":true,"href":"https:\/\/www.europesays.com\/pt\/wp-json\/wp\/v2\/media\/103928"}],"wp:attachment":[{"href":"https:\/\/www.europesays.com\/pt\/wp-json\/wp\/v2\/media?parent=103927"}],"wp:term":[{"taxonomy":"category","embeddable":true,"href":"https:\/\/www.europesays.com\/pt\/wp-json\/wp\/v2\/categories?post=103927"},{"taxonomy":"post_tag","embeddable":true,"href":"https:\/\/www.europesays.com\/pt\/wp-json\/wp\/v2\/tags?post=103927"}],"curies":[{"name":"wp","href":"https:\/\/api.w.org\/{rel}","templated":true}]}}