{"id":103931,"date":"2025-10-09T18:52:08","date_gmt":"2025-10-09T18:52:08","guid":{"rendered":"https:\/\/www.europesays.com\/pt\/103931\/"},"modified":"2025-10-09T18:52:08","modified_gmt":"2025-10-09T18:52:08","slug":"secretaria-municipal-de-saude-de-lagarto-promove-capacitacao-sobre-o-seguimento-de-criancas-expostas-a-sifilis-e-outras-ists","status":"publish","type":"post","link":"https:\/\/www.europesays.com\/pt\/103931\/","title":{"rendered":"Secretaria Municipal de Sa\u00fade de Lagarto promove capacita\u00e7\u00e3o sobre o seguimento de crian\u00e7as expostas \u00e0 s\u00edfilis e outras ISTs"},"content":{"rendered":"<p>\n\tNesta quinta-feira, 9, a Secretaria Municipal de Sa\u00fade (SMS) de Lagarto realizou uma capacita\u00e7\u00e3o voltada para as equipes da Estrat\u00e9gia Sa\u00fade da Fam\u00edlia (ESF), com foco no seguimento de crian\u00e7as expostas \u00e0 s\u00edfilis e outras Infec\u00e7\u00f5es Sexualmente Transmiss\u00edveis (ISTs). A a\u00e7\u00e3o teve como objetivo qualificar o atendimento desde o nascimento at\u00e9 o acompanhamento ambulatorial, fortalecendo a linha de cuidado e preven\u00e7\u00e3o de agravos.<\/p>\n<p>\n\t\u00a0<\/p>\n<p>\n\tA atividade foi conduzida em parceria entre a Coordena\u00e7\u00e3o da Aten\u00e7\u00e3o Prim\u00e1ria \u00e0 Sa\u00fade e a Vigil\u00e2ncia Epidemiol\u00f3gica do munic\u00edpio. De acordo com Adriana Nery, enfermeira e coordenadora da Sa\u00fade da Crian\u00e7a, a capacita\u00e7\u00e3o visa garantir que os profissionais estejam preparados para realizar o seguimento adequado dessas crian\u00e7as nas unidades b\u00e1sicas de sa\u00fade, assegurando o in\u00edcio do tratamento em tempo oportuno. \u201cNosso foco \u00e9 evitar complica\u00e7\u00f5es, sequelas e at\u00e9 a mortalidade infantil associada a essas condi\u00e7\u00f5es\u201d, destacou.<\/p>\n<p>\n\t\u00a0<\/p>\n<p>\n\tPara o m\u00e9dico da ESF, Everaldo Toledo, a\u00e7\u00f5es como essa s\u00e3o essenciais para manter os profissionais atualizados, principalmente em temas que n\u00e3o fazem parte do atendimento cotidiano, mas que exigem aten\u00e7\u00e3o qualificada. \u201cCapacita\u00e7\u00f5es com conte\u00fado direto, pr\u00e1tico e relevante nos ajudam a lidar com situa\u00e7\u00f5es que, embora n\u00e3o sejam t\u00e3o frequentes s\u00e3o extremamente importantes, como \u00e9 o caso da s\u00edfilis\u201d, afirmou.<\/p>\n<p>\n\t\u00a0<\/p>\n<p>\n\tLuanna Dominick, da \u00e1rea t\u00e9cnica das ISTs, refor\u00e7ou que as visitas de puerp\u00e9rio e o acompanhamento das crian\u00e7as expostas s\u00e3o etapas decisivas na detec\u00e7\u00e3o e tratamento precoce. \u201cQueremos garantir que essas crian\u00e7as sejam acompanhadas desde o in\u00edcio, com um olhar atento das equipes de sa\u00fade, ampliando a efic\u00e1cia das a\u00e7\u00f5es de preven\u00e7\u00e3o e cuidado\u201d.<\/p>\n<p>\n\t\u00a0<\/p>\n<p>\n\tA iniciativa integra o conjunto de a\u00e7\u00f5es estrat\u00e9gicas da SMS de Lagarto para qualificar a assist\u00eancia materno-infantil e combater o avan\u00e7o das ISTs no munic\u00edpio.<\/p>\n<p>\u00a0<\/p>\n","protected":false},"excerpt":{"rendered":"Nesta quinta-feira, 9, a Secretaria Municipal de Sa\u00fade (SMS) de Lagarto realizou uma capacita\u00e7\u00e3o voltada para as equipes&hellip;\n","protected":false},"author":2,"featured_media":103932,"comment_status":"","ping_status":"","sticky":false,"template":"","format":"standard","meta":{"footnotes":""},"categories":[86],"tags":[116,13976,13975,32,13973,13974,33,117],"class_list":{"0":"post-103931","1":"post","2":"type-post","3":"status-publish","4":"format-standard","5":"has-post-thumbnail","7":"category-saude","8":"tag-health","9":"tag-lagarto-se","10":"tag-pm-lagarto","11":"tag-portugal","12":"tag-prefeitura-lagarto-se","13":"tag-prefeitura-municipal-de-lagarto-se","14":"tag-pt","15":"tag-saude"},"share_on_mastodon":{"url":"","error":""},"_links":{"self":[{"href":"https:\/\/www.europesays.com\/pt\/wp-json\/wp\/v2\/posts\/103931","targetHints":{"allow":["GET"]}}],"collection":[{"href":"https:\/\/www.europesays.com\/pt\/wp-json\/wp\/v2\/posts"}],"about":[{"href":"https:\/\/www.europesays.com\/pt\/wp-json\/wp\/v2\/types\/post"}],"author":[{"embeddable":true,"href":"https:\/\/www.europesays.com\/pt\/wp-json\/wp\/v2\/users\/2"}],"replies":[{"embeddable":true,"href":"https:\/\/www.europesays.com\/pt\/wp-json\/wp\/v2\/comments?post=103931"}],"version-history":[{"count":0,"href":"https:\/\/www.europesays.com\/pt\/wp-json\/wp\/v2\/posts\/103931\/revisions"}],"wp:featuredmedia":[{"embeddable":true,"href":"https:\/\/www.europesays.com\/pt\/wp-json\/wp\/v2\/media\/103932"}],"wp:attachment":[{"href":"https:\/\/www.europesays.com\/pt\/wp-json\/wp\/v2\/media?parent=103931"}],"wp:term":[{"taxonomy":"category","embeddable":true,"href":"https:\/\/www.europesays.com\/pt\/wp-json\/wp\/v2\/categories?post=103931"},{"taxonomy":"post_tag","embeddable":true,"href":"https:\/\/www.europesays.com\/pt\/wp-json\/wp\/v2\/tags?post=103931"}],"curies":[{"name":"wp","href":"https:\/\/api.w.org\/{rel}","templated":true}]}}