{"id":103940,"date":"2025-10-09T19:00:08","date_gmt":"2025-10-09T19:00:08","guid":{"rendered":"https:\/\/www.europesays.com\/pt\/103940\/"},"modified":"2025-10-09T19:00:08","modified_gmt":"2025-10-09T19:00:08","slug":"fotografa-tira-foto-impressionante-de-galaxia-em-olho-de-baleia-que-morreu-de-forma-tragica","status":"publish","type":"post","link":"https:\/\/www.europesays.com\/pt\/103940\/","title":{"rendered":"Fot\u00f3grafa tira foto impressionante de &#8216;gal\u00e1xia&#8217; em olho de baleia, que morreu de\u00a0forma\u00a0tr\u00e1gica"},"content":{"rendered":"\n<p class=\" content-text__container \" data-track-category=\"Link no Texto\" data-track-links=\"\"> \u201cPassamos os dez minutos na superf\u00edcie, frente a frente. Foi a experi\u00eancia mais bonita e profunda da minha vida. Naquele dia, esqueci de tirar qualquer foto enquanto estava t\u00e3o perto dela, pois queria estar totalmente presente e dar minha total aten\u00e7\u00e3o\u201d, diz. Na volta para casa, claro, bateu o arrependimento por n\u00e3o ter feito o clique. Mas no dia seguinte, houve uma reviravolta. <\/p>\n","protected":false},"excerpt":{"rendered":"\u201cPassamos os dez minutos na superf\u00edcie, frente a frente. Foi a experi\u00eancia mais bonita e profunda da minha&hellip;\n","protected":false},"author":2,"featured_media":103941,"comment_status":"","ping_status":"","sticky":false,"template":"","format":"standard","meta":{"footnotes":""},"categories":[144],"tags":[207,205,206,203,201,202,204,114,115,32,33],"class_list":{"0":"post-103940","1":"post","2":"type-post","3":"status-publish","4":"format-standard","5":"has-post-thumbnail","7":"category-arte-e-design","8":"tag-arte","9":"tag-arte-e-design","10":"tag-artedesign","11":"tag-arts","12":"tag-arts-and-design","13":"tag-artsanddesign","14":"tag-design","15":"tag-entertainment","16":"tag-entretenimento","17":"tag-portugal","18":"tag-pt"},"share_on_mastodon":{"url":"","error":""},"_links":{"self":[{"href":"https:\/\/www.europesays.com\/pt\/wp-json\/wp\/v2\/posts\/103940","targetHints":{"allow":["GET"]}}],"collection":[{"href":"https:\/\/www.europesays.com\/pt\/wp-json\/wp\/v2\/posts"}],"about":[{"href":"https:\/\/www.europesays.com\/pt\/wp-json\/wp\/v2\/types\/post"}],"author":[{"embeddable":true,"href":"https:\/\/www.europesays.com\/pt\/wp-json\/wp\/v2\/users\/2"}],"replies":[{"embeddable":true,"href":"https:\/\/www.europesays.com\/pt\/wp-json\/wp\/v2\/comments?post=103940"}],"version-history":[{"count":0,"href":"https:\/\/www.europesays.com\/pt\/wp-json\/wp\/v2\/posts\/103940\/revisions"}],"wp:featuredmedia":[{"embeddable":true,"href":"https:\/\/www.europesays.com\/pt\/wp-json\/wp\/v2\/media\/103941"}],"wp:attachment":[{"href":"https:\/\/www.europesays.com\/pt\/wp-json\/wp\/v2\/media?parent=103940"}],"wp:term":[{"taxonomy":"category","embeddable":true,"href":"https:\/\/www.europesays.com\/pt\/wp-json\/wp\/v2\/categories?post=103940"},{"taxonomy":"post_tag","embeddable":true,"href":"https:\/\/www.europesays.com\/pt\/wp-json\/wp\/v2\/tags?post=103940"}],"curies":[{"name":"wp","href":"https:\/\/api.w.org\/{rel}","templated":true}]}}