{"id":103942,"date":"2025-10-09T19:02:10","date_gmt":"2025-10-09T19:02:10","guid":{"rendered":"https:\/\/www.europesays.com\/pt\/103942\/"},"modified":"2025-10-09T19:02:10","modified_gmt":"2025-10-09T19:02:10","slug":"ana-maria-braga-opina-sobre-virginia-e-vini-jr-fofoca-comigo","status":"publish","type":"post","link":"https:\/\/www.europesays.com\/pt\/103942\/","title":{"rendered":"Ana Maria Braga opina sobre Virginia e Vini Jr.: &#8216;Fofoca comigo&#8217;"},"content":{"rendered":"<p><img decoding=\"async\" fetchpriority=\"high\" src=\"https:\/\/www.europesays.com\/pt\/wp-content\/uploads\/2025\/10\/5clgwmxxpjm9zbfiptj5bb0d6.jpg\" width=\"906\" height=\"509\" alt=\"Virginia, Ana Maria Braga e Vini Jr.\" title=\"Virginia, Ana Maria Braga e Vini Jr.\"\/>Reprodu\u00e7\u00e3o\/ Instagram @virginia\/ TV Globo\/ Instagram @vinijr<\/p>\n<p>Virginia, Ana Maria Braga e Vini Jr.<\/p>\n<p class=\"\"><strong>Ana Maria Braga,<\/strong> de 76 anos, surpreendeu os espectadores no &#8220;Mais Voc\u00ea&#8221; desta quinta-feira (9). Durante a exibi\u00e7\u00e3o ao vivo do matinal comandado por ela na Globo, a titular resolveu falar do rompimento pol\u00eamico entre <strong>Virginia Fonseca<\/strong> e <strong>Vini Jr.,<\/strong> jogador do Real Madrid.<\/p>\n<p>Assista:<\/p>\n<p class=\"\">Os dois vivenciavam um romance, mas o affair chegou ao fim ap\u00f3s o vazamento de conversas \u00edntimas do atleta com outra mulher enquanto se relacionava com a ex-mulher de <strong>Z\u00e9 Felipe.\u00a0<\/strong><\/p>\n<p class=\"\">&#8220;Ser\u00e1 que o Vini Jr. est\u00e1 bem, Tati?&#8221;, questionou ela, levando <strong>Tati Machado<\/strong> a uma crise de risos. &#8220;Ele andou soltando um comunicado, pedindo desculpas para a Virginia&#8221;, emendou <strong>Machado,<\/strong> em refer\u00eancia \u00e0\u00a0 <a href=\"https:\/\/gente.ig.com.br\/celebridades\/2025-10-09\/vinicius-jr-pede-desculpas-a-virginia---decepcionei-.html\" target=\"_blank\" rel=\"noopener nofollow\" data-mce-href=\"https:\/\/gente.ig.com.br\/celebridades\/2025-10-09\/vinicius-jr-pede-desculpas-a-virginia---decepcionei-.html\" data-mce->retrata\u00e7\u00e3o p\u00fablica do jogador.<\/a><\/p>\n<p class=\"\">&#8220;N\u00e3o tinha nada de namoro, mas o neg\u00f3cio estava ficando s\u00e9rio&#8221;, continuou <strong>Tati.<\/strong> &#8220;Estava. Ela [Virginia] foi para l\u00e1 [Madri] tr\u00eas vezes. Fofoca \u00e9 comigo mesmo&#8221;, prosseguiu a titular do &#8220;Mais Voc\u00ea&#8221;.<\/p>\n<p class=\"\">Em seguida, <strong>Ana Maria<\/strong> ainda afirmou que a pol\u00eamica estaria al\u00e7ando <strong>Virginia<\/strong> ao reconhecimento internacional, j\u00e1 que a\u00a0 <a href=\"https:\/\/gente.ig.com.br\/celebridades\/2025-10-05\/virginia-ou-nao-vini-jr-revela-verdadeira-dedicatoria-apos-gol.html\" target=\"_blank\" rel=\"noopener nofollow\" data-mce-href=\"https:\/\/gente.ig.com.br\/celebridades\/2025-10-05\/virginia-ou-nao-vini-jr-revela-verdadeira-dedicatoria-apos-gol.html\" data-mce->m\u00eddia espanhola<\/a> tamb\u00e9m tem acompanhado os desdobramentos do affair e do rompimento conturbado. &#8220;Ela est\u00e1 ficando famosa internacionalmente&#8221;, opinou <strong>Braga.<\/strong><\/p>\n<p>Repercuss\u00e3o<\/p>\n<p class=\"\">Os espectadores do programa matutino da Globo tamb\u00e9m se pronunciaram em plataformas de intera\u00e7\u00e3o virtual, como Instagram, Facebook e X, antigo Twitter.<\/p>\n<p class=\"\">&#8220;Ana Maria Braga, saiba que a fofoqueira que habita em mim sa\u00fada a fofoqueira que habita em voc\u00ea&#8221;, brincou uma usu\u00e1ria da rede social.\u00a0\u00a0 &#8220;Gente, depois do caso Lu\u00edsa Sonza, veio a\u00ed mais uma trai\u00e7\u00e3o no &#8216;Mais Voc\u00ea&#8217;.&#8221;, opinou uma segunda. &#8220;Concordo com tudo o que a Ana falou&#8221;, finalizou uma terceira.<\/p>\n<p>Relembre<\/p>\n<p class=\"\">Em setembro de 2023, <strong>Lu\u00edsa Sonza<\/strong> participou do &#8220;Mais Voc\u00ea&#8221;. Durante o programa ao vivo, a cantora e compositora revelou a separa\u00e7\u00e3o de <strong>Chico Moedas.<\/strong> Ao longo da atra\u00e7\u00e3o, ela chorou copiosamente ao\u00a0 <a href=\"https:\/\/gente.ig.com.br\/celebridades\/2023-09-20\/luisa-sonza-agradece-ana-maria-braga-espaco-expor-traicao-chico.html\" target=\"_blank\" rel=\"noopener nofollow\" data-mce-href=\"https:\/\/gente.ig.com.br\/celebridades\/2023-09-20\/luisa-sonza-agradece-ana-maria-braga-espaco-expor-traicao-chico.html\" data-mce->relatar ter sido tra\u00edda pelo ent\u00e3o companheiro.<\/a><\/p>\n","protected":false},"excerpt":{"rendered":"Reprodu\u00e7\u00e3o\/ Instagram @virginia\/ TV Globo\/ Instagram @vinijr Virginia, Ana Maria Braga e Vini Jr. Ana Maria Braga, de&hellip;\n","protected":false},"author":2,"featured_media":103943,"comment_status":"","ping_status":"","sticky":false,"template":"","format":"standard","meta":{"footnotes":""},"categories":[142],"tags":[752,3056,114,115,32,33,151,3126,973],"class_list":{"0":"post-103942","1":"post","2":"type-post","3":"status-publish","4":"format-standard","5":"has-post-thumbnail","7":"category-tv","8":"tag-ana-maria-braga","9":"tag-ao-vivo","10":"tag-entertainment","11":"tag-entretenimento","12":"tag-portugal","13":"tag-pt","14":"tag-tv","15":"tag-vini-jr","16":"tag-virginia"},"share_on_mastodon":{"url":"","error":""},"_links":{"self":[{"href":"https:\/\/www.europesays.com\/pt\/wp-json\/wp\/v2\/posts\/103942","targetHints":{"allow":["GET"]}}],"collection":[{"href":"https:\/\/www.europesays.com\/pt\/wp-json\/wp\/v2\/posts"}],"about":[{"href":"https:\/\/www.europesays.com\/pt\/wp-json\/wp\/v2\/types\/post"}],"author":[{"embeddable":true,"href":"https:\/\/www.europesays.com\/pt\/wp-json\/wp\/v2\/users\/2"}],"replies":[{"embeddable":true,"href":"https:\/\/www.europesays.com\/pt\/wp-json\/wp\/v2\/comments?post=103942"}],"version-history":[{"count":0,"href":"https:\/\/www.europesays.com\/pt\/wp-json\/wp\/v2\/posts\/103942\/revisions"}],"wp:featuredmedia":[{"embeddable":true,"href":"https:\/\/www.europesays.com\/pt\/wp-json\/wp\/v2\/media\/103943"}],"wp:attachment":[{"href":"https:\/\/www.europesays.com\/pt\/wp-json\/wp\/v2\/media?parent=103942"}],"wp:term":[{"taxonomy":"category","embeddable":true,"href":"https:\/\/www.europesays.com\/pt\/wp-json\/wp\/v2\/categories?post=103942"},{"taxonomy":"post_tag","embeddable":true,"href":"https:\/\/www.europesays.com\/pt\/wp-json\/wp\/v2\/tags?post=103942"}],"curies":[{"name":"wp","href":"https:\/\/api.w.org\/{rel}","templated":true}]}}