{"id":103944,"date":"2025-10-09T19:04:09","date_gmt":"2025-10-09T19:04:09","guid":{"rendered":"https:\/\/www.europesays.com\/pt\/103944\/"},"modified":"2025-10-09T19:04:09","modified_gmt":"2025-10-09T19:04:09","slug":"o-caozinho-que-pediu-emprego-e-virou-astro-de-caramelo-da-netflix","status":"publish","type":"post","link":"https:\/\/www.europesays.com\/pt\/103944\/","title":{"rendered":"O c\u00e3ozinho que \u2018pediu emprego\u2019 e virou astro de \u2018Caramelo\u2019, da Netflix"},"content":{"rendered":"<p>Durante algumas semanas, o diretor Diego Freitas rodou o Brasil em busca de um astro canino. Inspirado pela cachorrinha Pa\u00e7oca, que adotou na pandemia, ele buscava um vira-lata carism\u00e1tico para contracenar com Rafael Vitti no longa <strong>Caramelo<\/strong>, que estreia na quarta-feira 8 na <strong>Netflix<\/strong>. S\u00f3 n\u00e3o esperava que a estrela viesse at\u00e9 ele: \u201cUm cachorrinho de rua apareceu na porta do nosso treinador. Ele tinha uns 3 meses de idade, com a barriguinha cheia de lombriga. Estava praticamente pedindo emprego. Foi um sinal do universo\u201d, contou o cineasta a VEJA sobre <strong>Amendoim<\/strong>, o encantador e hiperativo c\u00e3ozinho que protagoniza o filme.<\/p>\n<p>Adotado pela equipe, Amendoim saiu das ruas e virou estrela: estreou em frente \u00e0s c\u00e2meras aos 9 meses de idade, depois de um semestre de muito treinamento em forma de brincadeiras com a equipe do longa \u2014 que teve de lhe ensinar, entre outras coisas, a \u201cdivertida\u201d tarefa de destruir parte do cen\u00e1rio. \u201cTudo era como uma grande brincadeira. Ele foi ensinado coisas que teoricamente a gente n\u00e3o espera que um cachorro fa\u00e7a, como destruir as coisas, brincar, pular nos lugares \u2014 porque \u00e9 isso que ele faz no filme\u201d, explica o cineasta, atestando que descobriu um \u201csuperstar canino.<\/p>\n<p>Embora alguns filmes com c\u00e3es trabalhem com CGI, o longa da Netflix levou para as telas entre 40 e 60 cachorros reais. Para aconchegar toda essa galera, o set tinha um \u201cc\u00e3omarim\u201d com comida, \u00e1gua e espa\u00e7o de descanso. Protagonista do filme, Amendoim contou com uma equipe especializada s\u00f3 para ele, incluindo nutricionista, treinador, veterin\u00e1rio e at\u00e9 massagista (sim, para \u201caliviar\u201d o estresse). \u201cQuando n\u00e3o estava mais a fim, ele ia para a casinha tirar uma soneca. O tempo do cachorro \u00e9 prioridade no set\u201d, diz o diretor. Amendoim tamb\u00e9m tinha um dubl\u00ea. Comum em em filmes de pets, os dubl\u00eas caninos s\u00e3o usados justamente para n\u00e3o sobrecarregar os animais. No caso de c\u00e3es de ra\u00e7a, a tarefa \u00e9 mais f\u00e1cil, pela semelhan\u00e7a entre eles.<\/p>\n<p>    Continua ap\u00f3s a publicidade<\/p>\n<p>Para vira-latas, encontrar animaizinhos id\u00eanticos torna-se mais desafiador. \u201cFoi a maior dificuldade. Mas n\u00f3s achamos um caramelo parecido nos abrigos que visitamos. O Derek \u00e9 mais calminho, ent\u00e3o as cenas em que o cachorro est\u00e1 no colo \u00e9 ele quem faz\u201d, detalha o diretor sobre os bastidores do filme \u2014 que, al\u00e9m dos dois caramelos, contou com dezenas de outros c\u00e3es, muitos dos quais acabaram adotados pela equipe ao fim do processo.<\/p>\n<p>Para trazer espontaneidade, duas c\u00e2meras ficavam filmando os animais quase que o tempo todo, e v\u00e1rias das travessuras feitas por eles acabaram no filme. \u201cA gente estava filmando a reforma do trailer o Amendoim pegou o rolo de tinta e saiu correndo pela pra\u00e7a, e n\u00f3s fomos correndo atr\u00e1s com a c\u00e2mera. Essa cena est\u00e1 no filme\u201d, explica o diretor sobre a din\u00e2mica de filmagens com o ca\u00f5zinho, que aprendeu a destruir as coisas toda vez que a equipe falava \u201ca\u00e7\u00e3o\u201d no set. \u201cA gente come\u00e7ou a usar outras palavras, e a\u00ed ele ficava s\u00f3 olhando para a cara do assistente de dire\u00e7\u00e3o esperando ele falar \u2018a\u00e7\u00e3o\u2019 pra sair correndo\u201d.<\/p>\n","protected":false},"excerpt":{"rendered":"Durante algumas semanas, o diretor Diego Freitas rodou o Brasil em busca de um astro canino. Inspirado pela&hellip;\n","protected":false},"author":2,"featured_media":103945,"comment_status":"","ping_status":"","sticky":false,"template":"","format":"standard","meta":{"footnotes":""},"categories":[140],"tags":[114,115,147,148,146,32,33],"class_list":{"0":"post-103944","1":"post","2":"type-post","3":"status-publish","4":"format-standard","5":"has-post-thumbnail","7":"category-filmes","8":"tag-entertainment","9":"tag-entretenimento","10":"tag-film","11":"tag-filmes","12":"tag-movies","13":"tag-portugal","14":"tag-pt"},"share_on_mastodon":{"url":"","error":""},"_links":{"self":[{"href":"https:\/\/www.europesays.com\/pt\/wp-json\/wp\/v2\/posts\/103944","targetHints":{"allow":["GET"]}}],"collection":[{"href":"https:\/\/www.europesays.com\/pt\/wp-json\/wp\/v2\/posts"}],"about":[{"href":"https:\/\/www.europesays.com\/pt\/wp-json\/wp\/v2\/types\/post"}],"author":[{"embeddable":true,"href":"https:\/\/www.europesays.com\/pt\/wp-json\/wp\/v2\/users\/2"}],"replies":[{"embeddable":true,"href":"https:\/\/www.europesays.com\/pt\/wp-json\/wp\/v2\/comments?post=103944"}],"version-history":[{"count":0,"href":"https:\/\/www.europesays.com\/pt\/wp-json\/wp\/v2\/posts\/103944\/revisions"}],"wp:featuredmedia":[{"embeddable":true,"href":"https:\/\/www.europesays.com\/pt\/wp-json\/wp\/v2\/media\/103945"}],"wp:attachment":[{"href":"https:\/\/www.europesays.com\/pt\/wp-json\/wp\/v2\/media?parent=103944"}],"wp:term":[{"taxonomy":"category","embeddable":true,"href":"https:\/\/www.europesays.com\/pt\/wp-json\/wp\/v2\/categories?post=103944"},{"taxonomy":"post_tag","embeddable":true,"href":"https:\/\/www.europesays.com\/pt\/wp-json\/wp\/v2\/tags?post=103944"}],"curies":[{"name":"wp","href":"https:\/\/api.w.org\/{rel}","templated":true}]}}