{"id":103954,"date":"2025-10-09T19:10:08","date_gmt":"2025-10-09T19:10:08","guid":{"rendered":"https:\/\/www.europesays.com\/pt\/103954\/"},"modified":"2025-10-09T19:10:08","modified_gmt":"2025-10-09T19:10:08","slug":"acordo-de-paz-nao-impede-bombardeamentos-de-israel-trump-disposto-a-discursar-no-knesset","status":"publish","type":"post","link":"https:\/\/www.europesays.com\/pt\/103954\/","title":{"rendered":"Acordo de Paz n\u00e3o impede bombardeamentos de Israel. Trump disposto a discursar no Knesset"},"content":{"rendered":"<p>&#13;<br \/>\nEsta quinta feira, o presidente norte-americano, Donald Trump, deixou claro que concordou em discursar no parlamento israelita, o Knesset e que o far\u00e1 se solicitado por autoridades locais. <br \/>&#13;\n<\/p>\n<p>&#13;<br \/>\n<b>&#13;<br \/>\n&#8220;Eles pediram-me para discursar no Knesset e concordei, se eles quiserem&#8221;<\/b>, declarou Trump durante o encontro com rep\u00f3rteres na Casa Branca.&#13;\n<\/p>\n<p>&#13;<br \/>\nEnquanto o presidente dos EUA continua a exaltar o an\u00fancio do acordo de paz e o cessar-fogo em Gaza,<b> o porta-voz do Governo israelita,\u00a0Shosh Bedrosian, j\u00e1 fez saber que Israel n\u00e3o pretende libertar o proeminente l\u00edder palestiniano Marwan Barghouti como parte do acordo com o Hamas para troca de prisioneiros e ref\u00e9ns.&#13;<br \/>\n<\/b>&#13;\n<\/p>\n<p>\n&#8220;Posso dizer neste momento que ele [Marwan Barghouti] n\u00e3o participar\u00e1 desta liberta\u00e7\u00e3o&#8221;, indicou Bedrosian a rep\u00f3rteres.<\/p>\n<p>Na quarta-feira foi anunciado que Israel e Hamas concordaram em negocia\u00e7\u00f5es indiretas que os 48 ref\u00e9ns mantidos por militantes em Gaza seriam libertados em troca dos cerca de dois mil prisioneiros palestinianos mantidos por Israel.<br \/>&#13;<br \/>\nAjuda humanit\u00e1ria pronta<br \/>&#13;<br \/>\nFontes do Crescente Vermelho eg\u00edpcio reportaram \u00e0 Ag\u00eancia France-Press que <b>mais de 150 ve\u00edculos cruzaram a fronteira eg\u00edpcia em dire\u00e7\u00e3o a Gaza ap\u00f3s o an\u00fancio do acordo do fim da guerra entre Israel e o Hamas. <\/b><\/p>\n<p>&#13;<br \/>\n<b>&#8220;S\u00e3o 153 cami\u00f5es de ajuda humanit\u00e1ria que seguem pela rota secund\u00e1ria do posto de Rafah em dire\u00e7\u00e3o ao ponto de passagem de Kerem Abou Salem para serem libertados na faixa de Gaza&#8221;<\/b>, declarou uma das fontes.\u00a0&#13;\n<\/p>\n<p>&#13;<br \/>\nReferiu ainda que s\u00e3o 80 cami\u00f5es fretados pela ONU, 17 pelo Crescente Vermelho Eg\u00edpcio, 21 pelo Catar e 30 pelo Egito.&#13;\n<\/p>\n<p>&#13;<br \/>\n&#8220;Paz duradoura&#8221; acredita Trump<br \/>&#13;<br \/>\n<br \/>&#13;\n<\/p>\n<p>&#13;<br \/>\nMesmo com acordo dado como quase certo, Israel continua a bombardear Gaza.\u00a0&#13;\n<\/p>\n<p>&#13;<br \/>\nPelo menos dez palestinianos foram mortos e 49 ficaram feridos em ataques israelitas na Faixa de Gaza nas \u00faltimas 24 horas, segundo confirmou o Minist\u00e9rio da Sa\u00fade do enclave. <br \/>&#13;\n<\/p>\n<p>&#13;<br \/>\nO Egito j\u00e1 instou Israel para que n\u00e3o provoque &#8220;escalada\u201d do conflito ou \u201ccesse os ataques&#8221; mesmo antes da assinatura do acordo.<br \/>&#13;\n<\/p>\n<p>Enquanto o mundo reage ao an\u00fancio do avan\u00e7o nas negocia\u00e7\u00f5es de cessar-fogo em Gaza, <b>Trump reiterou esta quinta-feira diz que ref\u00e9ns em Gaza devem ser libertados na segunda ou ter\u00e7a-feira e que espera comparecer \u00e0 cerim\u00f3nia de assinatura no Egito.<\/b><\/p>\n<p>Ao abrir a reuni\u00e3o de gabinete na Casa Branca para discutir o acordo firmado na nesta quarta-feira, Trump insistiu que acredita que esta vontade das partes levar\u00e1 a uma &#8220;paz duradoura&#8221;. <br \/>&#13;\n<\/p>\n<p>&#13;<br \/>\nEntretanto, em telefonema ao presidente dos Estados Unidos, <b>o seu hom\u00f3logo do Egito, Abdul Fatah Khalil Al-Sisi,  diz a Donald Trump que &#8220;merece o Pr\u00e9mio Nobel da Paz&#8221;.&#13;<br \/>\n<\/b>&#13;\n<\/p>\n<p>&#13;<br \/>\nSisi deixou ainda um convite a Trump para uma cerim\u00f3nia no Egito para celebrar o acordo de Gaza. <br \/>&#13;<\/p>\n","protected":false},"excerpt":{"rendered":"&#13; Esta quinta feira, o presidente norte-americano, Donald Trump, deixou claro que concordou em discursar no parlamento israelita,&hellip;\n","protected":false},"author":2,"featured_media":103955,"comment_status":"","ping_status":"","sticky":false,"template":"","format":"standard","meta":{"footnotes":""},"categories":[50],"tags":[946,27,28,256,15,16,14,25,26,21,22,62,12,13,19,20,23,24,17,18,29,30,31,63,64,65],"class_list":{"0":"post-103954","1":"post","2":"type-post","3":"status-publish","4":"format-standard","5":"has-post-thumbnail","7":"category-mundo","8":"tag-ajuda-humanitaria","9":"tag-breaking-news","10":"tag-breakingnews","11":"tag-cessar-fogo","12":"tag-featured-news","13":"tag-featurednews","14":"tag-headlines","15":"tag-latest-news","16":"tag-latestnews","17":"tag-main-news","18":"tag-mainnews","19":"tag-mundo","20":"tag-news","21":"tag-noticias","22":"tag-noticias-principais","23":"tag-noticiasprincipais","24":"tag-principais-noticias","25":"tag-principaisnoticias","26":"tag-top-stories","27":"tag-topstories","28":"tag-ultimas","29":"tag-ultimas-noticias","30":"tag-ultimasnoticias","31":"tag-world","32":"tag-world-news","33":"tag-worldnews"},"share_on_mastodon":{"url":"","error":""},"_links":{"self":[{"href":"https:\/\/www.europesays.com\/pt\/wp-json\/wp\/v2\/posts\/103954","targetHints":{"allow":["GET"]}}],"collection":[{"href":"https:\/\/www.europesays.com\/pt\/wp-json\/wp\/v2\/posts"}],"about":[{"href":"https:\/\/www.europesays.com\/pt\/wp-json\/wp\/v2\/types\/post"}],"author":[{"embeddable":true,"href":"https:\/\/www.europesays.com\/pt\/wp-json\/wp\/v2\/users\/2"}],"replies":[{"embeddable":true,"href":"https:\/\/www.europesays.com\/pt\/wp-json\/wp\/v2\/comments?post=103954"}],"version-history":[{"count":0,"href":"https:\/\/www.europesays.com\/pt\/wp-json\/wp\/v2\/posts\/103954\/revisions"}],"wp:featuredmedia":[{"embeddable":true,"href":"https:\/\/www.europesays.com\/pt\/wp-json\/wp\/v2\/media\/103955"}],"wp:attachment":[{"href":"https:\/\/www.europesays.com\/pt\/wp-json\/wp\/v2\/media?parent=103954"}],"wp:term":[{"taxonomy":"category","embeddable":true,"href":"https:\/\/www.europesays.com\/pt\/wp-json\/wp\/v2\/categories?post=103954"},{"taxonomy":"post_tag","embeddable":true,"href":"https:\/\/www.europesays.com\/pt\/wp-json\/wp\/v2\/tags?post=103954"}],"curies":[{"name":"wp","href":"https:\/\/api.w.org\/{rel}","templated":true}]}}