{"id":103958,"date":"2025-10-09T19:14:24","date_gmt":"2025-10-09T19:14:24","guid":{"rendered":"https:\/\/www.europesays.com\/pt\/103958\/"},"modified":"2025-10-09T19:14:24","modified_gmt":"2025-10-09T19:14:24","slug":"o-predio-mais-antigo-da-capital-paulista-uma-construcao-historica-que-passa-desapercebida","status":"publish","type":"post","link":"https:\/\/www.europesays.com\/pt\/103958\/","title":{"rendered":"O pr\u00e9dio mais antigo da capital paulista: uma constru\u00e7\u00e3o hist\u00f3rica que passa desapercebida"},"content":{"rendered":"<p>Quando se pergunta a uma <strong>intelig\u00eancia artificial<\/strong> ou a um morador da capital paulista qual \u00e9 o pr\u00e9dio mais antigo de S\u00e3o Paulo, a resposta quase sempre \u00e9 o <strong>Edif\u00edcio Martinelli<\/strong>. A imponente constru\u00e7\u00e3o \u00e0 beira do <strong>Vale do Anhangaba\u00fa<\/strong> \u00e9, de fato, uma joia da arquitetura e da hist\u00f3ria paulistana. Contudo, engana-se quem acredita que este foi o primeiro pr\u00e9dio da capital.<\/p>\n<p>O <strong>Edif\u00edcio Martinelli<\/strong> \u00e9 um marco da <strong>verticaliza\u00e7\u00e3o de S\u00e3o Paulo<\/strong> e foi o primeiro edif\u00edcio da cidade a ultrapassar os 30 andares. Mas ele n\u00e3o foi o pioneiro.<\/p>\n<p>O Sampaio Moreira: o primeiro \u201carranha-c\u00e9u\u201d de S\u00e3o Paulo<\/p>\n<p>Antes do Martinelli, o t\u00edtulo de \u201carranha-c\u00e9u\u201d pertencia ao <strong>Edif\u00edcio Sampaio Moreira<\/strong>, localizado na <strong>Rua L\u00edbero Badar\u00f3, 346<\/strong>. Inaugurado em 1919 com 12 andares, o pr\u00e9dio hoje abriga a <strong>Secretaria Municipal de Cultura de S\u00e3o Paulo<\/strong> e foi s\u00edmbolo do progresso urbano da cidade no in\u00edcio do s\u00e9culo XX.<\/p>\n<p><img loading=\"lazy\" decoding=\"async\" alt=\"Edif\u00edcio Sampaio Moreira em S\u00e3o Paulo\" height=\"750\" src=\"https:\/\/www.europesays.com\/pt\/wp-content\/uploads\/2025\/10\/500px-Anhangaba\u00fa_2018_19.jpg\" width=\"500\"\/>&#13;<br \/>\nEdif\u00edcio Sampaio Moreira&#13;<\/p>\n<p>O verdadeiro pioneiro: Edif\u00edcio Guinle<\/p>\n<p>Antes mesmo do Sampaio Moreira, foi erguido o <strong>Edif\u00edcio Guinle<\/strong>. Com sete andares e 36 metros de altura, ele foi inaugurado em <strong>1913<\/strong> e \u00e9 considerado o <strong>primeiro arranha-c\u00e9u da hist\u00f3ria de S\u00e3o Paulo<\/strong>.<\/p>\n<p>&#13;<br \/>\n&#13;<\/p>\n<p>Constru\u00eddo em estilo Art Nouveau, o pr\u00e9dio rompeu com a est\u00e9tica tradicional da \u00e9poca, dominada pela arquitetura portuguesa, e se destacou por introduzir linhas modernas e ousadas. Localizado na <strong>Rua Direita, 49<\/strong>, o edif\u00edcio simbolizou uma nova era na paisagem urbana paulistana.<\/p>\n<p><img loading=\"lazy\" decoding=\"async\" alt=\"Fachada do Edif\u00edcio Guinle, o primeiro arranha-c\u00e9u de S\u00e3o Paulo\" height=\"1365\" src=\"https:\/\/www.europesays.com\/pt\/wp-content\/uploads\/2025\/10\/f768x1-160179_160306_5239.jpg\" width=\"768\"\/>&#13;<br \/>\nEdif\u00edcio Guinle&#13;<\/p>\n<p>Na \u00e9poca, a cidade era composta majoritariamente por constru\u00e7\u00f5es de at\u00e9 dois andares. Por isso, o Guinle causou espanto entre engenheiros e autoridades. O ent\u00e3o prefeito, <strong>Bar\u00e3o de Duprat<\/strong>, chegou a exigir estudos t\u00e9cnicos para comprovar que um pr\u00e9dio de sete andares poderia se manter de p\u00e9.<\/p>\n<p>De s\u00edmbolo familiar a patrim\u00f4nio hist\u00f3rico<\/p>\n<p>O edif\u00edcio foi constru\u00eddo para abrigar a sede das empresas da <strong>fam\u00edlia Guinle<\/strong>, que mais tarde seria respons\u00e1vel pela constru\u00e7\u00e3o do ic\u00f4nico <strong>Copacabana Palace<\/strong>. Com o passar das d\u00e9cadas, a influ\u00eancia dos Guinle diminuiu, especialmente ap\u00f3s a transfer\u00eancia da capital federal para <strong>Bras\u00edlia<\/strong>.<\/p>\n<p>Atualmente, o Edif\u00edcio Guinle pertence \u00e0 <strong>Mundial Cal\u00e7ados<\/strong>, que mant\u00e9m uma loja no t\u00e9rreo. O pr\u00e9dio foi restaurado em <strong>2011<\/strong> e continua sendo um <strong>s\u00edmbolo do pioneirismo arquitet\u00f4nico<\/strong> paulistano e um <strong>marco da hist\u00f3ria da verticaliza\u00e7\u00e3o de S\u00e3o Paulo<\/strong>.&#13;<br \/>\n  &#13;<br \/>\n&#13;<br \/>\n&#13;<br \/>\n&#13;<br \/>\n\t\t\t\t\t\t&#13;<br \/>\n\t\t\t\t\t\t&#13;\n\t\t\t\t\t<\/p>\n","protected":false},"excerpt":{"rendered":"Quando se pergunta a uma intelig\u00eancia artificial ou a um morador da capital paulista qual \u00e9 o pr\u00e9dio&hellip;\n","protected":false},"author":2,"featured_media":103959,"comment_status":"","ping_status":"","sticky":false,"template":"","format":"standard","meta":{"footnotes":""},"categories":[144],"tags":[207,205,206,203,201,202,204,114,115,32,33],"class_list":{"0":"post-103958","1":"post","2":"type-post","3":"status-publish","4":"format-standard","5":"has-post-thumbnail","7":"category-arte-e-design","8":"tag-arte","9":"tag-arte-e-design","10":"tag-artedesign","11":"tag-arts","12":"tag-arts-and-design","13":"tag-artsanddesign","14":"tag-design","15":"tag-entertainment","16":"tag-entretenimento","17":"tag-portugal","18":"tag-pt"},"share_on_mastodon":{"url":"","error":""},"_links":{"self":[{"href":"https:\/\/www.europesays.com\/pt\/wp-json\/wp\/v2\/posts\/103958","targetHints":{"allow":["GET"]}}],"collection":[{"href":"https:\/\/www.europesays.com\/pt\/wp-json\/wp\/v2\/posts"}],"about":[{"href":"https:\/\/www.europesays.com\/pt\/wp-json\/wp\/v2\/types\/post"}],"author":[{"embeddable":true,"href":"https:\/\/www.europesays.com\/pt\/wp-json\/wp\/v2\/users\/2"}],"replies":[{"embeddable":true,"href":"https:\/\/www.europesays.com\/pt\/wp-json\/wp\/v2\/comments?post=103958"}],"version-history":[{"count":0,"href":"https:\/\/www.europesays.com\/pt\/wp-json\/wp\/v2\/posts\/103958\/revisions"}],"wp:featuredmedia":[{"embeddable":true,"href":"https:\/\/www.europesays.com\/pt\/wp-json\/wp\/v2\/media\/103959"}],"wp:attachment":[{"href":"https:\/\/www.europesays.com\/pt\/wp-json\/wp\/v2\/media?parent=103958"}],"wp:term":[{"taxonomy":"category","embeddable":true,"href":"https:\/\/www.europesays.com\/pt\/wp-json\/wp\/v2\/categories?post=103958"},{"taxonomy":"post_tag","embeddable":true,"href":"https:\/\/www.europesays.com\/pt\/wp-json\/wp\/v2\/tags?post=103958"}],"curies":[{"name":"wp","href":"https:\/\/api.w.org\/{rel}","templated":true}]}}