{"id":103968,"date":"2025-10-09T19:22:37","date_gmt":"2025-10-09T19:22:37","guid":{"rendered":"https:\/\/www.europesays.com\/pt\/103968\/"},"modified":"2025-10-09T19:22:37","modified_gmt":"2025-10-09T19:22:37","slug":"noticia-campanha-nacional-de-multivacinacao-comeca-em-amambai","status":"publish","type":"post","link":"https:\/\/www.europesays.com\/pt\/103968\/","title":{"rendered":"Not\u00edcia &#8211; Campanha Nacional de Multivacina\u00e7\u00e3o come\u00e7a em Amambai"},"content":{"rendered":"<p>O objetivo \u00e9 atualizar a caderneta de vacina\u00e7\u00e3o de crian\u00e7as e adolescentes menores de 15 anos (at\u00e9 14 anos, 11 meses e 29 dias), conforme o Calend\u00e1rio Nacional de Vacina\u00e7\u00e3o<\/p>\n<p>A Prefeitura de Amambai, por meio da Secretaria Municipal de Sa\u00fade, deu in\u00edcio \u00e0 Campanha Nacional de Multivacina\u00e7\u00e3o 2025, que acontece de 6 a 31 de outubro em todas as Unidades de Sa\u00fade do munic\u00edpio.<br \/>O objetivo \u00e9 atualizar a caderneta de vacina\u00e7\u00e3o de crian\u00e7as e adolescentes menores de 15 anos (at\u00e9 14 anos, 11 meses e 29 dias), conforme o Calend\u00e1rio Nacional de Vacina\u00e7\u00e3o.<\/p>\n<p>Durante todo o per\u00edodo da campanha, as salas de vacina estar\u00e3o abertas de segunda a sexta-feira, das 7h30 \u00e0s 10h30 e das 13h \u00e0s 16h30.<br \/>O Dia D de mobiliza\u00e7\u00e3o nacional ser\u00e1 realizado no s\u00e1bado, dia 18 de outubro, nas Unidades de Sa\u00fade Varocopa e Guape, das 13h \u00e0s 17h.<\/p>\n<p>De acordo com a coordenadora de imuniza\u00e7\u00e3o, enfermeira Luzia Aparecida Pereira, a campanha \u00e9 uma oportunidade importante para garantir que nenhuma crian\u00e7a ou adolescente fique sem prote\u00e7\u00e3o.<\/p>\n<p>\u201cNosso objetivo \u00e9 resgatar quem ainda n\u00e3o completou o esquema vacinal e proteger nossas crian\u00e7as e adolescentes contra doen\u00e7as que podem ser prevenidas. \u00c9 essencial que os pais e respons\u00e1veis levem a caderneta de vacina\u00e7\u00e3o para confer\u00eancia\u201d, destacou Luzia.<\/p>\n<p>As vacinas dispon\u00edveis incluem doses contra paralisia infantil, difteria, t\u00e9tano, coqueluche, hepatites A e B, meningite, rotav\u00edrus, febre amarela, sarampo, caxumba, rub\u00e9ola, HPV, BCG, influenza, dengue e Covid-19, entre outras, de acordo com o Calend\u00e1rio Nacional de Vacina\u00e7\u00e3o.<\/p>\n<p>Al\u00e9m disso, a campanha refor\u00e7a a vacina\u00e7\u00e3o contra o sarampo e amplia a imuniza\u00e7\u00e3o contra o HPV, incluindo jovens de 15 a 19 anos que ainda n\u00e3o foram vacinados.<\/p>\n<p>A Secretaria Municipal de Sa\u00fade orienta que os pais e respons\u00e1veis procurem a Unidade de Sa\u00fade mais pr\u00f3xima levando os documentos pessoais da crian\u00e7a ou adolescente, o Cart\u00e3o Nacional do SUS (CNS) e a caderneta de vacina\u00e7\u00e3o.<\/p>\n<p>Per\u00edodo: 6 a 31 de outubro<br \/>Locais: Todas as Unidades de Sa\u00fade de Amambai<br \/>Hor\u00e1rio: das 7h30 \u00e0s 10h30 e das 13h \u00e0s 16h30<br \/>Dia D: 18 de outubro (UBSs Varocopa e Guape, das 13h \u00e0s 17h)<\/p>\n<p>Fonte: Secom\/Prefeitura de Amambai<\/p>\n<p><img decoding=\"async\" src=\"https:\/\/www.europesays.com\/pt\/wp-content\/uploads\/2025\/10\/WhatsApp Image 2025-10-09 at 14_41_01.jpeg\"\/><\/p>\n","protected":false},"excerpt":{"rendered":"O objetivo \u00e9 atualizar a caderneta de vacina\u00e7\u00e3o de crian\u00e7as e adolescentes menores de 15 anos (at\u00e9 14&hellip;\n","protected":false},"author":2,"featured_media":103969,"comment_status":"","ping_status":"","sticky":false,"template":"","format":"standard","meta":{"footnotes":""},"categories":[86],"tags":[25128,1300,116,5231,1133,32,3046,33,117],"class_list":{"0":"post-103968","1":"post","2":"type-post","3":"status-publish","4":"format-standard","5":"has-post-thumbnail","7":"category-saude","8":"tag-amambai","9":"tag-cidade","10":"tag-health","11":"tag-municipal","12":"tag-noticia","13":"tag-portugal","14":"tag-prefeitura","15":"tag-pt","16":"tag-saude"},"share_on_mastodon":{"url":"","error":""},"_links":{"self":[{"href":"https:\/\/www.europesays.com\/pt\/wp-json\/wp\/v2\/posts\/103968","targetHints":{"allow":["GET"]}}],"collection":[{"href":"https:\/\/www.europesays.com\/pt\/wp-json\/wp\/v2\/posts"}],"about":[{"href":"https:\/\/www.europesays.com\/pt\/wp-json\/wp\/v2\/types\/post"}],"author":[{"embeddable":true,"href":"https:\/\/www.europesays.com\/pt\/wp-json\/wp\/v2\/users\/2"}],"replies":[{"embeddable":true,"href":"https:\/\/www.europesays.com\/pt\/wp-json\/wp\/v2\/comments?post=103968"}],"version-history":[{"count":0,"href":"https:\/\/www.europesays.com\/pt\/wp-json\/wp\/v2\/posts\/103968\/revisions"}],"wp:featuredmedia":[{"embeddable":true,"href":"https:\/\/www.europesays.com\/pt\/wp-json\/wp\/v2\/media\/103969"}],"wp:attachment":[{"href":"https:\/\/www.europesays.com\/pt\/wp-json\/wp\/v2\/media?parent=103968"}],"wp:term":[{"taxonomy":"category","embeddable":true,"href":"https:\/\/www.europesays.com\/pt\/wp-json\/wp\/v2\/categories?post=103968"},{"taxonomy":"post_tag","embeddable":true,"href":"https:\/\/www.europesays.com\/pt\/wp-json\/wp\/v2\/tags?post=103968"}],"curies":[{"name":"wp","href":"https:\/\/api.w.org\/{rel}","templated":true}]}}