{"id":103970,"date":"2025-10-09T19:23:20","date_gmt":"2025-10-09T19:23:20","guid":{"rendered":"https:\/\/www.europesays.com\/pt\/103970\/"},"modified":"2025-10-09T19:23:20","modified_gmt":"2025-10-09T19:23:20","slug":"nobel-da-literatura-atribuido-ao-hungaro-laszlo-krasznahorkai-diario-de-noticias","status":"publish","type":"post","link":"https:\/\/www.europesays.com\/pt\/103970\/","title":{"rendered":"Nobel da Literatura atribu\u00eddo ao h\u00fangaro L\u00e1szl\u00f3 Krasznahorkai &#8211; Di\u00e1rio de Not\u00edcias"},"content":{"rendered":"<ol>\n<li><a href=\"https:\/\/news.google.com\/rss\/articles\/CBMiiwFBVV95cUxQbU9PU1RwdzA1NzhGQ0g3RXc1RjVuTUNzdTZfZlpyREhwbUhnUkFuVC1pSU1GTjNOalJ0WVl3MnNQR203ZGtMYkhxQ1hTTjlicW9nWmV0TGxMLThjQ0tiaUlYNWZrcml4NjM4NG1HZWlXY1RqbTJOTlJnZFhPN0lreVNwdXRyVTBOemlv?oc=5\" target=\"_blank\" rel=\"nofollow noopener\">Nobel da Literatura atribu\u00eddo ao h\u00fangaro L\u00e1szl\u00f3 Krasznahorkai<\/a>&nbsp;&nbsp;Di\u00e1rio de Not\u00edcias<\/li>\n<li><a href=\"https:\/\/news.google.com\/rss\/articles\/CBMi0gFBVV95cUxPYWdvY1pqOTVUcHZyVU16eWtuVy16SmlmWlFqYXdZZDdQc1M3WFVHV3lYQnkyQngteWtxR1BjZlpaN0h4WlphTW1fNG9aN0lGTEYxNjcxSGxya1J1ZjJUZVdkc3g2dWZibWROb3Y4QVBuSWN1QlhsbW1jemk2a3NCRHRCNk9HbllyaWZITDdhelcwSnFZWkxFYUtacFhQT2lOYWF0REd0YUI3TDVPODNxbmk0VU9CZW00TUdUaW1pVzMxNmhZNDhtTDNfZno0ZGJueHc?oc=5\" target=\"_blank\" rel=\"nofollow noopener\">Jamil Chade: Com mais um europeu, Nobel ignora car\u00e1ter universal e de paz da literatura<\/a>&nbsp;&nbsp;UOL Not\u00edcias<\/li>\n<li><a href=\"https:\/\/news.google.com\/rss\/articles\/CBMiYkFVX3lxTE5YdjFUZ2FaSlg3aFR5VHcwZ0pJa2I4TjV5RVNNdXViQWRjSmg2Z09odnZjLVdybDhTU0ZpV3ZieEVCVDlsWkFUWEpMNHlwenBrLWpLNm04ZXZkc1FmYkhQSzZB?oc=5\" target=\"_blank\" rel=\"nofollow noopener\">Quem \u00e9 o escritor h\u00fangaro L\u00e1szl\u00f3 Krasznahorkai, ganhador do Pr\u00eamio Nobel de Literatura<\/a>&nbsp;&nbsp;BBC<\/li>\n<li><a href=\"https:\/\/news.google.com\/rss\/articles\/CBMiuwFBVV95cUxOcmFIaDJhVVp0eUQwbmxJQkJ2WHBjTnNJeWUzNVFxU0FRV05nYjBFVkNobGxPZmVBRFFiMXBOZ1JCUC1TR1FTaUU3eWZOUVBDMkFvQjJ5cXM5VW1HQ2ExYmt5SFdHRUhpYzd3TFF5QWZzQTFNZUxHbV9CdmF0bU5uR1pDdXFaSThMcllpRDFTNXp2c2llRlNyb1RhWWpjdFNNbDhsZjdTTEJFNzJQcFJST25RRjkzV1I0QUpj?oc=5\" target=\"_blank\" rel=\"nofollow noopener\">O que Milton Hatoum achou da escolha do Pr\u00eamio Nobel de Literatura?<\/a>&nbsp;&nbsp;Estad\u00e3o<\/li>\n<li><a href=\"https:\/\/news.google.com\/rss\/articles\/CBMisgFBVV95cUxQWWliRTBDMHV5RHdlLVQ3cHBlNU1XUlZDM0FObXo2NWo0NmVUSzNqclVFbDNJU25EaHNqMEtVTmp5eUtaOWpxM0JwVG15dzF1T1NsX1hkUDNrUXRxaUNMd0x4d0FERDdkcmlFZmxoU2s5c2kxZmtGU0t4SmpFZDRHVzJIMHhmNjZ0aGY5eXlDN25sX3dYTFpJOTBJMk1hem1VZUdkalBrOTBlYXZBalFkLWx30gG3AUFVX3lxTE9obVhrcGxvcHZkZDFycHIxS1NTV0I3cDJoOTBRQXVEY3FoZ1NXMmdPMVg3ZTBSamRmQ1JnYUFiNlpCVzhUMlVjZFBFRk9LSW9IbFZtYl9CS0VxdWprbUVTUXdfdXFWN1NIQlB3QzJ5MlU3V0dEdzV0ZUp4VjFtRmV0bUlma1J4RlNud1M4TWFqLWFwb04xV2tYYjZFN3ZXTEl5V3MxeXNKWHZWYk8xdllmU3Ntakx6aw?oc=5\" target=\"_blank\" rel=\"nofollow noopener\">Conhe\u00e7a \u201cS\u00e1t\u00e1ntang\u00f3\u201d, o \u00fanico livro do vencedor do Nobel 2025 lan\u00e7ado no Brasil<\/a>&nbsp;&nbsp;InfoMoney<\/li>\n<\/ol>\n","protected":false},"excerpt":{"rendered":"Nobel da Literatura atribu\u00eddo ao h\u00fangaro L\u00e1szl\u00f3 Krasznahorkai&nbsp;&nbsp;Di\u00e1rio de Not\u00edcias Jamil Chade: Com mais um europeu, Nobel ignora&hellip;\n","protected":false},"author":2,"featured_media":103971,"comment_status":"","ping_status":"","sticky":false,"template":"","format":"standard","meta":{"footnotes":""},"categories":[85],"tags":[114,115,864,25046,32,33],"class_list":{"0":"post-103970","1":"post","2":"type-post","3":"status-publish","4":"format-standard","5":"has-post-thumbnail","7":"category-entretenimento","8":"tag-entertainment","9":"tag-entretenimento","10":"tag-literatura","11":"tag-nobel-da-literatura","12":"tag-portugal","13":"tag-pt"},"share_on_mastodon":{"url":"","error":""},"_links":{"self":[{"href":"https:\/\/www.europesays.com\/pt\/wp-json\/wp\/v2\/posts\/103970","targetHints":{"allow":["GET"]}}],"collection":[{"href":"https:\/\/www.europesays.com\/pt\/wp-json\/wp\/v2\/posts"}],"about":[{"href":"https:\/\/www.europesays.com\/pt\/wp-json\/wp\/v2\/types\/post"}],"author":[{"embeddable":true,"href":"https:\/\/www.europesays.com\/pt\/wp-json\/wp\/v2\/users\/2"}],"replies":[{"embeddable":true,"href":"https:\/\/www.europesays.com\/pt\/wp-json\/wp\/v2\/comments?post=103970"}],"version-history":[{"count":0,"href":"https:\/\/www.europesays.com\/pt\/wp-json\/wp\/v2\/posts\/103970\/revisions"}],"wp:featuredmedia":[{"embeddable":true,"href":"https:\/\/www.europesays.com\/pt\/wp-json\/wp\/v2\/media\/103971"}],"wp:attachment":[{"href":"https:\/\/www.europesays.com\/pt\/wp-json\/wp\/v2\/media?parent=103970"}],"wp:term":[{"taxonomy":"category","embeddable":true,"href":"https:\/\/www.europesays.com\/pt\/wp-json\/wp\/v2\/categories?post=103970"},{"taxonomy":"post_tag","embeddable":true,"href":"https:\/\/www.europesays.com\/pt\/wp-json\/wp\/v2\/tags?post=103970"}],"curies":[{"name":"wp","href":"https:\/\/api.w.org\/{rel}","templated":true}]}}