{"id":103974,"date":"2025-10-09T19:26:13","date_gmt":"2025-10-09T19:26:13","guid":{"rendered":"https:\/\/www.europesays.com\/pt\/103974\/"},"modified":"2025-10-09T19:26:13","modified_gmt":"2025-10-09T19:26:13","slug":"aviao-da-ryanair-forcado-a-aterrar-apos-ficar-sem-combustivel-durante-voo","status":"publish","type":"post","link":"https:\/\/www.europesays.com\/pt\/103974\/","title":{"rendered":"Avi\u00e3o da Ryanair for\u00e7ado a aterrar ap\u00f3s ficar sem combust\u00edvel durante voo"},"content":{"rendered":"<p>Um avi\u00e3o da companhia a\u00e9rea Ryanair foi for\u00e7ado a fazer uma aterragem de emerg\u00eancia depois de ter ficado sem combust\u00edvel durante o voo. O incidente aconteceu na sexta-feira passada, dia 3 de outubro, quando a aeronave viajava de Pisa, em It\u00e1lia, para Glasgow, na Esc\u00f3cia.<\/p>\n<p>Note-se que, nesse dia, algumas zonas da Esc\u00f3cia estavam em alerta devido \u00e0 tempestade Amy, com rajadas de vento de quase 160 km\/h e que causou v\u00e1rios constrangimentos na rede de transportes do pa\u00eds, assim como o cancelamento de v\u00e1rios voos.\u00a0<\/p>\n<p>&#8220;Depois de sair tarde de Pisa por causa de uma greve geral e de manifestantes a invadir a pista do aeroporto, est\u00e1vamos preocupados de que n\u00e3o chegar\u00edamos a Prestwick antes da tempestade&#8221;, come\u00e7ou por explicar um passageiro ao Ayr Advertiser.<\/p>\n<p>E continuou: &#8220;Tudo estava bem at\u00e9 come\u00e7armos a descer. O avi\u00e3o circulou vezes antes de tentarmos aterrar, mas acabou por subir quase imediatamente&#8221;.\u00a0<\/p>\n<p>O passageiro revelou que foi dito que tentariam aterrar &#8220;mais uma vez&#8221;, mas, se n\u00e3o fosse poss\u00edvel, teriam de &#8220;ir para Manchester&#8221;.<\/p>\n<p>&#8220;Na segunda vez, quase cheg\u00e1mos \u00e0 pista, mas, no \u00faltimo minuto, par\u00e1mos bruscamente&#8221;, explicou, acrescentado que os passageiros estavam &#8220;calmos at\u00e9 \u00e0 descida&#8221; e que &#8220;havia algumas pessoas preocupadas&#8221; porque sentiam &#8220;que o avi\u00e3o estava com dificuldades&#8221;.\u00a0<\/p>\n<p>O passageiro referiu que o avi\u00e3o andou \u00e0s voltas, tendo ainda tentado aterrar em Edimburgo: &#8220;Foi t\u00e3o mau como a segunda vez que tent\u00e1mos aterrar em em Prestwick. Havia muita turbul\u00eancia&#8221;.<\/p>\n<p>&#8220;As pessoas come\u00e7aram a ficar preocupadas porque o som do avi\u00e3o a &#8216;puxar&#8217; era dram\u00e1tica&#8221;, disse, notando que os passageiros n\u00e3o perceberam a gravidade da situa\u00e7\u00e3o at\u00e9 finalmente terem aterrado no aeroporto de Manchester.<\/p>\n<p>&#8220;Percebemos qu\u00e3o m\u00e1s as coisas estavam depois de vermos imagens da aterragem em Manchester sem combust\u00edvel quase&#8221;, explicou.<\/p>\n<p>O passageiro referiu ainda que as pessoas ficaram &#8220;aliviadas&#8221; depois da aterragem e sem vontade de &#8220;voar t\u00e3o cedo&#8221;. Ainda assim, salientou que ningu\u00e9m entrou em p\u00e2nico.<\/p>\n<p>A tripula\u00e7\u00e3o, saliente-se, emitiu um &#8220;mayday fuel&#8221; &#8211; declara\u00e7\u00e3o de emerg\u00eancia em que o piloto informa que o combust\u00edvel dispon\u00edvel \u00e9 inferior ao necess\u00e1rio para chegar ao destino e cumprir a reserva obrigat\u00f3ria de 30 minutos de voo &#8211; e quando aterrou em Manchester teria apenas combust\u00edvel para cerca de 5 ou 6 minutos de voo.<\/p>\n<p>Ao The Harold, um porta-voz da companhia a\u00e9rea sublinhou que o incidente j\u00e1 foi reportados &#8220;\u00e0s autoridades relevantes&#8221; e que agora est\u00e1 em curso uma investiga\u00e7\u00e3o.<\/p>\n<p>Numa publica\u00e7\u00e3o do Flightradar24 \u00e9 poss\u00edvel ver as voltas que a aeronave fez at\u00e9 que conseguisse pousar em seguran\u00e7a em Manchester.<\/p>\n<blockquote class=\"twitter-tweet\"><p>&#13;<\/p>\n<p dir=\"ltr\" lang=\"en\"><a href=\"https:\/\/twitter.com\/hashtag\/FR3418?src=hash&amp;ref_src=twsrc%5Etfw\" rel=\"nofollow noopener\" target=\"_blank\">#FR3418<\/a> from Pisa to Prestwick diverting to Manchester after landing attempts at Prestwick and Edinburgh. Squawking 7700 likely due to declaring a fuel emergency. <a href=\"https:\/\/t.co\/xRdo1RYTpy\" rel=\"nofollow\">https:\/\/t.co\/xRdo1RYTpy<\/a> <a href=\"https:\/\/t.co\/fklfaR585L\" rel=\"nofollow\">pic.twitter.com\/fklfaR585L<\/a><\/p>\n<p>&#13;<br \/>\n                                                    \u2014 Flightradar24 (@flightradar24) <a href=\"https:\/\/twitter.com\/flightradar24\/status\/1974195440699805733?ref_src=twsrc%5Etfw\" rel=\"nofollow noopener\" target=\"_blank\">October 3, 2025<\/a><\/p><\/blockquote>\n<p>Leia Tamb\u00e9m: <a href=\"https:\/\/www.noticiasaominuto.com\/mundo\/2861878\/britanico-tenta-abrir-porta-de-aviao-e-acaba-detido-foi-assustador\" target=\"_blank\" rel=\"noopener noreferrer nofollow\">Brit\u00e2nico tenta abrir porta de avi\u00e3o e acaba detido. &#8220;Foi assustador&#8221;<\/a><\/p>\n<p>                                            <script async src=\"https:\/\/platform.twitter.com\/widgets.js\" charset=\"utf-8\"><\/script><\/p>\n","protected":false},"excerpt":{"rendered":"Um avi\u00e3o da companhia a\u00e9rea Ryanair foi for\u00e7ado a fazer uma aterragem de emerg\u00eancia depois de ter ficado&hellip;\n","protected":false},"author":2,"featured_media":103975,"comment_status":"","ping_status":"","sticky":false,"template":"","format":"standard","meta":{"footnotes":""},"categories":[50],"tags":[27,28,15,16,14,25,26,21,22,62,12,13,19,20,23,24,17,18,29,30,31,63,64,65],"class_list":{"0":"post-103974","1":"post","2":"type-post","3":"status-publish","4":"format-standard","5":"has-post-thumbnail","7":"category-mundo","8":"tag-breaking-news","9":"tag-breakingnews","10":"tag-featured-news","11":"tag-featurednews","12":"tag-headlines","13":"tag-latest-news","14":"tag-latestnews","15":"tag-main-news","16":"tag-mainnews","17":"tag-mundo","18":"tag-news","19":"tag-noticias","20":"tag-noticias-principais","21":"tag-noticiasprincipais","22":"tag-principais-noticias","23":"tag-principaisnoticias","24":"tag-top-stories","25":"tag-topstories","26":"tag-ultimas","27":"tag-ultimas-noticias","28":"tag-ultimasnoticias","29":"tag-world","30":"tag-world-news","31":"tag-worldnews"},"share_on_mastodon":{"url":"","error":""},"_links":{"self":[{"href":"https:\/\/www.europesays.com\/pt\/wp-json\/wp\/v2\/posts\/103974","targetHints":{"allow":["GET"]}}],"collection":[{"href":"https:\/\/www.europesays.com\/pt\/wp-json\/wp\/v2\/posts"}],"about":[{"href":"https:\/\/www.europesays.com\/pt\/wp-json\/wp\/v2\/types\/post"}],"author":[{"embeddable":true,"href":"https:\/\/www.europesays.com\/pt\/wp-json\/wp\/v2\/users\/2"}],"replies":[{"embeddable":true,"href":"https:\/\/www.europesays.com\/pt\/wp-json\/wp\/v2\/comments?post=103974"}],"version-history":[{"count":0,"href":"https:\/\/www.europesays.com\/pt\/wp-json\/wp\/v2\/posts\/103974\/revisions"}],"wp:featuredmedia":[{"embeddable":true,"href":"https:\/\/www.europesays.com\/pt\/wp-json\/wp\/v2\/media\/103975"}],"wp:attachment":[{"href":"https:\/\/www.europesays.com\/pt\/wp-json\/wp\/v2\/media?parent=103974"}],"wp:term":[{"taxonomy":"category","embeddable":true,"href":"https:\/\/www.europesays.com\/pt\/wp-json\/wp\/v2\/categories?post=103974"},{"taxonomy":"post_tag","embeddable":true,"href":"https:\/\/www.europesays.com\/pt\/wp-json\/wp\/v2\/tags?post=103974"}],"curies":[{"name":"wp","href":"https:\/\/api.w.org\/{rel}","templated":true}]}}