{"id":103976,"date":"2025-10-09T19:29:08","date_gmt":"2025-10-09T19:29:08","guid":{"rendered":"https:\/\/www.europesays.com\/pt\/103976\/"},"modified":"2025-10-09T19:29:08","modified_gmt":"2025-10-09T19:29:08","slug":"the-weeknd-regressa-a-portugal-e-promete-lotar-restelo","status":"publish","type":"post","link":"https:\/\/www.europesays.com\/pt\/103976\/","title":{"rendered":"The Weeknd regressa a Portugal e promete lotar Restelo"},"content":{"rendered":"<p style=\"margin-bottom:11px\">O artista canadiano The Weeknd vai regressar a Portugal a 5 de setembro de 2026 \u00e0 boleia da digress\u00e3o \u201cAfter Hours &#8216;Til Dawn\u201d, a ter lugar no Est\u00e1dio do Restelo, que h\u00e1 pouco mais de m\u00eas estreou um novo relvado. A primeira parte do espet\u00e1culo vai contar com o rapper Playboi Carti.<\/p>\n<p>A organiza\u00e7\u00e3o do espet\u00e1culo \u00e9 responsabilidade da Live Nation. Os bilhetes v\u00e3o estar dispon\u00edveis no site da promotora a partir das 12 horas de 17 de outubro. As inscri\u00e7\u00f5es para a pr\u00e9-venda j\u00e1 est\u00e3o dispon\u00edveis, mas os pre\u00e7os dos bilhetes ainda n\u00e3o s\u00e3o conhecidos.<\/p>\n<p>A \u00faltima visita de The Weeknd a Portugal aconteceu em junho de 2023, no Passeio Mar\u00edtimo de Alg\u00e9s.<\/p>\n","protected":false},"excerpt":{"rendered":"O artista canadiano The Weeknd vai regressar a Portugal a 5 de setembro de 2026 \u00e0 boleia da&hellip;\n","protected":false},"author":2,"featured_media":103977,"comment_status":"","ping_status":"","sticky":false,"template":"","format":"standard","meta":{"footnotes":""},"categories":[145],"tags":[4508,8256,211,210,1195,114,115,82,46,18198,32,33,47,25142,1288],"class_list":{"0":"post-103976","1":"post","2":"type-post","3":"status-publish","4":"format-standard","5":"has-post-thumbnail","7":"category-celebridades","8":"tag-belem","9":"tag-belenenses","10":"tag-celebridades","11":"tag-celebrities","12":"tag-concerto","13":"tag-entertainment","14":"tag-entretenimento","15":"tag-internacional","16":"tag-maisfutebol","17":"tag-mf-mundo","18":"tag-portugal","19":"tag-pt","20":"tag-pura-paixao","21":"tag-restelo","22":"tag-the-weeknd"},"share_on_mastodon":{"url":"","error":""},"_links":{"self":[{"href":"https:\/\/www.europesays.com\/pt\/wp-json\/wp\/v2\/posts\/103976","targetHints":{"allow":["GET"]}}],"collection":[{"href":"https:\/\/www.europesays.com\/pt\/wp-json\/wp\/v2\/posts"}],"about":[{"href":"https:\/\/www.europesays.com\/pt\/wp-json\/wp\/v2\/types\/post"}],"author":[{"embeddable":true,"href":"https:\/\/www.europesays.com\/pt\/wp-json\/wp\/v2\/users\/2"}],"replies":[{"embeddable":true,"href":"https:\/\/www.europesays.com\/pt\/wp-json\/wp\/v2\/comments?post=103976"}],"version-history":[{"count":0,"href":"https:\/\/www.europesays.com\/pt\/wp-json\/wp\/v2\/posts\/103976\/revisions"}],"wp:featuredmedia":[{"embeddable":true,"href":"https:\/\/www.europesays.com\/pt\/wp-json\/wp\/v2\/media\/103977"}],"wp:attachment":[{"href":"https:\/\/www.europesays.com\/pt\/wp-json\/wp\/v2\/media?parent=103976"}],"wp:term":[{"taxonomy":"category","embeddable":true,"href":"https:\/\/www.europesays.com\/pt\/wp-json\/wp\/v2\/categories?post=103976"},{"taxonomy":"post_tag","embeddable":true,"href":"https:\/\/www.europesays.com\/pt\/wp-json\/wp\/v2\/tags?post=103976"}],"curies":[{"name":"wp","href":"https:\/\/api.w.org\/{rel}","templated":true}]}}