{"id":103978,"date":"2025-10-09T19:30:31","date_gmt":"2025-10-09T19:30:31","guid":{"rendered":"https:\/\/www.europesays.com\/pt\/103978\/"},"modified":"2025-10-09T19:30:31","modified_gmt":"2025-10-09T19:30:31","slug":"suite-9-no-campus-da-universidade-de-tecnologia-de-delft-studioninedots","status":"publish","type":"post","link":"https:\/\/www.europesays.com\/pt\/103978\/","title":{"rendered":"Su\u00edte 9 no Campus da Universidade de Tecnologia de Delft \/ Studioninedots"},"content":{"rendered":"<p><a class=\"js-image-size__link \" href=\"https:\/\/www.archdaily.com.br\/br\/1034738\/suite-9-no-campus-da-universidade-de-tecnologia-de-delft-studioninedots\/68dad323dfc95e1305544490-suite-9-at-delft-university-of-technology-campus-studioninedots-photo\" rel=\"attachment nofollow noopener\" style=\"width: 100%; height: 100%;\" target=\"_blank\"><img decoding=\"async\" alt=\"Su\u00edte 9 no Campus da Universidade de Tecnologia de Delft \/ Studioninedots - Fotografia de Exterior\" data-nr-picture-id=\"68dad323dfc95e1305544490\" fetchpriority=\"high\" height=\"426\" itemprop=\"image\" loading=\"eager\" longdesc=\"https:\/\/www.archdaily.com.br\/br\/1034738\/suite-9-no-campus-da-universidade-de-tecnologia-de-delft-studioninedots\/68dad323dfc95e1305544490-suite-9-at-delft-university-of-technology-campus-studioninedots-photo\" src=\"https:\/\/www.europesays.com\/pt\/wp-content\/uploads\/2025\/10\/suite-9-at-delft-university-of-technology-campus-studioninedots_14.jpg\" style=\"min-height: var(--featured-height, auto); aspect-ratio: auto 640 \/ 426\" width=\"640\"\/><\/a>\u00a9 Sebastian van Damme<\/p>\n<p class=\"thumbs afd-desktop-e clearfix\"><a class=\"thumbs__link\" data-nr-picture-id=\"68dad3209dfdad11ca31a57d\" href=\"https:\/\/www.archdaily.com.br\/br\/1034738\/suite-9-no-campus-da-universidade-de-tecnologia-de-delft-studioninedots\/68dad3209dfdad11ca31a57d-suite-9-at-delft-university-of-technology-campus-studioninedots-photo\" rel=\"attachment nofollow noopener\" target=\"_blank\"><img loading=\"lazy\" decoding=\"async\" alt=\"Su\u00edte 9 no Campus da Universidade de Tecnologia de Delft \/ Studioninedots - Fotografia de Exterior\" class=\"thumbs__img b-lazy\" data-nr-picture-id=\"68dad3209dfdad11ca31a57d\" data-pin-nopin=\"true\" src=\"https:\/\/www.europesays.com\/pt\/wp-content\/uploads\/2025\/10\/suite-9-at-delft-university-of-technology-campus-studioninedots_1.jpg\" height=\"125\" longdesc=\"https:\/\/www.archdaily.com.br\/br\/1034738\/suite-9-no-campus-da-universidade-de-tecnologia-de-delft-studioninedots\/68dad3209dfdad11ca31a57d-suite-9-at-delft-university-of-technology-campus-studioninedots-photo\" title=\"\u00a9 Sebastian van Damme\" width=\"125\"\/><\/a><a class=\"thumbs__link\" data-nr-picture-id=\"68dad3209dfdad4062af1992\" href=\"https:\/\/www.archdaily.com.br\/br\/1034738\/suite-9-no-campus-da-universidade-de-tecnologia-de-delft-studioninedots\/68dad3209dfdad4062af1992-suite-9-at-delft-university-of-technology-campus-studioninedots-photo\" rel=\"attachment nofollow noopener\" target=\"_blank\"><img loading=\"lazy\" decoding=\"async\" alt=\"Su\u00edte 9 no Campus da Universidade de Tecnologia de Delft \/ Studioninedots - Imagem 3 de 30\" class=\"thumbs__img b-lazy\" data-nr-picture-id=\"68dad3209dfdad4062af1992\" data-pin-nopin=\"true\" src=\"https:\/\/www.europesays.com\/pt\/wp-content\/uploads\/2025\/10\/suite-9-at-delft-university-of-technology-campus-studioninedots_3.jpg\" height=\"125\" longdesc=\"https:\/\/www.archdaily.com.br\/br\/1034738\/suite-9-no-campus-da-universidade-de-tecnologia-de-delft-studioninedots\/68dad3209dfdad4062af1992-suite-9-at-delft-university-of-technology-campus-studioninedots-photo\" title=\"\u00a9 Sebastian van Damme\" width=\"125\"\/><\/a><a class=\"thumbs__link\" data-nr-picture-id=\"68dad321dfc95e130554448c\" href=\"https:\/\/www.archdaily.com.br\/br\/1034738\/suite-9-no-campus-da-universidade-de-tecnologia-de-delft-studioninedots\/68dad321dfc95e130554448c-suite-9-at-delft-university-of-technology-campus-studioninedots-photo\" rel=\"attachment nofollow noopener\" target=\"_blank\"><img loading=\"lazy\" decoding=\"async\" alt=\"Su\u00edte 9 no Campus da Universidade de Tecnologia de Delft \/ Studioninedots - Fotografia de Interiores, Cadeira\" class=\"thumbs__img b-lazy\" data-nr-picture-id=\"68dad321dfc95e130554448c\" data-pin-nopin=\"true\" src=\"https:\/\/www.europesays.com\/pt\/wp-content\/uploads\/2025\/10\/suite-9-at-delft-university-of-technology-campus-studioninedots_5.jpg\" height=\"125\" longdesc=\"https:\/\/www.archdaily.com.br\/br\/1034738\/suite-9-no-campus-da-universidade-de-tecnologia-de-delft-studioninedots\/68dad321dfc95e130554448c-suite-9-at-delft-university-of-technology-campus-studioninedots-photo\" title=\"\u00a9 Sebastian van Damme\" width=\"125\"\/><\/a><a class=\"thumbs__link\" data-nr-picture-id=\"68dad321dfc95e130554448d\" href=\"https:\/\/www.archdaily.com.br\/br\/1034738\/suite-9-no-campus-da-universidade-de-tecnologia-de-delft-studioninedots\/68dad321dfc95e130554448d-suite-9-at-delft-university-of-technology-campus-studioninedots-photo\" rel=\"attachment nofollow noopener\" target=\"_blank\"><img loading=\"lazy\" decoding=\"async\" alt=\"Su\u00edte 9 no Campus da Universidade de Tecnologia de Delft \/ Studioninedots - Fotografia de Exterior\" class=\"thumbs__img b-lazy\" data-nr-picture-id=\"68dad321dfc95e130554448d\" data-pin-nopin=\"true\" src=\"https:\/\/www.europesays.com\/pt\/wp-content\/uploads\/2025\/10\/suite-9-at-delft-university-of-technology-campus-studioninedots_2.jpg\" height=\"125\" longdesc=\"https:\/\/www.archdaily.com.br\/br\/1034738\/suite-9-no-campus-da-universidade-de-tecnologia-de-delft-studioninedots\/68dad321dfc95e130554448d-suite-9-at-delft-university-of-technology-campus-studioninedots-photo\" title=\"\u00a9 Sebastian van Damme\" width=\"125\"\/><\/a><a class=\"gallery-link afd-desktop-e\" href=\"https:\/\/www.archdaily.com.br\/br\/1034738\/suite-9-no-campus-da-universidade-de-tecnologia-de-delft-studioninedots\/68dad323dfc95e1305544490-suite-9-at-delft-university-of-technology-campus-studioninedots-photo\" rel=\"nofollow noopener\" target=\"_blank\"><img decoding=\"async\" alt=\"Su\u00edte 9 no Campus da Universidade de Tecnologia de Delft \/ Studioninedots - Mais Imagens\" class=\"thumbs__img b-lazy\" src=\"https:\/\/www.europesays.com\/pt\/wp-content\/uploads\/2025\/10\/suite-9-at-delft-university-of-technology-campus-studioninedots_14.jpg\" itemprop=\"image\" bad-src=\"data:image\/gif;base64,R0lGODlhAQABAIAAAAUEBAAAACwAAAAAAQABAAACAkQBADs=\"\/>+ 25<\/a><\/p>\n<p>    Compartilhar<\/p>\n<p>Compartilhar<\/p>\n<ul class=\"afd-share__networks clearfix\">\n<li class=\"afd-share__social\"><a aria-label=\"Facebook\" class=\"afd-share__button\" data-insights-category=\"share\" data-insights-label=\"facebook_sharing_options\" data-insights-value=\"1034738\" data-social=\"facebook\" href=\"https:\/\/www.facebook.com\/sharer\/sharer.php?u=https:\/\/www.archdaily.com.br\/br\/1034738\/suite-9-no-campus-da-universidade-de-tecnologia-de-delft-studioninedots\" rel=\"nofollow noopener\" target=\"_blank\"><\/a>\n<p>Facebook<\/p>\n<\/li>\n<li class=\"afd-share__social\"><a aria-label=\"Twitter\" class=\"afd-share__button\" data-insights-category=\"share\" data-insights-label=\"twitter_sharing_options\" data-insights-value=\"1034738\" data-social=\"twitter\" href=\"https:\/\/twitter.com\/intent\/tweet?text=Su%C3%ADte%209%20no%20Campus%20da%20Universidade%20de%20Tecnologia%20de%20Delft%20%2F%20Studioninedots&amp;url=https:\/\/www.archdaily.com.br\/br\/1034738\/suite-9-no-campus-da-universidade-de-tecnologia-de-delft-studioninedots&amp;via=archdailybr\" rel=\"nofollow noopener\" target=\"_blank\"><\/a>\n<p>Twitter<\/p>\n<\/li>\n<li class=\"afd-share__social\"><a class=\"afd-share__button\" data-insights-category=\"share\" data-insights-label=\"email_sharing_options\" data-insights-value=\"1034738\" data-social=\"email\" href=\"mailto:?subject=Su\u00edte 9 no Campus da Universidade de Tecnologia de Delft \/ Studioninedots&amp;body=https:\/\/www.archdaily.com.br\/br\/1034738\/suite-9-no-campus-da-universidade-de-tecnologia-de-delft-studioninedots\"><\/a>\n<p>Mail<\/p>\n<\/li>\n<li class=\"afd-share__social\"><a aria-label=\"Pinterest\" class=\"afd-share__button\" data-insights-category=\"share\" data-insights-label=\"pinterest_sharing_options\" data-insights-value=\"1034738\" data-social=\"pinterest\" href=\"https:\/\/pinterest.com\/pin\/create\/button\/?url=https%3A%2F%2Fwww.archdaily.com.br%2Fbr%2F1034738%2Fsuite-9-no-campus-da-universidade-de-tecnologia-de-delft-studioninedots&amp;media=https%3A%2F%2Fimages.adsttc.com%2Fmedia%2Fimages%2F68da%2Fd323%2Fdfc9%2F5e13%2F0554%2F4490%2Flarge_jpg%2Fsuite-9-at-delft-university-of-technology-campus-studioninedots_14.jpg%3F1759171382&amp;description=Su%C3%ADte%209%20no%20Campus%20da%20Universidade%20de%20Tecnologia%20de%20Delft%20%2F%20Studioninedots\" rel=\"nofollow noopener\" target=\"_blank\"><\/a>\n<p>Pinterest<\/p>\n<\/li>\n<li class=\"afd-share__social\"><a aria-label=\"Whatsapp\" class=\"afd-share__button\" data-action=\"share\/whatsapp\/share\" data-insights-category=\"share\" data-insights-label=\"whatsapp_sharing_options\" data-insights-value=\"1034738\" data-social=\"whatsapp\" href=\"whatsapp:\/\/send?text=Su%C3%ADte+9+no+Campus+da+Universidade+de+Tecnologia+de+Delft+%2F+Studioninedots+%7C+https%3A%2F%2Fwww.archdaily.com.br%2Fbr%2F1034738%2Fsuite-9-no-campus-da-universidade-de-tecnologia-de-delft-studioninedots%3Futm_source%3DWhatsapp%26utm_medium%3DIM%26utm_campaign%3Dshare-button\" rel=\"nofollow\"><\/a>\n<p>Whatsapp<\/p>\n<\/li>\n<\/ul>\n<p>Ou<\/p>\n<p>https:\/\/www.archdaily.com.br\/br\/1034738\/suite-9-no-campus-da-universidade-de-tecnologia-de-delft-studioninedots<br \/>\n<a class=\"js-image-size__link lazy-anchor\" href=\"https:\/\/www.archdaily.com.br\/br\/1034738\/suite-9-no-campus-da-universidade-de-tecnologia-de-delft-studioninedots\/68dad3209dfdad11ca31a57d-suite-9-at-delft-university-of-technology-campus-studioninedots-photo\" rel=\"nofollow noopener\" target=\"_blank\"><img decoding=\"async\" alt=\"Su\u00edte 9 no Campus da Universidade de Tecnologia de Delft \/ Studioninedots - Fotografia de Exterior\" data-nr-picture-id=\"68dad3209dfdad11ca31a57d\" height=\"427\" itemprop=\"image\" loading=\"lazy\" longdesc=\"https:\/\/www.archdaily.com.br\/br\/1034738\/suite-9-no-campus-da-universidade-de-tecnologia-de-delft-studioninedots\/68dad3209dfdad11ca31a57d-suite-9-at-delft-university-of-technology-campus-studioninedots-photo\" src=\"https:\/\/www.europesays.com\/pt\/wp-content\/uploads\/2025\/10\/1760038227_395_suite-9-at-delft-university-of-technology-campus-studioninedots_1.jpg\" width=\"640\"\/>\u00a9 Sebastian van Damme<\/a><\/p>\n<p>Descri\u00e7\u00e3o enviada pela equipe de projeto. A Su\u00edte 9 traz nova vida ao campus da Universidade de Tecnologia de <a href=\"https:\/\/www.archdaily.com.br\/br\/tag\/delft\" rel=\"nofollow noopener\" target=\"_blank\">Delft<\/a>, com 137 unidades estudantis independentes. No cora\u00e7\u00e3o do edif\u00edcio est\u00e1 o \u201cCora\u00e7\u00e3o\u201d: um grande espa\u00e7o semiaberto que define o perfil marcante da Su\u00edte 9 e serve como ponto de encontro onde a vida estudantil pode florescer.<\/p>\n<p><a class=\"js-image-size__link lazy-anchor\" href=\"https:\/\/www.archdaily.com.br\/br\/1034738\/suite-9-no-campus-da-universidade-de-tecnologia-de-delft-studioninedots\/68dad3209dfdad4062af1992-suite-9-at-delft-university-of-technology-campus-studioninedots-photo\" rel=\"nofollow noopener\" target=\"_blank\"><img decoding=\"async\" alt=\"Su\u00edte 9 no Campus da Universidade de Tecnologia de Delft \/ Studioninedots - Imagem 3 de 30\" data-nr-picture-id=\"68dad3209dfdad4062af1992\" height=\"427\" itemprop=\"image\" loading=\"lazy\" longdesc=\"https:\/\/www.archdaily.com.br\/br\/1034738\/suite-9-no-campus-da-universidade-de-tecnologia-de-delft-studioninedots\/68dad3209dfdad4062af1992-suite-9-at-delft-university-of-technology-campus-studioninedots-photo\" src=\"https:\/\/www.europesays.com\/pt\/wp-content\/uploads\/2025\/10\/1760038227_687_suite-9-at-delft-university-of-technology-campus-studioninedots_3.jpg\" width=\"640\"\/>\u00a9 Sebastian van Damme<\/a><a class=\"js-image-size__link lazy-anchor\" href=\"https:\/\/www.archdaily.com.br\/br\/1034738\/suite-9-no-campus-da-universidade-de-tecnologia-de-delft-studioninedots\/68dad321dfc95e130554448d-suite-9-at-delft-university-of-technology-campus-studioninedots-photo\" rel=\"nofollow noopener\" target=\"_blank\"><img decoding=\"async\" alt=\"Su\u00edte 9 no Campus da Universidade de Tecnologia de Delft \/ Studioninedots - Fotografia de Exterior\" data-nr-picture-id=\"68dad321dfc95e130554448d\" height=\"427\" itemprop=\"image\" loading=\"lazy\" longdesc=\"https:\/\/www.archdaily.com.br\/br\/1034738\/suite-9-no-campus-da-universidade-de-tecnologia-de-delft-studioninedots\/68dad321dfc95e130554448d-suite-9-at-delft-university-of-technology-campus-studioninedots-photo\" src=\"https:\/\/www.europesays.com\/pt\/wp-content\/uploads\/2025\/10\/1760038228_182_suite-9-at-delft-university-of-technology-campus-studioninedots_2.jpg\" width=\"640\"\/>\u00a9 Sebastian van Damme<\/a><\/p>\n<p>Ao longo da Balthasar van der Polweg, o edif\u00edcio rompe com o r\u00edgido tra\u00e7ado urbano de Carel Weeber, apresentando-se como um novo elemento surpreendente na paisagem \u2014 um volume que atrai tanto os moradores quanto a comunidade do campus. Por meio do uso inteligente da pr\u00e9-fabrica\u00e7\u00e3o, de espa\u00e7os sociais bem projetados e de interven\u00e7\u00f5es sustent\u00e1veis e ecol\u00f3gicas, a Su\u00edte 9 demonstra como a moradia estudantil pode ser eficiente e, ao mesmo tempo, visualmente marcante.<\/p>\n<p><a class=\"js-image-size__link lazy-anchor\" href=\"https:\/\/www.archdaily.com.br\/br\/1034738\/suite-9-no-campus-da-universidade-de-tecnologia-de-delft-studioninedots\/68dad313dfc95e1305544489-suite-9-at-delft-university-of-technology-campus-studioninedots-plan-ground-floor\" rel=\"nofollow noopener\" target=\"_blank\"><img decoding=\"async\" alt=\"Su\u00edte 9 no Campus da Universidade de Tecnologia de Delft \/ Studioninedots - Imagem 25 de 30\" data-nr-picture-id=\"68dad313dfc95e1305544489\" height=\"427\" itemprop=\"image\" loading=\"lazy\" longdesc=\"https:\/\/www.archdaily.com.br\/br\/1034738\/suite-9-no-campus-da-universidade-de-tecnologia-de-delft-studioninedots\/68dad313dfc95e1305544489-suite-9-at-delft-university-of-technology-campus-studioninedots-plan-ground-floor\" src=\"https:\/\/www.europesays.com\/pt\/wp-content\/uploads\/2025\/10\/studioninedots-suite-9-pln-00-1.jpg\" width=\"640\"\/>Planta do T\u00e9rreo<\/a><a class=\"js-image-size__link lazy-anchor\" href=\"https:\/\/www.archdaily.com.br\/br\/1034738\/suite-9-no-campus-da-universidade-de-tecnologia-de-delft-studioninedots\/68dad314dfc95e2f4e322780-suite-9-at-delft-university-of-technology-campus-studioninedots-sections\" rel=\"nofollow noopener\" target=\"_blank\"><img decoding=\"async\" alt=\"Su\u00edte 9 no Campus da Universidade de Tecnologia de Delft \/ Studioninedots - Imagem 30 de 30\" data-nr-picture-id=\"68dad314dfc95e2f4e322780\" height=\"427\" itemprop=\"image\" loading=\"lazy\" longdesc=\"https:\/\/www.archdaily.com.br\/br\/1034738\/suite-9-no-campus-da-universidade-de-tecnologia-de-delft-studioninedots\/68dad314dfc95e2f4e322780-suite-9-at-delft-university-of-technology-campus-studioninedots-sections\" src=\"https:\/\/www.europesays.com\/pt\/wp-content\/uploads\/2025\/10\/studioninedots-suite-9-sec-10.jpg\" width=\"640\"\/>Se\u00e7\u00f5es<\/a><\/p>\n<p>O \u201cCora\u00e7\u00e3o\u201d foi concebido como um espa\u00e7o flex\u00edvel e convidativo, adequado para tudo \u2014 de estudos ao ar livre a eventos coletivos. As plataformas em degraus funcionam como assentos, terra\u00e7os ou palcos informais, incentivando o uso espont\u00e2neo. Ao lado do Cora\u00e7\u00e3o, as \u00e1reas coletivas internas foram organizadas de modo a estimular a conviv\u00eancia: uma sala de estar comunit\u00e1ria com cozinha e uma grande mesa de jantar, cantos de estudo aconchegantes, um lounge com TV e lavanderia. Uma parede de vidro em toda a altura conecta a sala de estar ao campus universit\u00e1rio.<\/p>\n<p><a class=\"js-image-size__link lazy-anchor\" href=\"https:\/\/www.archdaily.com.br\/br\/1034738\/suite-9-no-campus-da-universidade-de-tecnologia-de-delft-studioninedots\/68dad321dfc95e130554448c-suite-9-at-delft-university-of-technology-campus-studioninedots-photo\" rel=\"nofollow noopener\" target=\"_blank\"><img decoding=\"async\" alt=\"Su\u00edte 9 no Campus da Universidade de Tecnologia de Delft \/ Studioninedots - Fotografia de Interiores, Cadeira\" data-nr-picture-id=\"68dad321dfc95e130554448c\" height=\"427\" itemprop=\"image\" loading=\"lazy\" longdesc=\"https:\/\/www.archdaily.com.br\/br\/1034738\/suite-9-no-campus-da-universidade-de-tecnologia-de-delft-studioninedots\/68dad321dfc95e130554448c-suite-9-at-delft-university-of-technology-campus-studioninedots-photo\" src=\"https:\/\/www.europesays.com\/pt\/wp-content\/uploads\/2025\/10\/1760038229_704_suite-9-at-delft-university-of-technology-campus-studioninedots_5.jpg\" width=\"640\"\/>\u00a9 Sebastian van Damme<\/a><\/p>\n<p>Os pavimentos residenciais e o biciclet\u00e1rio no t\u00e9rreo s\u00e3o organizados em torno do Cora\u00e7\u00e3o, cada um se relacionando com ele de forma particular. Isso cria uma experi\u00eancia distinta em cada andar, com o Cora\u00e7\u00e3o atuando como conector central na circula\u00e7\u00e3o da Su\u00edte 9.<\/p>\n<p><a class=\"js-image-size__link lazy-anchor\" href=\"https:\/\/www.archdaily.com.br\/br\/1034738\/suite-9-no-campus-da-universidade-de-tecnologia-de-delft-studioninedots\/68dad3229dfdad11ca31a57f-suite-9-at-delft-university-of-technology-campus-studioninedots-photo\" rel=\"nofollow noopener\" target=\"_blank\"><img decoding=\"async\" alt=\"Su\u00edte 9 no Campus da Universidade de Tecnologia de Delft \/ Studioninedots - Fotografia de Interiores, Vidro, Aido, Balc\u00e3o\" data-nr-picture-id=\"68dad3229dfdad11ca31a57f\" height=\"427\" itemprop=\"image\" loading=\"lazy\" longdesc=\"https:\/\/www.archdaily.com.br\/br\/1034738\/suite-9-no-campus-da-universidade-de-tecnologia-de-delft-studioninedots\/68dad3229dfdad11ca31a57f-suite-9-at-delft-university-of-technology-campus-studioninedots-photo\" src=\"https:\/\/www.europesays.com\/pt\/wp-content\/uploads\/2025\/10\/suite-9-at-delft-university-of-technology-campus-studioninedots_8.jpg\" width=\"640\"\/>\u00a9 Sebastian van Damme<\/a><\/p>\n<p>No desenvolvimento da Su\u00edte 9, adotamos integralmente a pr\u00e9-fabrica\u00e7\u00e3o modular, em estreita colabora\u00e7\u00e3o com a Daiwa House Modular. Gra\u00e7as \u00e0s unidades pr\u00e9-fabricadas, o edif\u00edcio foi conclu\u00eddo em apenas 26 semanas, sem comprometer qualidade ou precis\u00e3o. No entanto, a pr\u00e9-fabrica\u00e7\u00e3o significou mais do que rapidez: tornou-se o n\u00facleo da filosofia de projeto, com repeti\u00e7\u00e3o e varia\u00e7\u00e3o expressas de forma l\u00fadica em todo o edif\u00edcio.<\/p>\n<p><a class=\"js-image-size__link lazy-anchor\" href=\"https:\/\/www.archdaily.com.br\/br\/1034738\/suite-9-no-campus-da-universidade-de-tecnologia-de-delft-studioninedots\/68dad322dfc95e130554448e-suite-9-at-delft-university-of-technology-campus-studioninedots-photo\" rel=\"nofollow noopener\" target=\"_blank\"><img decoding=\"async\" alt=\"Su\u00edte 9 no Campus da Universidade de Tecnologia de Delft \/ Studioninedots - Fotografia de Interiores\" data-nr-picture-id=\"68dad322dfc95e130554448e\" height=\"427\" itemprop=\"image\" loading=\"lazy\" longdesc=\"https:\/\/www.archdaily.com.br\/br\/1034738\/suite-9-no-campus-da-universidade-de-tecnologia-de-delft-studioninedots\/68dad322dfc95e130554448e-suite-9-at-delft-university-of-technology-campus-studioninedots-photo\" src=\"https:\/\/www.europesays.com\/pt\/wp-content\/uploads\/2025\/10\/suite-9-at-delft-university-of-technology-campus-studioninedots_9.jpg\" width=\"640\"\/>\u00a9 Sebastian van Damme<\/a><a class=\"js-image-size__link lazy-anchor\" href=\"https:\/\/www.archdaily.com.br\/br\/1034738\/suite-9-no-campus-da-universidade-de-tecnologia-de-delft-studioninedots\/68dad314dfc95e130554448b-suite-9-at-delft-university-of-technology-campus-studioninedots-scheme-04\" rel=\"nofollow noopener\" target=\"_blank\"><img decoding=\"async\" alt=\"Su\u00edte 9 no Campus da Universidade de Tecnologia de Delft \/ Studioninedots - Imagem 23 de 30\" data-nr-picture-id=\"68dad314dfc95e130554448b\" height=\"427\" itemprop=\"image\" loading=\"lazy\" longdesc=\"https:\/\/www.archdaily.com.br\/br\/1034738\/suite-9-no-campus-da-universidade-de-tecnologia-de-delft-studioninedots\/68dad314dfc95e130554448b-suite-9-at-delft-university-of-technology-campus-studioninedots-scheme-04\" src=\"https:\/\/www.europesays.com\/pt\/wp-content\/uploads\/2025\/10\/studioninedots-suite-9-sch-02b-9.jpg\" width=\"640\"\/>Esquema 4<\/a><a class=\"js-image-size__link lazy-anchor\" href=\"https:\/\/www.archdaily.com.br\/br\/1034738\/suite-9-no-campus-da-universidade-de-tecnologia-de-delft-studioninedots\/68dad322dfc95e130554448f-suite-9-at-delft-university-of-technology-campus-studioninedots-photo\" rel=\"nofollow noopener\" target=\"_blank\"><img decoding=\"async\" alt=\"Su\u00edte 9 no Campus da Universidade de Tecnologia de Delft \/ Studioninedots - Imagem 12 de 30\" data-nr-picture-id=\"68dad322dfc95e130554448f\" height=\"427\" itemprop=\"image\" loading=\"lazy\" longdesc=\"https:\/\/www.archdaily.com.br\/br\/1034738\/suite-9-no-campus-da-universidade-de-tecnologia-de-delft-studioninedots\/68dad322dfc95e130554448f-suite-9-at-delft-university-of-technology-campus-studioninedots-photo\" src=\"https:\/\/www.europesays.com\/pt\/wp-content\/uploads\/2025\/10\/suite-9-at-delft-university-of-technology-campus-studioninedots_10.jpg\" width=\"640\"\/>\u00a9 Sebastian van Damme<\/a><\/p>\n<p>O projeto estabelece um forte contraste entre as experi\u00eancias externa e interna. A fachada \u00e9 robusta \u2014 revestida com pain\u00e9is Eternit TE 80 grafite, emoldurados por caixilhos de janelas preto-fosco. Pain\u00e9is perfurados fragmentam a superf\u00edcie em padr\u00f5es variados, sugerindo as fun\u00e7\u00f5es internas e, \u00e0 noite, transformando o edif\u00edcio em um jogo cativante de luz.<\/p>\n<p><a class=\"js-image-size__link lazy-anchor\" href=\"https:\/\/www.archdaily.com.br\/br\/1034738\/suite-9-no-campus-da-universidade-de-tecnologia-de-delft-studioninedots\/68dad3219dfdad11ca31a57e-suite-9-at-delft-university-of-technology-campus-studioninedots-photo\" rel=\"nofollow noopener\" target=\"_blank\"><img decoding=\"async\" alt=\"Su\u00edte 9 no Campus da Universidade de Tecnologia de Delft \/ Studioninedots - Fotografia de Interiores, Madeira, Terra\u00e7o, Jardim, Balc\u00e3o\" data-nr-picture-id=\"68dad3219dfdad11ca31a57e\" height=\"427\" itemprop=\"image\" loading=\"lazy\" longdesc=\"https:\/\/www.archdaily.com.br\/br\/1034738\/suite-9-no-campus-da-universidade-de-tecnologia-de-delft-studioninedots\/68dad3219dfdad11ca31a57e-suite-9-at-delft-university-of-technology-campus-studioninedots-photo\" src=\"https:\/\/www.europesays.com\/pt\/wp-content\/uploads\/2025\/10\/suite-9-at-delft-university-of-technology-campus-studioninedots_6.jpg\" width=\"640\"\/>\u00a9 Sebastian van Damme<\/a><\/p>\n<p>No interior, pisos, paredes e tetos em madeira Sucupira Amarela trazem calor e continuidade aos espa\u00e7os coletivos. Mobili\u00e1rios integrados e elementos vegetais no Cora\u00e7\u00e3o criam um ambiente funcional e saud\u00e1vel, onde as pessoas podem circular livremente ou permanecer em momentos de descanso.<\/p>\n<p><a class=\"js-image-size__link lazy-anchor\" href=\"https:\/\/www.archdaily.com.br\/br\/1034738\/suite-9-no-campus-da-universidade-de-tecnologia-de-delft-studioninedots\/68dad3239dfdad11ca31a581-suite-9-at-delft-university-of-technology-campus-studioninedots-photo\" rel=\"nofollow noopener\" target=\"_blank\"><img decoding=\"async\" alt=\"Su\u00edte 9 no Campus da Universidade de Tecnologia de Delft \/ Studioninedots - Fotografia de Exterior\" data-nr-picture-id=\"68dad3239dfdad11ca31a581\" height=\"427\" itemprop=\"image\" loading=\"lazy\" longdesc=\"https:\/\/www.archdaily.com.br\/br\/1034738\/suite-9-no-campus-da-universidade-de-tecnologia-de-delft-studioninedots\/68dad3239dfdad11ca31a581-suite-9-at-delft-university-of-technology-campus-studioninedots-photo\" src=\"https:\/\/www.europesays.com\/pt\/wp-content\/uploads\/2025\/10\/suite-9-at-delft-university-of-technology-campus-studioninedots_17.jpg\" width=\"640\"\/>\u00a9 Sebastian van Damme<\/a><\/p>\n<p>Todas as fun\u00e7\u00f5es coletivas est\u00e3o abrigadas dentro do edif\u00edcio, permitindo que a cobertura seja inteiramente dedicada a uma paisagem de sedum com pain\u00e9is solares.<\/p>\n<p><a class=\"js-image-size__link lazy-anchor\" href=\"https:\/\/www.archdaily.com.br\/br\/1034738\/suite-9-no-campus-da-universidade-de-tecnologia-de-delft-studioninedots\/68dad324dfc95e1305544493-suite-9-at-delft-university-of-technology-campus-studioninedots-photo\" rel=\"nofollow noopener\" target=\"_blank\"><img decoding=\"async\" alt=\"Su\u00edte 9 no Campus da Universidade de Tecnologia de Delft \/ Studioninedots - Fotografia de Exterior\" data-nr-picture-id=\"68dad324dfc95e1305544493\" height=\"427\" itemprop=\"image\" loading=\"lazy\" longdesc=\"https:\/\/www.archdaily.com.br\/br\/1034738\/suite-9-no-campus-da-universidade-de-tecnologia-de-delft-studioninedots\/68dad324dfc95e1305544493-suite-9-at-delft-university-of-technology-campus-studioninedots-photo\" src=\"https:\/\/www.europesays.com\/pt\/wp-content\/uploads\/2025\/10\/suite-9-at-delft-university-of-technology-campus-studioninedots_16.jpg\" width=\"640\"\/>\u00a9 Sebastian van Damme<\/a><script async src=\"https:\/\/platform.twitter.com\/widgets.js\" charset=\"utf-8\"><\/script><\/p>\n","protected":false},"excerpt":{"rendered":"\u00a9 Sebastian van Damme + 25 Compartilhar Compartilhar Facebook Twitter Mail Pinterest Whatsapp Ou https:\/\/www.archdaily.com.br\/br\/1034738\/suite-9-no-campus-da-universidade-de-tecnologia-de-delft-studioninedots \u00a9 Sebastian van&hellip;\n","protected":false},"author":2,"featured_media":103979,"comment_status":"","ping_status":"","sticky":false,"template":"","format":"standard","meta":{"footnotes":""},"categories":[144],"tags":[304,13707,207,205,206,203,201,202,25145,204,114,115,25144,25143,32,33],"class_list":{"0":"post-103978","1":"post","2":"type-post","3":"status-publish","4":"format-standard","5":"has-post-thumbnail","7":"category-arte-e-design","8":"tag-arquitetura","9":"tag-arquitetura-educacional","10":"tag-arte","11":"tag-arte-e-design","12":"tag-artedesign","13":"tag-arts","14":"tag-arts-and-design","15":"tag-artsanddesign","16":"tag-delft","17":"tag-design","18":"tag-entertainment","19":"tag-entretenimento","20":"tag-habitacao-estudantil","21":"tag-outros-edificios","22":"tag-portugal","23":"tag-pt"},"share_on_mastodon":{"url":"","error":""},"_links":{"self":[{"href":"https:\/\/www.europesays.com\/pt\/wp-json\/wp\/v2\/posts\/103978","targetHints":{"allow":["GET"]}}],"collection":[{"href":"https:\/\/www.europesays.com\/pt\/wp-json\/wp\/v2\/posts"}],"about":[{"href":"https:\/\/www.europesays.com\/pt\/wp-json\/wp\/v2\/types\/post"}],"author":[{"embeddable":true,"href":"https:\/\/www.europesays.com\/pt\/wp-json\/wp\/v2\/users\/2"}],"replies":[{"embeddable":true,"href":"https:\/\/www.europesays.com\/pt\/wp-json\/wp\/v2\/comments?post=103978"}],"version-history":[{"count":0,"href":"https:\/\/www.europesays.com\/pt\/wp-json\/wp\/v2\/posts\/103978\/revisions"}],"wp:featuredmedia":[{"embeddable":true,"href":"https:\/\/www.europesays.com\/pt\/wp-json\/wp\/v2\/media\/103979"}],"wp:attachment":[{"href":"https:\/\/www.europesays.com\/pt\/wp-json\/wp\/v2\/media?parent=103978"}],"wp:term":[{"taxonomy":"category","embeddable":true,"href":"https:\/\/www.europesays.com\/pt\/wp-json\/wp\/v2\/categories?post=103978"},{"taxonomy":"post_tag","embeddable":true,"href":"https:\/\/www.europesays.com\/pt\/wp-json\/wp\/v2\/tags?post=103978"}],"curies":[{"name":"wp","href":"https:\/\/api.w.org\/{rel}","templated":true}]}}