{"id":103980,"date":"2025-10-09T19:31:20","date_gmt":"2025-10-09T19:31:20","guid":{"rendered":"https:\/\/www.europesays.com\/pt\/103980\/"},"modified":"2025-10-09T19:31:20","modified_gmt":"2025-10-09T19:31:20","slug":"hungaro-vencedor-do-nobel-de-literatura-e-o-terror-dos-tradutores-e-quase-fez-especialista-desistir-valor-economico","status":"publish","type":"post","link":"https:\/\/www.europesays.com\/pt\/103980\/","title":{"rendered":"H\u00fangaro vencedor do Nobel de Literatura \u00e9 o terror dos tradutores e quase fez especialista desistir &#8211; Valor Econ\u00f4mico"},"content":{"rendered":"<ol>\n<li><a href=\"https:\/\/news.google.com\/rss\/articles\/CBMi6AFBVV95cUxQWHlVdEM4a2pjX19ENHA0Mk9VVmxWV2dDUTkzN19uTFB4QWIwNDVMbnZPNjUtT21UOVpDS01tVEc2UThTMVkyN21Va0F4RVlDMHRqTlZDd2JwMHNkX1BqRWtNUkZ4TXREY0V2Wld1bjhVV1EzZVhmQzBtRDVUcEJWSnJyRUE2dm80eXVjMVpadk5EVnlIS2lfZHhhN0NWOEJVZXNKcVN5b1FPeFdZc3hoNlYtUnZLaVctNHpEeS1SN1piY2tZNFBZbTVsTDMxYmJrbnd4R2pPRUtzdDN1Tk53RTM3YmwwM0ts0gH3AUFVX3lxTE90TnlMaW41OFNvVm9ZaXk0QUtoQlg4RGozVEJ0Y2FlUFNfbVFZSXFPbm1fLXJWWjBGOGF1UXd1NUdqQjFiMDY0OVRLemNwUXJnSUJPckFoV2NOQy05V1F3eGktaXhBeG1pVkRoZ0hQdmdJRXV5MHZLQ25HX1RRdnEyQUJaT0tLQzlSa1JpbUNLa2NPMDVSdF9iLWFyRnFIbUJ3V0tMQ0dQQWZxRm14RjVOckV1d1J3ZFg2UzVVNjRBbmE3MnNFVFJpUU95Ml9fOG5IV2Ryek9EWk03U2t5NWY5NFRJQ2dhcnVDSXFwVUNhdjllcThzbzA?oc=5\" target=\"_blank\" rel=\"nofollow noopener\">H\u00fangaro vencedor do Nobel de Literatura \u00e9 o terror dos tradutores e quase fez especialista desistir<\/a>&nbsp;&nbsp;Valor Econ\u00f4mico<\/li>\n<li><a href=\"https:\/\/news.google.com\/rss\/articles\/CBMi0gFBVV95cUxPYWdvY1pqOTVUcHZyVU16eWtuVy16SmlmWlFqYXdZZDdQc1M3WFVHV3lYQnkyQngteWtxR1BjZlpaN0h4WlphTW1fNG9aN0lGTEYxNjcxSGxya1J1ZjJUZVdkc3g2dWZibWROb3Y4QVBuSWN1QlhsbW1jemk2a3NCRHRCNk9HbllyaWZITDdhelcwSnFZWkxFYUtacFhQT2lOYWF0REd0YUI3TDVPODNxbmk0VU9CZW00TUdUaW1pVzMxNmhZNDhtTDNfZno0ZGJueHc?oc=5\" target=\"_blank\" rel=\"nofollow noopener\">Jamil Chade: Com mais um europeu, Nobel ignora car\u00e1ter universal e de paz da literatura<\/a>&nbsp;&nbsp;UOL Not\u00edcias<\/li>\n<li><a href=\"https:\/\/news.google.com\/rss\/articles\/CBMiYkFVX3lxTE5YdjFUZ2FaSlg3aFR5VHcwZ0pJa2I4TjV5RVNNdXViQWRjSmg2Z09odnZjLVdybDhTU0ZpV3ZieEVCVDlsWkFUWEpMNHlwenBrLWpLNm04ZXZkc1FmYkhQSzZB?oc=5\" target=\"_blank\" rel=\"nofollow noopener\">Quem \u00e9 o escritor h\u00fangaro L\u00e1szl\u00f3 Krasznahorkai, ganhador do Pr\u00eamio Nobel de Literatura<\/a>&nbsp;&nbsp;BBC<\/li>\n<li><a href=\"https:\/\/news.google.com\/rss\/articles\/CBMiuwFBVV95cUxOcmFIaDJhVVp0eUQwbmxJQkJ2WHBjTnNJeWUzNVFxU0FRV05nYjBFVkNobGxPZmVBRFFiMXBOZ1JCUC1TR1FTaUU3eWZOUVBDMkFvQjJ5cXM5VW1HQ2ExYmt5SFdHRUhpYzd3TFF5QWZzQTFNZUxHbV9CdmF0bU5uR1pDdXFaSThMcllpRDFTNXp2c2llRlNyb1RhWWpjdFNNbDhsZjdTTEJFNzJQcFJST25RRjkzV1I0QUpj?oc=5\" target=\"_blank\" rel=\"nofollow noopener\">O que Milton Hatoum achou da escolha do Pr\u00eamio Nobel de Literatura?<\/a>&nbsp;&nbsp;Estad\u00e3o<\/li>\n<li><a href=\"https:\/\/news.google.com\/rss\/articles\/CBMiswFBVV95cUxNQXFPSEF1bThLWG9MS2RDaERvT1p0eERmSzd3X0R2RnpWTGQwZUViMDQyeFl4MDg0eVpRMzVNb2dOb2xNV1c5ODUwdkVaaEFsa1VrTEtnQ1EzOU1DeGRVQXViY3dVSGtRaGlKcHM5LTJsUU5vMEF2c3c3dG5Tc3ktVWFkOW5kMGQ3UjJwUGhVN3U1VlNqZ2loZUtzY2pOb3g1amE1T2hDZTlPMTVHV2pnNTdGcw?oc=5\" target=\"_blank\" rel=\"nofollow noopener\">Conhe\u00e7a L\u00e1szl\u00f3 Krasznahorkai, laureado com o Nobel de Literatura 2025<\/a>&nbsp;&nbsp;CNN Brasil<\/li>\n<\/ol>\n","protected":false},"excerpt":{"rendered":"H\u00fangaro vencedor do Nobel de Literatura \u00e9 o terror dos tradutores e quase fez especialista desistir&nbsp;&nbsp;Valor Econ\u00f4mico Jamil&hellip;\n","protected":false},"author":2,"featured_media":103981,"comment_status":"","ping_status":"","sticky":false,"template":"","format":"standard","meta":{"footnotes":""},"categories":[143],"tags":[169,114,115,170,32,33],"class_list":{"0":"post-103980","1":"post","2":"type-post","3":"status-publish","4":"format-standard","5":"has-post-thumbnail","7":"category-livros","8":"tag-books","9":"tag-entertainment","10":"tag-entretenimento","11":"tag-livros","12":"tag-portugal","13":"tag-pt"},"share_on_mastodon":{"url":"","error":""},"_links":{"self":[{"href":"https:\/\/www.europesays.com\/pt\/wp-json\/wp\/v2\/posts\/103980","targetHints":{"allow":["GET"]}}],"collection":[{"href":"https:\/\/www.europesays.com\/pt\/wp-json\/wp\/v2\/posts"}],"about":[{"href":"https:\/\/www.europesays.com\/pt\/wp-json\/wp\/v2\/types\/post"}],"author":[{"embeddable":true,"href":"https:\/\/www.europesays.com\/pt\/wp-json\/wp\/v2\/users\/2"}],"replies":[{"embeddable":true,"href":"https:\/\/www.europesays.com\/pt\/wp-json\/wp\/v2\/comments?post=103980"}],"version-history":[{"count":0,"href":"https:\/\/www.europesays.com\/pt\/wp-json\/wp\/v2\/posts\/103980\/revisions"}],"wp:featuredmedia":[{"embeddable":true,"href":"https:\/\/www.europesays.com\/pt\/wp-json\/wp\/v2\/media\/103981"}],"wp:attachment":[{"href":"https:\/\/www.europesays.com\/pt\/wp-json\/wp\/v2\/media?parent=103980"}],"wp:term":[{"taxonomy":"category","embeddable":true,"href":"https:\/\/www.europesays.com\/pt\/wp-json\/wp\/v2\/categories?post=103980"},{"taxonomy":"post_tag","embeddable":true,"href":"https:\/\/www.europesays.com\/pt\/wp-json\/wp\/v2\/tags?post=103980"}],"curies":[{"name":"wp","href":"https:\/\/api.w.org\/{rel}","templated":true}]}}