{"id":103982,"date":"2025-10-09T19:32:07","date_gmt":"2025-10-09T19:32:07","guid":{"rendered":"https:\/\/www.europesays.com\/pt\/103982\/"},"modified":"2025-10-09T19:32:07","modified_gmt":"2025-10-09T19:32:07","slug":"de-regresso-a-tvi-benedita-pereira-revela-detalhes-da-sua-personagem-nao-e-ingenua","status":"publish","type":"post","link":"https:\/\/www.europesays.com\/pt\/103982\/","title":{"rendered":"De regresso \u00e0 TVI, Benedita Pereira revela detalhes da sua personagem: &#8220;N\u00e3o \u00e9 ing\u00e9nua&#8230;&#8221;"},"content":{"rendered":"<p>\t\t\t\t\t\t\t\t\t\t\t\t\t\t\u201cTerra Forte\u201d \u00e9 a pr\u00f3xima grande aposta da TVI na fic\u00e7\u00e3o nacional e tem data de estreia marcada para o pr\u00f3ximo dia 20 de outubro.<\/p>\n<p>A nova novela da esta\u00e7\u00e3o, da autoria de Maria Jo\u00e3o Costa \u2013 autora de grandes sucessos como \u201cOuro Verde\u201d e \u201cCacau\u201d, conta a hist\u00f3ria de Flor, uma mulher dada como morta no Brasil e ressurge na Ilha das Flores, A\u00e7ores, quase vinte anos depois, trazendo consigo uma revela\u00e7\u00e3o que pode mudar tudo: algu\u00e9m a tentou matar anos antes em alto-mar.<\/p>\n<p>Com grava\u00e7\u00f5es entre os A\u00e7ores e Florian\u00f3polis, a trama marca o regresso de Benedita Pereira aos pap\u00e9is de destaque.<\/p>\n<p>\u00c0 margem da apresenta\u00e7\u00e3o da novela, que aconteceu esta semana, a atriz abriu o \u201cjogo\u201d sobre a sua protagonista: <strong>\u201cEnt\u00e3o, a Flor \u00e9 uma protagonista talvez at\u00edpica. N\u00e3o \u00e9 ing\u00e9nua, ela percebe logo tudo. Tem estrat\u00e9gia, tem ast\u00facia. N\u00e3o \u00e9 perfeita, n\u00e3o faz tudo certo, erra muitas vezes e tem peso na consci\u00eancia\u201d<\/strong>.<\/p>\n<p>Benedita Pereira confidenciou ainda: <strong>\u201cMas tamb\u00e9m que luta por justi\u00e7a. Apesar de ter estado, v\u00e1, quase 20 anos escondida, quando o passado chama por ela, ela vai atr\u00e1s e vai atr\u00e1s de justi\u00e7a e saber a verdade, custe o que custar\u201d.<\/strong><\/p>\n<p><strong>\u201c\u00c0s vezes n\u00e3o sendo o mais honesta poss\u00edvel, com algumas estrat\u00e9gias para tentar aquilo que quer, que \u00e9 a tal justi\u00e7a, e a tal verdade\u201d<\/strong> \u2013 rematou.<\/p>\n<p>Veja aqui:<\/p>\n<blockquote class=\"instagram-media\" style=\"background: #FFF; border: 0; border-radius: 3px; box-shadow: 0 0 1px 0 rgba(0,0,0,0.5),0 1px 10px 0 rgba(0,0,0,0.15); margin: 1px; max-width: 540px; min-width: 326px; padding: 0; width: calc(100% - 2px);\" data-instgrm-captioned=\"\" data-instgrm-permalink=\"https:\/\/www.instagram.com\/reel\/DPj5n8GDh3y\/?utm_source=ig_embed&amp;utm_campaign=loading\" data-instgrm-version=\"14\">\n<\/blockquote>\n<blockquote class=\"wp-embedded-content\" data-secret=\"Lxqjl01Q67\">\n<p><a href=\"https:\/\/www.hiper.fm\/tvi-revela-novo-trailer-arrebatador-de-terra-forte-e-promete-a-maior-de-todas-as-novelas\/\" rel=\"nofollow noopener\" target=\"_blank\">TVI revela novo \u201ctrailer\u201d arrebatador de \u201cTerra Forte\u201d e promete: \u201cA maior de todas as novelas\u2026\u201d<\/a><\/p>\n<\/blockquote>\n<p>\t\t\t\t\t\t\t\t\t\t\t\t\t\t\t\t\t\t\t\t\t\t\t\t\t\t\t<script async src=\"\/\/www.instagram.com\/embed.js\"><\/script><\/p>\n","protected":false},"excerpt":{"rendered":"\u201cTerra Forte\u201d \u00e9 a pr\u00f3xima grande aposta da TVI na fic\u00e7\u00e3o nacional e tem data de estreia marcada&hellip;\n","protected":false},"author":2,"featured_media":103983,"comment_status":"","ping_status":"","sticky":false,"template":"","format":"standard","meta":{"footnotes":""},"categories":[142],"tags":[7951,114,115,32,33,18614,151,162],"class_list":{"0":"post-103982","1":"post","2":"type-post","3":"status-publish","4":"format-standard","5":"has-post-thumbnail","7":"category-tv","8":"tag-benedita-pereira","9":"tag-entertainment","10":"tag-entretenimento","11":"tag-portugal","12":"tag-pt","13":"tag-terra-forte","14":"tag-tv","15":"tag-tvi"},"share_on_mastodon":{"url":"","error":""},"_links":{"self":[{"href":"https:\/\/www.europesays.com\/pt\/wp-json\/wp\/v2\/posts\/103982","targetHints":{"allow":["GET"]}}],"collection":[{"href":"https:\/\/www.europesays.com\/pt\/wp-json\/wp\/v2\/posts"}],"about":[{"href":"https:\/\/www.europesays.com\/pt\/wp-json\/wp\/v2\/types\/post"}],"author":[{"embeddable":true,"href":"https:\/\/www.europesays.com\/pt\/wp-json\/wp\/v2\/users\/2"}],"replies":[{"embeddable":true,"href":"https:\/\/www.europesays.com\/pt\/wp-json\/wp\/v2\/comments?post=103982"}],"version-history":[{"count":0,"href":"https:\/\/www.europesays.com\/pt\/wp-json\/wp\/v2\/posts\/103982\/revisions"}],"wp:featuredmedia":[{"embeddable":true,"href":"https:\/\/www.europesays.com\/pt\/wp-json\/wp\/v2\/media\/103983"}],"wp:attachment":[{"href":"https:\/\/www.europesays.com\/pt\/wp-json\/wp\/v2\/media?parent=103982"}],"wp:term":[{"taxonomy":"category","embeddable":true,"href":"https:\/\/www.europesays.com\/pt\/wp-json\/wp\/v2\/categories?post=103982"},{"taxonomy":"post_tag","embeddable":true,"href":"https:\/\/www.europesays.com\/pt\/wp-json\/wp\/v2\/tags?post=103982"}],"curies":[{"name":"wp","href":"https:\/\/api.w.org\/{rel}","templated":true}]}}