{"id":103984,"date":"2025-10-09T19:34:14","date_gmt":"2025-10-09T19:34:14","guid":{"rendered":"https:\/\/www.europesays.com\/pt\/103984\/"},"modified":"2025-10-09T19:34:14","modified_gmt":"2025-10-09T19:34:14","slug":"vingadores-guerras-secretas-quarteto-fantastico-original-quer-voltar","status":"publish","type":"post","link":"https:\/\/www.europesays.com\/pt\/103984\/","title":{"rendered":"Vingadores Guerras Secretas | Quarteto Fant\u00e1stico original quer voltar"},"content":{"rendered":"<p>O multiverso d\u00e1 v\u00e1rias possibilidades para os f\u00e3s da <strong>Marvel<\/strong> sonharem com participa\u00e7\u00f5es especiais e retornos em\u00a0<strong>Vingadores: Doomsday<\/strong>\u00a0e\u00a0<strong>Vingadores: Guerras Secretas<\/strong>. E isso, claro, tamb\u00e9m vale para atores que viveram outras vers\u00f5es dos her\u00f3is ao longo dos anos. Durante um painel na <strong>New York Comic Con<\/strong>, <strong>Ioan Gruffudd<\/strong> e <strong>Michael Chiklis<\/strong>, o Sr. Fant\u00e1stico e O Coisa, dos filmes do Quarteto Fant\u00e1stico da <strong>Fox <\/strong>tamb\u00e9m mostraram interesse em retornar. Chiklis, inclusive, repetiu a voz de Ben Grimm ap\u00f3s a transforma\u00e7\u00e3o. Confira abaixo!<\/p>\n<p>      <strong>Tudo sobre Vingadores: Doomsday<\/strong><\/p>\n<p>A Marvel confirmou os principais nomes do elenco do novo filme, em uma das maiores reuni\u00f5es de astros do MCU j\u00e1 realizada. Dos filmes anteriores de Vingadores retornam:\u00a0Chris Hemsworth\u00a0como Thor,\u00a0Anthony Mackie\u00a0como\u00a0Capit\u00e3o Am\u00e9rica,\u00a0Sebastian Stan\u00a0como Soldado Invernal,\u00a0Paul Rudd\u00a0como Homem-Formiga,\u00a0Winston Duke\u00a0como M&#8217;Baku e\u00a0Letitia Wright\u00a0como Pantera Negra.\u00a0Tom Hiddleston\u00a0tamb\u00e9m retorna como Loki.<\/p>\n<p>De personagens apresentados p\u00f3s-Vingadores: Ultimato\u00a0&#8211; nas fases 4 e 5 do MCU &#8211;\u00a0temos\u00a0Simu Liu\u00a0como Shang-Chi,\u00a0Danny Ramirez\u00a0como Falc\u00e3o, todo o novo\u00a0Quarteto Fant\u00e1stico\u00a0(Pedro Pascal\u00a0como Sr. Fant\u00e1stico,\u00a0Vanessa Kirby\u00a0como Mulher Invis\u00edvel,\u00a0Joseph Quinn\u00a0como Tocha Humana e\u00a0Ebon Moss-Bachrach\u00a0como o Coisa) e quase todo o elenco de\u00a0Thunderbolts*.\u00a0S\u00e3o eles:\u00a0Florence Pugh\u00a0como Yelena,\u00a0Wyatt Russell\u00a0como Agente Americano,\u00a0David Harbour\u00a0como Guardi\u00e3o Vermelho,\u00a0Hanah John-Kamen\u00a0como Fantasma e\u00a0Lewis Pullman\u00a0como Bob, o Sentinela.<\/p>\n<p>Em uma live de an\u00fancio do elenco, houve a grande surpresa do filme at\u00e9 aqui: o retorno dos X-Men cl\u00e1ssicos dos filmes da antiga Fox, incluindo\u00a0 Patrick Stewart\u00a0como Professor X,\u00a0Ian McKellen\u00a0como Magneto,\u00a0James Marsden\u00a0como Ciclope,\u00a0Alan Cumming\u00a0como Noturno,\u00a0Kelsey Grammer\u00a0como Fera,\u00a0Rebecca Romijn\u00a0como M\u00edstica e, apresentado em\u00a0Deadpool &amp; Wolverine,\u00a0Channing Tatum\u00a0como Gambit.<\/p>\n<p data-gtm-vis-first-on-screen67967661_30=\"74066\" data-gtm-vis-has-fired67967661_30=\"1\" data-gtm-vis-total-visible-time67967661_30=\"100\">Vingadores: Doomsday\u00a0estreia em 18 de dezembro de 2026 no Brasil, preparando o terreno para\u00a0Vingadores: Guerras Secretas\u00a0em 2027, a\u00a0conclus\u00e3o da Saga do Multiverso que ocupa todos os filmes da Marvel desde\u00a0Vingadores: Ultimato.<\/p>\n","protected":false},"excerpt":{"rendered":"O multiverso d\u00e1 v\u00e1rias possibilidades para os f\u00e3s da Marvel sonharem com participa\u00e7\u00f5es especiais e retornos em\u00a0Vingadores: Doomsday\u00a0e\u00a0Vingadores:&hellip;\n","protected":false},"author":2,"featured_media":103985,"comment_status":"","ping_status":"","sticky":false,"template":"","format":"standard","meta":{"footnotes":""},"categories":[140],"tags":[114,115,147,148,146,32,33],"class_list":{"0":"post-103984","1":"post","2":"type-post","3":"status-publish","4":"format-standard","5":"has-post-thumbnail","7":"category-filmes","8":"tag-entertainment","9":"tag-entretenimento","10":"tag-film","11":"tag-filmes","12":"tag-movies","13":"tag-portugal","14":"tag-pt"},"share_on_mastodon":{"url":"","error":""},"_links":{"self":[{"href":"https:\/\/www.europesays.com\/pt\/wp-json\/wp\/v2\/posts\/103984","targetHints":{"allow":["GET"]}}],"collection":[{"href":"https:\/\/www.europesays.com\/pt\/wp-json\/wp\/v2\/posts"}],"about":[{"href":"https:\/\/www.europesays.com\/pt\/wp-json\/wp\/v2\/types\/post"}],"author":[{"embeddable":true,"href":"https:\/\/www.europesays.com\/pt\/wp-json\/wp\/v2\/users\/2"}],"replies":[{"embeddable":true,"href":"https:\/\/www.europesays.com\/pt\/wp-json\/wp\/v2\/comments?post=103984"}],"version-history":[{"count":0,"href":"https:\/\/www.europesays.com\/pt\/wp-json\/wp\/v2\/posts\/103984\/revisions"}],"wp:featuredmedia":[{"embeddable":true,"href":"https:\/\/www.europesays.com\/pt\/wp-json\/wp\/v2\/media\/103985"}],"wp:attachment":[{"href":"https:\/\/www.europesays.com\/pt\/wp-json\/wp\/v2\/media?parent=103984"}],"wp:term":[{"taxonomy":"category","embeddable":true,"href":"https:\/\/www.europesays.com\/pt\/wp-json\/wp\/v2\/categories?post=103984"},{"taxonomy":"post_tag","embeddable":true,"href":"https:\/\/www.europesays.com\/pt\/wp-json\/wp\/v2\/tags?post=103984"}],"curies":[{"name":"wp","href":"https:\/\/api.w.org\/{rel}","templated":true}]}}