{"id":103988,"date":"2025-10-09T19:36:15","date_gmt":"2025-10-09T19:36:15","guid":{"rendered":"https:\/\/www.europesays.com\/pt\/103988\/"},"modified":"2025-10-09T19:36:15","modified_gmt":"2025-10-09T19:36:15","slug":"os-beneficios-do-cha-de-melancia","status":"publish","type":"post","link":"https:\/\/www.europesays.com\/pt\/103988\/","title":{"rendered":"os benef\u00edcios do ch\u00e1 de melancia"},"content":{"rendered":"<p dir=\"ltr\">O intestino \u00e9 um dos principais respons\u00e1veis pelo bom funcionamento do <a href=\"https:\/\/www.correiobraziliense.com.br\/mundo\/2025\/10\/7264172-as-celulas-que-sao-agentes-de-seguranca-do-sistema-imunologico-e-renderam-nobel-de-medicina-de-2025-aos-descobridores.html\" target=\"_blank\" rel=\"nofollow noopener\">sistema imunol\u00f3gico<\/a>, j\u00e1 que abriga grande parte das c\u00e9lulas de defesa do corpo. Cuidar da sa\u00fade intestinal significa fortalecer a imunidade e prevenir inflama\u00e7\u00f5es. Nesse contexto, o ch\u00e1 de melancia surge como uma op\u00e7\u00e3o natural e saborosa.<\/p>\n<p dir=\"ltr\">A melancia \u00e9 uma fruta composta por cerca de 90% de \u00e1gua, o que contribui para a hidrata\u00e7\u00e3o do organismo e facilita o tr\u00e2nsito intestinal, favorecendo a forma\u00e7\u00e3o e elimina\u00e7\u00e3o das fezes, segundo Dayanne Maynard, professora de nutri\u00e7\u00e3o do CEUB. \u201cMesmo com quantidade pequena de fibras, aproximadamente 0,4 grama a cada 100 gramas, elas aumentam o volume fecal e estimulam o movimento intestinal, prevenindo a constipa\u00e7\u00e3o\u201d, explica.\u00a0<\/p>\n<p dir=\"ltr\">A fruta tamb\u00e9m oferece minerais como magn\u00e9sio e pot\u00e1ssio, que atuam na fun\u00e7\u00e3o muscular, incluindo os m\u00fasculos intestinais, e ajudam no equil\u00edbrio h\u00eddrico, enquanto vitaminas como a C e os carotenoides protegem as c\u00e9lulas da mucosa intestinal e reduzem inflama\u00e7\u00f5es.<\/p>\n<p dir=\"ltr\">Em formato de ch\u00e1, Dayanne alerta que a melancia n\u00e3o mant\u00e9m os mesmos benef\u00edcios da fruta fresca, pois o preparo com fervura reduz parte dos nutrientes. Apesar disso, a bebida pode trazer benef\u00edcios ao sistema imunol\u00f3gico quando preparada com cascas e sementes. Assim, concentra-se compostos antioxidantes que combatem radicais livres e reduzem o estresse oxidativo, refor\u00e7ando a prote\u00e7\u00e3o das c\u00e9lulas de defesa.<\/p>\n<p dir=\"ltr\">A melancia tamb\u00e9m tem compostos bioativos com a\u00e7\u00e3o antioxidante e anti-inflamat\u00f3ria, como o licopeno, respons\u00e1vel pela colora\u00e7\u00e3o avermelhada e pela neutraliza\u00e7\u00e3o de radicais livres, e a citrulina, presente principalmente na casca e na parte branca, que atua como precursora da arginina \u2014 subst\u00e2ncia que participa da produ\u00e7\u00e3o de \u00f3xido n\u00edtrico, melhorando a circula\u00e7\u00e3o sangu\u00ednea e reduzindo inflama\u00e7\u00f5es. \u201cA vitamina C estimula a produ\u00e7\u00e3o de gl\u00f3bulos brancos e o betacaroteno protege as mucosas intestinal e respirat\u00f3ria, refor\u00e7ando o sistema imunol\u00f3gico\u201d, complementa a nutricionista.<\/p>\n<p dir=\"ltr\">Para obter efeitos ben\u00e9ficos, Dayanne recomenda consumir o ch\u00e1 de melancia de tr\u00eas a quatro vezes por semana, em quantidades que variam de uma a duas x\u00edcaras por dia (200 a 400 mililitros). Contudo, o consumo di\u00e1rio e prolongado n\u00e3o \u00e9 recomendado, pois pode aumentar a elimina\u00e7\u00e3o de sais minerais \u2014 \u201cO que n\u00e3o \u00e9 indicado para pessoas com press\u00e3o baixa ou problemas renais\u201d, justifica.\u00a0<\/p>\n<p dir=\"ltr\">Embora o ch\u00e1 n\u00e3o tenha efeito prebi\u00f3tico direto, ele contribui indiretamente para a sa\u00fade intestinal ao hidratar o organismo, reduzir inflama\u00e7\u00f5es e proteger a mucosa, criando um ambiente equilibrado para as bact\u00e9rias ben\u00e9ficas. Para efeito prebi\u00f3tico real, a especialista recomenda consumir a fruta in natura associada a alimentos ricos em fibras sol\u00faveis, como aveia, banana, linha\u00e7a e legumes.<\/p>\n<p dir=\"ltr\">Dayanne destaca que pessoas com condi\u00e7\u00f5es como insufici\u00eancia renal, c\u00e1lculos renais, hipertens\u00e3o ou insufici\u00eancia card\u00edaca devem ter cautela, pois o ch\u00e1 de melancia tem efeito diur\u00e9tico e pode alterar o equil\u00edbrio de l\u00edquidos e eletr\u00f3litos. \u201cAinda n\u00e3o h\u00e1 estudos suficientes sobre o consumo durante a gesta\u00e7\u00e3o e lacta\u00e7\u00e3o, por isso \u00e9 melhor evitar\u201d, completa.<\/p>\n<p class=\"texto\"><strong><a href=\"https:\/\/whatsapp.com\/channel\/0029VaB1U9a002T64ex1Sy2w\" target=\"_blank\" rel=\"nofollow noopener\">Siga o canal do Correio no WhatsApp e receba as principais not\u00edcias do dia no seu celular<\/a><\/strong><\/p>\n<p dir=\"ltr\">Entre as vantagens do ch\u00e1 de melancia est\u00e3o a hidrata\u00e7\u00e3o, a leve a\u00e7\u00e3o diur\u00e9tica e as propriedades antioxidantes suaves, sendo uma op\u00e7\u00e3o natural e leve que complementa uma alimenta\u00e7\u00e3o equilibrada. Seus efeitos podem ser potencializados ao combinar a bebida com ingredientes como hortel\u00e3, gengibre, raspas de lim\u00e3o e canela, que refor\u00e7am suas a\u00e7\u00f5es funcionais.<\/p>\n<p dir=\"ltr\">Para Dayanne, \u201cos efeitos do ch\u00e1 s\u00e3o muito mais eficazes quando combinados a h\u00e1bitos alimentares e de vida saud\u00e1veis, incluindo dieta rica em fibras, ingest\u00e3o de alimentos prebi\u00f3ticos e probi\u00f3ticos, al\u00e9m da pr\u00e1tica regular de atividade f\u00edsica\u201d.<\/p>\n<p class=\"texto\">\u00a0<\/p>\n<ul>\n<li><a href=\"https:\/\/wa.me\/?text=Intestino+e+imunidade%3A+os+benef%C3%ADcios+do+ch%C3%A1+de+melancia%20https:\/\/www.correiobraziliense.com.br\/ciencia-e-saude\/2025\/10\/7266791-intestino-e-imunidade-os-beneficios-do-cha-de-melancia.html\" target=\"_blank\" title=\"Whatsapp\" aria-label=\"WhatsApp\" rel=\"nofollow noopener\"><\/a><\/li>\n<li><a href=\"https:\/\/www.facebook.com\/sharer.php?u=https:\/\/www.correiobraziliense.com.br%2Fciencia-e-saude%2F2025%2F10%2F7266791-intestino-e-imunidade-os-beneficios-do-cha-de-melancia.html&amp;text=Intestino+e+imunidade%3A+os+benef%C3%ADcios+do+ch%C3%A1+de+melancia\" target=\"_blank\" title=\"Facebook\" aria-label=\"Facebook\" rel=\"nofollow noopener\"><\/a><\/li>\n<li><a href=\"https:\/\/twitter.com\/intent\/tweet?url=https:\/\/www.correiobraziliense.com.br%2Fciencia-e-saude%2F2025%2F10%2F7266791-intestino-e-imunidade-os-beneficios-do-cha-de-melancia.html&amp;text=Intestino+e+imunidade%3A+os+benef%C3%ADcios+do+ch%C3%A1+de+melancia\" target=\"_blank\" title=\"Twitter\" aria-label=\"Twitter\" rel=\"nofollow noopener\"><\/a><\/li>\n<li><a href=\"https:\/\/profile.google.com\/cp\/CgovbS8wNzZ0dms1\" title=\"Google Discover\" target=\"_blank\" aria-label=\"Google Discover\" rel=\"nofollow noopener\"><img decoding=\"async\" src=\"https:\/\/www.europesays.com\/pt\/wp-content\/uploads\/2025\/10\/google-discover-icon.png\" style=\"height: 25px; margin: 0 !important; margin-left: 3px;\" alt=\"Google Discover Icon\"\/><\/a><\/li>\n<\/ul>\n<p>              <a href=\"https:\/\/www.correiobraziliense.com.br\/autor\/bianca-lucca\/page\/1\/\" style=\"height: 100%;\" rel=\"nofollow noopener\" target=\"_blank\"><img decoding=\"async\" class=\"hidden-print author-circle d-block h6 mt-0 mb-0 mr-6 text-center\" src=\"https:\/\/www.europesays.com\/pt\/wp-content\/uploads\/2025\/07\/whatsapp_image_2025_01_07_at_20_59_47-44349236.jpeg\" alt=\"\" width=\"40\" height=\"40\" loading=\"lazy\" style=\"object-fit:cover; width: 40px; height: 40px; margin-right:10px;\"\/><\/a><a href=\"https:\/\/www.correiobraziliense.com.br\/autor\/bianca-lucca\/page\/1\/\" rel=\"nofollow noopener\" target=\"_blank\"><img decoding=\"async\" class=\"hidden-print author-circle d-block h6 mt-0 mb-0 mr-6 text-center\" src=\"https:\/\/www.europesays.com\/pt\/wp-content\/uploads\/2025\/07\/whatsapp_image_2025_01_07_at_20_59_47-44349236.jpeg\" alt=\"\" width=\"40\" height=\"40\" loading=\"lazy\" style=\"object-fit:cover; width: 40px; height: 40px; margin-right:10px;\"\/><\/a>Bianca Lucca  <strong class=\"entryStrongAuthor\">Rep\u00f3rter<\/strong><\/p>\n<p class=\"entryDescricaoAuthor\">Jornalista pelo Centro Universit\u00e1rio de Bras\u00edlia, apaixonada por literatura e quest\u00f5es sociais. Passou pela editoria de Cultura e agora escreve para o CB On-line, onde assina o Blog Daquilo.<\/p>\n<p>                          <script async src=\"https:\/\/platform.twitter.com\/widgets.js\" charset=\"utf-8\"><\/script><\/p>\n","protected":false},"excerpt":{"rendered":"O intestino \u00e9 um dos principais respons\u00e1veis pelo bom funcionamento do sistema imunol\u00f3gico, j\u00e1 que abriga grande parte&hellip;\n","protected":false},"author":2,"featured_media":103989,"comment_status":"","ping_status":"","sticky":false,"template":"","format":"standard","meta":{"footnotes":""},"categories":[86],"tags":[547,25146,25147,538,25148,116,21171,3225,24198,1863,32,33,117,25149,18477],"class_list":{"0":"post-103988","1":"post","2":"type-post","3":"status-publish","4":"format-standard","5":"has-post-thumbnail","7":"category-saude","8":"tag-alimentacao-saudavel","9":"tag-anti-inflamatorio","10":"tag-antioxidantes","11":"tag-bem-estar","12":"tag-digestao","13":"tag-health","14":"tag-hidratacao","15":"tag-imunidade","16":"tag-melancia","17":"tag-nutricao","18":"tag-portugal","19":"tag-pt","20":"tag-saude","21":"tag-saude-intestinal","22":"tag-sistema-imunologico"},"share_on_mastodon":{"url":"","error":""},"_links":{"self":[{"href":"https:\/\/www.europesays.com\/pt\/wp-json\/wp\/v2\/posts\/103988","targetHints":{"allow":["GET"]}}],"collection":[{"href":"https:\/\/www.europesays.com\/pt\/wp-json\/wp\/v2\/posts"}],"about":[{"href":"https:\/\/www.europesays.com\/pt\/wp-json\/wp\/v2\/types\/post"}],"author":[{"embeddable":true,"href":"https:\/\/www.europesays.com\/pt\/wp-json\/wp\/v2\/users\/2"}],"replies":[{"embeddable":true,"href":"https:\/\/www.europesays.com\/pt\/wp-json\/wp\/v2\/comments?post=103988"}],"version-history":[{"count":0,"href":"https:\/\/www.europesays.com\/pt\/wp-json\/wp\/v2\/posts\/103988\/revisions"}],"wp:featuredmedia":[{"embeddable":true,"href":"https:\/\/www.europesays.com\/pt\/wp-json\/wp\/v2\/media\/103989"}],"wp:attachment":[{"href":"https:\/\/www.europesays.com\/pt\/wp-json\/wp\/v2\/media?parent=103988"}],"wp:term":[{"taxonomy":"category","embeddable":true,"href":"https:\/\/www.europesays.com\/pt\/wp-json\/wp\/v2\/categories?post=103988"},{"taxonomy":"post_tag","embeddable":true,"href":"https:\/\/www.europesays.com\/pt\/wp-json\/wp\/v2\/tags?post=103988"}],"curies":[{"name":"wp","href":"https:\/\/api.w.org\/{rel}","templated":true}]}}