{"id":104003,"date":"2025-10-09T19:48:18","date_gmt":"2025-10-09T19:48:18","guid":{"rendered":"https:\/\/www.europesays.com\/pt\/104003\/"},"modified":"2025-10-09T19:48:18","modified_gmt":"2025-10-09T19:48:18","slug":"as-estatuas-moai-da-ilha-de-pascoa-andaram-ate-ao-seu-destino","status":"publish","type":"post","link":"https:\/\/www.europesays.com\/pt\/104003\/","title":{"rendered":"As est\u00e1tuas moai da Ilha de P\u00e1scoa &#8220;andaram&#8221; at\u00e9 ao seu destino"},"content":{"rendered":"<p class=\"wp-caption-text top\"><a href=\"https:\/\/depositphotos.com\/photo\/ahu-nao-nao-moais-statues-anakena-beach-easter-island-rapa-346095692.html\" rel=\"nofollow noopener noreferrer\" data-wpel-link=\"exclude\" target=\"_blank\">Byelikova  \/ Depositphotos <\/a><\/p>\n<p><img decoding=\"async\" loading=\"lazy\" class=\"size-kopa-image-size-3 wp-image-704853\" src=\"https:\/\/www.europesays.com\/pt\/wp-content\/uploads\/2025\/10\/0cc175b9c0f1b6a831c399e269772661-783x450.jpg\" alt=\"\" width=\"700\" height=\"402\"  \/><\/p>\n<p class=\"wp-caption-text bot\">Est\u00e1tuas Moai de Rapa Nui, a Ilha de P\u00e1scoa<\/p>\n<p><strong>As monumentais est\u00e1tuas de Rapa Nui \u201candavam\u201d, com um padr\u00e3o em ziguezague, ao longo de estradas cuidadosamente planeadas \u2014 com a ajuda de algumas cordas e surpreendentemente poucas pessoas, conclui um novo estudo. Depois de come\u00e7ar a mov\u00ea-la, n\u00e3o \u00e9 nada dif\u00edcil\u2026<\/strong><\/p>\n<p>Durante anos, os investigadores tentaram desvendar o enigma de como os antigos habitantes de Rapa Nui conseguiram realizar o <strong>aparentemente imposs\u00edvel<\/strong>: mover as ic\u00f3nicas est\u00e1tuas moai.<\/p>\n<p>Recorrendo a uma combina\u00e7\u00e3o de f\u00edsica, t\u00e9cnicas de modela\u00e7\u00e3o 3D e experi\u00eancias pr\u00e1ticas no terreno, uma equipa liderada por investigadores da Universidade Estadual de Nova Iorque (SUNY) confirmou que as <strong>est\u00e1tuas \u201candavam<\/strong>\u201d \u2014 com a ajuda de algumas cordas e surpreendentemente poucas pessoas.<\/p>\n<p>Ao estudar cerca de mil moai, <strong>Carl Lipo<\/strong>, professor de Antropologia da SUNY , e <strong>Terry Hunt<\/strong>, investigador da Universidade do Arizona, conclu\u00edram que os habitantes da <a href=\"https:\/\/zap.aeiou.pt\/tag\/ilha-de-pascoa\" data-wpel-link=\"internal\" rel=\"nofollow noopener\" target=\"_blank\">Ilha de P\u00e1scoa<\/a> provavelmente<strong> usavam cordas para \u201cfazer andar\u201d<\/strong> as gigantescas est\u00e1tuas, movimentando-as num<strong> padr\u00e3o em ziguezague<\/strong>\u00a0ao longo de estradas cuidadosamente planeadas.<\/p>\n<p>Lipo e os seus colegas j\u00e1 tinham demonstrado experimentalmente que as grandes est\u00e1tuas <strong>\u201candavam\u201d desde a pedreira at\u00e9 plataformas cerimoniais<\/strong>, num <strong>movimento vertical e oscilante<\/strong>, contrariando a teoria de que seriam transportadas deitadas sobre dispositivos de madeira.<\/p>\n<p>Os resultados do <a href=\"https:\/\/www.sciencedirect.com\/science\/article\/abs\/pii\/S0305440325002328\" data-wpel-link=\"external\" target=\"_blank\" rel=\"nofollow external noopener noreferrer\" class=\"ext-link\">estudo<\/a> foram apresentados num artigo publicado esta quarta-feira na Journal of Archaeological Science.<\/p>\n<p>\u201c<strong>Depois de come\u00e7ar a mov\u00ea-la, n\u00e3o \u00e9 nada dif\u00edcil<\/strong> \u2014 as pessoas puxam apenas com um bra\u00e7o. <strong>\u00c9 eficiente em termos de energia<\/strong> e desloca-se rapidamente\u201d, explicou Lipo, num <a href=\"https:\/\/www.binghamton.edu\/news\/story\/5830\/easter-islands-statues-actually-walked-and-physics-backs-it-up\" data-wpel-link=\"external\" target=\"_blank\" rel=\"nofollow external noopener noreferrer\" class=\"ext-link\">comunicado<\/a> da SUNY.<\/p>\n<p>\u201c<strong>A parte dif\u00edcil \u00e9 p\u00f4-la a balan\u00e7ar inicialmente<\/strong>. A quest\u00e3o \u00e9: se for muito grande, o que \u00e9 necess\u00e1rio? E ser\u00e1 que o que observ\u00e1mos experimentalmente \u00e9 coerente com o que esperar\u00edamos do ponto de vista da f\u00edsica?\u201d, questiona o investigador.<\/p>\n<p>Para perceber como uma est\u00e1tua de maiores dimens\u00f5es poderia mover-se, a equipa de Lipo criou modelos 3D de alta resolu\u00e7\u00e3o dos moai e identificou <strong>caracter\u00edsticas distintivas no seu design<\/strong> \u2014 bases largas em forma de \u201cD\u201d e uma inclina\u00e7\u00e3o para a frente \u2014 que facilitariam o movimento oscilante em ziguezague.<\/p>\n<p>Para testar a teoria, os investigadores constru\u00edram uma r\u00e9plica de moai com 4,35 toneladas e com essa<strong> inclina\u00e7\u00e3o caracter\u00edstica para a frente<\/strong>.<\/p>\n<p><strong>Com apenas 18 pessoas, conseguiram transport\u00e1-la 100 metros<\/strong> em apenas 40 minutos, um progresso significativo em rela\u00e7\u00e3o a tentativas anteriores de transporte na vertical.<\/p>\n<p>\u201c<strong>A f\u00edsica faz sentido<\/strong>\u201d, afirmou Lipo. \u201cO que observ\u00e1mos experimentalmente resulta mesmo. E <strong>quanto maiores forem as est\u00e1tuas, mais coerente o processo<\/strong> se torna. Todas as caracter\u00edsticas que vemos associadas ao transporte das mais gigantescas s\u00e3o cada vez mais consistentes, porque se torna a \u00fanica forma poss\u00edvel de as mover.\u201d<\/p>\n<p>As <strong>estradas de Rapa Nui tamb\u00e9m refor\u00e7am esta teoria<\/strong>. Com cerca de 4,5 metros de largura e uma sec\u00e7\u00e3o c\u00f4ncava, eram ideais para estabilizar as est\u00e1tuas durante o movimento. \u201cCada vez que movem uma est\u00e1tua, parece que constroem uma estrada. <strong>A estrada faz parte do processo de transporte<\/strong>\u201d, explicou Lipo.<\/p>\n<p>\u201cConseguimos ver as estradas a sobreporem-se umas \u00e0s outras, e muitas delas em paralelo. Provavelmente <strong>o que faziam era abrir caminho, mover a est\u00e1tua<\/strong>, abrir outro tro\u00e7o, e assim sucessivamente, em sequ\u00eancia. Passavam muito tempo nessa parte da constru\u00e7\u00e3o da estrada\u201d, acrescenta o investigador.<\/p>\n<p>Segundo Lipo, <strong>n\u00e3o h\u00e1 atualmente nenhuma outra explica\u00e7\u00e3o<\/strong> que justifique de forma convincente como os moai foram movidos. O desafio, disse, \u00e9 que algu\u00e9m prove o contr\u00e1rio.<\/p>\n<p>\u201c<strong>Encontrem alguma evid\u00eancia que mostre que n\u00e3o podia andar<\/strong>. Porque nada do que vimos at\u00e9 agora o desmente\u201d, afirmou. \u201cPelo contr\u00e1rio, tudo o que descobrimos continua a refor\u00e7ar o argumento.\u201d<\/p>\n<p>Carl Lipo salienta que Rapa Nui \u00e9 conhecida pelas <strong>teorias extravagantes<\/strong> que n\u00e3o t\u00eam <strong>qualquer base factual, <\/strong>e que esta investiga\u00e7\u00e3o \u00e9 um exemplo de um verdadeiro teste cient\u00edfico a uma hip\u00f3tese.<\/p>\n<p>\u201cMuita gente<strong> inventou todo o tipo de hist\u00f3rias mais ou menos plaus\u00edveis<\/strong>, mas sem procurar avaliar as evid\u00eancias. Na realidade, \u00e9 poss\u00edvel compreender o passado e explicar o que se observa de forma cient\u00edfica. Um dos passos \u00e9 simplesmente dizer: <strong>vejam, podemos construir aqui uma resposta<\/strong>\u201d, conclui.<\/p>\n<p>    <a href=\"https:\/\/zap.aeiou.pt\/subscrever-newsletter\" data-wpel-link=\"internal\" rel=\"nofollow noopener\" target=\"_blank\">&#13;<br \/>\n        <img loading=\"lazy\" decoding=\"async\" class=\"aligncenter size-full wp-image-575475\" src=\"https:\/\/www.europesays.com\/pt\/wp-content\/uploads\/2025\/10\/1759862234_971_2d51fe4a0ba54894421ead1809309ed9-1-450x140.jpg\" alt=\"Subscreva a Newsletter ZAP\" width=\"450\" height=\"140\"\/>&#13;<br \/>\n    <\/a><\/p>\n<p>                <a href=\"https:\/\/whatsapp.com\/channel\/0029VaIC4EE2f3EJZPPSbR34\" data-wpel-link=\"external\" target=\"_blank\" rel=\"nofollow external noopener noreferrer\" class=\"ext-link\">&#13;<br \/>\n                    <img loading=\"lazy\" decoding=\"async\" class=\"aligncenter size-full wp-image-575475\" src=\"https:\/\/www.europesays.com\/pt\/wp-content\/uploads\/2025\/10\/1759862234_512_c68c559d956d4ca20f435ed74a6e71e6.png\" alt=\"Siga-nos no WhatsApp\" width=\"175\" height=\"64\"\/>&#13;<br \/>\n                <\/a><\/p>\n<p>                <a href=\"https:\/\/news.google.com\/publications\/CAAiEHRwZondIV71PDjWNoqMduEqFAgKIhB0cGaJ3SFe9Tw41jaKjHbh?hl=en-US&amp;gl=US&amp;ceid=US%3Aen\" data-wpel-link=\"external\" target=\"_blank\" rel=\"nofollow external noopener noreferrer\" class=\"ext-link\">&#13;<br \/>\n                    <img loading=\"lazy\" decoding=\"async\" class=\"aligncenter size-full wp-image-575475\" src=\"https:\/\/www.europesays.com\/pt\/wp-content\/uploads\/2025\/10\/1759862235_242_5123dd8b087b644fdb8f8603acd1bad4.png\" alt=\"Siga-nos no Google News\" width=\"176\" height=\"64\"\/>&#13;<br \/>\n                <\/a><\/p>\n","protected":false},"excerpt":{"rendered":"Byelikova \/ Depositphotos Est\u00e1tuas Moai de Rapa Nui, a Ilha de P\u00e1scoa As monumentais est\u00e1tuas de Rapa Nui&hellip;\n","protected":false},"author":2,"featured_media":104004,"comment_status":"","ping_status":"","sticky":false,"template":"","format":"standard","meta":{"footnotes":""},"categories":[144],"tags":[3440,3504,207,205,206,203,201,202,269,204,114,115,121,25156,32,33],"class_list":{"0":"post-104003","1":"post","2":"type-post","3":"status-publish","4":"format-standard","5":"has-post-thumbnail","7":"category-arte-e-design","8":"tag-antropologia","9":"tag-arqueologia","10":"tag-arte","11":"tag-arte-e-design","12":"tag-artedesign","13":"tag-arts","14":"tag-arts-and-design","15":"tag-artsanddesign","16":"tag-capa","17":"tag-design","18":"tag-entertainment","19":"tag-entretenimento","20":"tag-fisica","21":"tag-ilha-de-pascoa","22":"tag-portugal","23":"tag-pt"},"share_on_mastodon":{"url":"","error":""},"_links":{"self":[{"href":"https:\/\/www.europesays.com\/pt\/wp-json\/wp\/v2\/posts\/104003","targetHints":{"allow":["GET"]}}],"collection":[{"href":"https:\/\/www.europesays.com\/pt\/wp-json\/wp\/v2\/posts"}],"about":[{"href":"https:\/\/www.europesays.com\/pt\/wp-json\/wp\/v2\/types\/post"}],"author":[{"embeddable":true,"href":"https:\/\/www.europesays.com\/pt\/wp-json\/wp\/v2\/users\/2"}],"replies":[{"embeddable":true,"href":"https:\/\/www.europesays.com\/pt\/wp-json\/wp\/v2\/comments?post=104003"}],"version-history":[{"count":0,"href":"https:\/\/www.europesays.com\/pt\/wp-json\/wp\/v2\/posts\/104003\/revisions"}],"wp:featuredmedia":[{"embeddable":true,"href":"https:\/\/www.europesays.com\/pt\/wp-json\/wp\/v2\/media\/104004"}],"wp:attachment":[{"href":"https:\/\/www.europesays.com\/pt\/wp-json\/wp\/v2\/media?parent=104003"}],"wp:term":[{"taxonomy":"category","embeddable":true,"href":"https:\/\/www.europesays.com\/pt\/wp-json\/wp\/v2\/categories?post=104003"},{"taxonomy":"post_tag","embeddable":true,"href":"https:\/\/www.europesays.com\/pt\/wp-json\/wp\/v2\/tags?post=104003"}],"curies":[{"name":"wp","href":"https:\/\/api.w.org\/{rel}","templated":true}]}}