{"id":104005,"date":"2025-10-09T19:49:19","date_gmt":"2025-10-09T19:49:19","guid":{"rendered":"https:\/\/www.europesays.com\/pt\/104005\/"},"modified":"2025-10-09T19:49:19","modified_gmt":"2025-10-09T19:49:19","slug":"ifal-divulga-lista-de-monitores-selecionados-para-a-11a-bienal-do-livro-instituto-federal-de-alagoas","status":"publish","type":"post","link":"https:\/\/www.europesays.com\/pt\/104005\/","title":{"rendered":"Ifal divulga lista de monitores selecionados para a 11\u00aa Bienal do Livro \u2014 Instituto Federal de Alagoas"},"content":{"rendered":"<p>O Instituto Federal de Alagoas (Ifal), por meio da Pr\u00f3-Reitoria de Pesquisa, P\u00f3s-Gradua\u00e7\u00e3o e Inova\u00e7\u00e3o (PRPPI), publicou, nesta quinta-feira, 9, o resultado final do edital n\u00ba 10\/2025 para a sele\u00e7\u00e3o de monitores volunt\u00e1rios que atuar\u00e3o na 11\u00aa Bienal Internacional do Livro de Alagoas. A lista com os nomes dos estudantes classificados pode ser conferida <a title=\"\" href=\"https:\/\/www2.ifal.edu.br\/o-ifal\/pesquisa-pos-graduacao-e-inovacao\/editais\/editais-2025-1\/PRPPI_ResultadoFinalChamadaMonitoresBienal.pdf\" class=\"internal-link\" target=\"_blank\" rel=\"nofollow noopener\">aqui<\/a>.<\/p>\n<p>Os estudantes selecionados ter\u00e3o a atribui\u00e7\u00e3o de recepcionar os alunos das escolas visitantes e apoiar as atividades das subcomiss\u00f5es da Comiss\u00e3o Organizadora do evento. As orienta\u00e7\u00f5es sobre as tarefas ser\u00e3o detalhadas em uma reuni\u00e3o geral on-line, marcada para a pr\u00f3xima ter\u00e7a-feira, 14, \u00e0s 18h30. O encontro pode ser acessado por meio deste link &#8211; <a href=\"http:\/\/bit.ly\/Dedo-de-Prosa\" target=\"_blank\" data-saferedirecturl=\"https:\/\/www.google.com\/url?q=http:\/\/bit.ly\/Dedo-de-Prosa&amp;source=gmail&amp;ust=1760123190579000&amp;usg=AOvVaw0cf8wifXSSUIOUfFb-on3I\" rel=\"nofollow noopener\">bit.ly\/Dedo-de-Prosa<\/a>.<\/p>\n<p>A 11\u00aa Bienal Internacional do Livro de Alagoas acontece de 31 de outubro a 9 de novembro, no Centro Cultural e de Exposi\u00e7\u00f5es Ruth Cardoso, no bairro Jaragu\u00e1, em Macei\u00f3. Neste ano, o tema do evento \u00e9 &#8220;Brasil e \u00c1frica, ligados culturalmente nas suas ra\u00edzes e ritos&#8221;.<\/p>\n<p><strong><a title=\"\" href=\"https:\/\/www2.ifal.edu.br\/o-ifal\/pesquisa-pos-graduacao-e-inovacao\/editais\/editais-2025-1\/conselho-editorial\" class=\"internal-link\" target=\"_top\" rel=\"nofollow noopener\">Mais informa\u00e7\u00f5es sobre a chamada de monitores para a Bienal do Livro aqui!<\/a><\/strong><\/p>\n","protected":false},"excerpt":{"rendered":"O Instituto Federal de Alagoas (Ifal), por meio da Pr\u00f3-Reitoria de Pesquisa, P\u00f3s-Gradua\u00e7\u00e3o e Inova\u00e7\u00e3o (PRPPI), publicou, nesta&hellip;\n","protected":false},"author":2,"featured_media":104006,"comment_status":"","ping_status":"","sticky":false,"template":"","format":"standard","meta":{"footnotes":""},"categories":[143],"tags":[169,114,115,170,32,33],"class_list":{"0":"post-104005","1":"post","2":"type-post","3":"status-publish","4":"format-standard","5":"has-post-thumbnail","7":"category-livros","8":"tag-books","9":"tag-entertainment","10":"tag-entretenimento","11":"tag-livros","12":"tag-portugal","13":"tag-pt"},"share_on_mastodon":{"url":"","error":""},"_links":{"self":[{"href":"https:\/\/www.europesays.com\/pt\/wp-json\/wp\/v2\/posts\/104005","targetHints":{"allow":["GET"]}}],"collection":[{"href":"https:\/\/www.europesays.com\/pt\/wp-json\/wp\/v2\/posts"}],"about":[{"href":"https:\/\/www.europesays.com\/pt\/wp-json\/wp\/v2\/types\/post"}],"author":[{"embeddable":true,"href":"https:\/\/www.europesays.com\/pt\/wp-json\/wp\/v2\/users\/2"}],"replies":[{"embeddable":true,"href":"https:\/\/www.europesays.com\/pt\/wp-json\/wp\/v2\/comments?post=104005"}],"version-history":[{"count":0,"href":"https:\/\/www.europesays.com\/pt\/wp-json\/wp\/v2\/posts\/104005\/revisions"}],"wp:featuredmedia":[{"embeddable":true,"href":"https:\/\/www.europesays.com\/pt\/wp-json\/wp\/v2\/media\/104006"}],"wp:attachment":[{"href":"https:\/\/www.europesays.com\/pt\/wp-json\/wp\/v2\/media?parent=104005"}],"wp:term":[{"taxonomy":"category","embeddable":true,"href":"https:\/\/www.europesays.com\/pt\/wp-json\/wp\/v2\/categories?post=104005"},{"taxonomy":"post_tag","embeddable":true,"href":"https:\/\/www.europesays.com\/pt\/wp-json\/wp\/v2\/tags?post=104005"}],"curies":[{"name":"wp","href":"https:\/\/api.w.org\/{rel}","templated":true}]}}