{"id":104009,"date":"2025-10-09T19:52:08","date_gmt":"2025-10-09T19:52:08","guid":{"rendered":"https:\/\/www.europesays.com\/pt\/104009\/"},"modified":"2025-10-09T19:52:08","modified_gmt":"2025-10-09T19:52:08","slug":"filme-mineiro-que-relembra-o-ultimo-episodio-de-caverna-do-dragao-estreia-nesta-quinta","status":"publish","type":"post","link":"https:\/\/www.europesays.com\/pt\/104009\/","title":{"rendered":"Filme mineiro que relembra o \u00faltimo epis\u00f3dio de \u2018Caverna do Drag\u00e3o\u2019 estreia nesta quinta"},"content":{"rendered":"<p>Um dos desenhos mais enigm\u00e1ticos da televis\u00e3o, \u201cCaverna do Drag\u00e3o\u201d, serve de ponto de partida para o novo longa-metragem do diretor mineiro Maur\u00edlio Martins. Em \u201cO \u00daltimo Epis\u00f3dio\u201d, que chega aos cinemas brasileiros nesta quinta-feira (9), a fantasia se mistura \u00e0 vida real de Erik, um garoto de Contagem que inventa possuir a fita com o desfecho in\u00e9dito da s\u00e9rie apenas para impressionar a nova colega de escola, Sheila. A pequena mentira d\u00e1 in\u00edcio a uma verdadeira epopeia de descobertas e amadurecimento.<\/p>\n<p><strong>Leia tamb\u00e9m:<\/strong><\/p>\n<p>A trama se desenrola em 1991 e acompanha Erik e os amigos Cassinho e Crist\u00e3o em um cen\u00e1rio de crise econ\u00f4mica e sonhos adolescentes. Enquanto buscam sustentar a farsa, os tr\u00eas percorrem o bairro Laguna, na periferia de Contagem, e alguns pontos de Belo Horizonte, espa\u00e7os que ajudam a compor um retrato da juventude mineira da d\u00e9cada de 90. Al\u00e9m de nostalgia, o processo de crescer em meio \u00e0 incerteza tamb\u00e9m atravessa o filme.<\/p>\n<p>Segundo Martins, que estreia como diretor solo ap\u00f3s \u201cNo Cora\u00e7\u00e3o do Mundo\u201d (2019), tamb\u00e9m da Filmes de Pl\u00e1stico, a ideia nasceu em 2009, durante uma conversa despretensiosa na fila do Cine Belas Artes. Ele comentou com amigos que imaginava o que aconteceria se um menino afirmasse ter o epis\u00f3dio final de \u201cCaverna do Drag\u00e3o\u201d s\u00f3 para conquistar uma menina \u2014 e levou a brincadeira a s\u00e9rio. O longa foi gravado no fim de 2021 e passou por um longo processo de experimenta\u00e7\u00f5es at\u00e9 chegar a sua forma final.<\/p>\n<blockquote class=\"instagram-media\" data-instgrm-captioned=\"\" data-instgrm-permalink=\"https:\/\/www.instagram.com\/p\/DPlppFbEavl\/?utm_source=ig_embed&amp;utm_campaign=loading\" data-instgrm-version=\"14\" style=\" background:#FFF; border:0; border-radius:3px; box-shadow:0 0 1px 0 rgba(0,0,0,0.5),0 1px 10px 0 rgba(0,0,0,0.15); margin: 1px; max-width:540px; min-width:326px; padding:0; width:99.375%; width:-webkit-calc(100% - 2px); width:calc(100% - 2px);\"\/>\n<p>A liga\u00e7\u00e3o do contagense com seu local de origem \u00e9 um dos pilares da produ\u00e7\u00e3o. Criado no bairro Laguna, onde o filme foi rodado, Martins afirma que fazer cinema \u201cde dentro para fora\u201d \u00e9 uma escolha est\u00e9tica e pol\u00edtica. Em vez de sair para filmar em outros lugares, ele optou por adentrar seu bairro, potencializando o que ali existe de mais aut\u00eantico. Essa rela\u00e7\u00e3o \u00edntima com o territ\u00f3rio aparece tamb\u00e9m nas imagens reais de arquivo que o diretor incluiu na obra, com registros de sua inf\u00e2ncia, de familiares e do amigo Leo Pyrata, que integra o elenco.<\/p>\n<p>Para Martins, a trilha sonora assinada por John Ulhoa e Richard Neves, da banda Pato Fu, traz uma dimens\u00e3o especial ao filme e o torna ainda mais emocionante. Fernanda Takai interpreta uma nova vers\u00e3o de \u201cQualquer Jeito\u201d, cl\u00e1ssico dos anos 1980, e a can\u00e7\u00e3o \u201cDoce de Mel\u201d, eternizada por Xuxa, tamb\u00e9m marca presen\u00e7a na hist\u00f3ria.<\/p>\n<p>Produzido pela Filmes de Pl\u00e1stico, a mesma que levou \u201cMarte Um\u201d a ser o indicado do Brasil \u00e0 disputa pelo Oscar em 2023, \u201cO \u00daltimo Epis\u00f3dio\u201d \u00e9 um convite \u00e0 mem\u00f3ria e \u00e0 imagina\u00e7\u00e3o. A obra, defende o diretor, dialoga com todos que cresceram diante da TV e, de alguma forma, ainda carregam esse fasc\u00ednio. Ainda desejam continuar sonhando.<\/p>\n<p>Confira o trailer!<\/p>\n<p>        <script async src=\"\/\/www.instagram.com\/embed.js\"><\/script><\/p>\n","protected":false},"excerpt":{"rendered":"Um dos desenhos mais enigm\u00e1ticos da televis\u00e3o, \u201cCaverna do Drag\u00e3o\u201d, serve de ponto de partida para o novo&hellip;\n","protected":false},"author":2,"featured_media":104010,"comment_status":"","ping_status":"","sticky":false,"template":"","format":"standard","meta":{"footnotes":""},"categories":[140],"tags":[114,115,147,148,146,32,33],"class_list":{"0":"post-104009","1":"post","2":"type-post","3":"status-publish","4":"format-standard","5":"has-post-thumbnail","7":"category-filmes","8":"tag-entertainment","9":"tag-entretenimento","10":"tag-film","11":"tag-filmes","12":"tag-movies","13":"tag-portugal","14":"tag-pt"},"share_on_mastodon":{"url":"","error":""},"_links":{"self":[{"href":"https:\/\/www.europesays.com\/pt\/wp-json\/wp\/v2\/posts\/104009","targetHints":{"allow":["GET"]}}],"collection":[{"href":"https:\/\/www.europesays.com\/pt\/wp-json\/wp\/v2\/posts"}],"about":[{"href":"https:\/\/www.europesays.com\/pt\/wp-json\/wp\/v2\/types\/post"}],"author":[{"embeddable":true,"href":"https:\/\/www.europesays.com\/pt\/wp-json\/wp\/v2\/users\/2"}],"replies":[{"embeddable":true,"href":"https:\/\/www.europesays.com\/pt\/wp-json\/wp\/v2\/comments?post=104009"}],"version-history":[{"count":0,"href":"https:\/\/www.europesays.com\/pt\/wp-json\/wp\/v2\/posts\/104009\/revisions"}],"wp:featuredmedia":[{"embeddable":true,"href":"https:\/\/www.europesays.com\/pt\/wp-json\/wp\/v2\/media\/104010"}],"wp:attachment":[{"href":"https:\/\/www.europesays.com\/pt\/wp-json\/wp\/v2\/media?parent=104009"}],"wp:term":[{"taxonomy":"category","embeddable":true,"href":"https:\/\/www.europesays.com\/pt\/wp-json\/wp\/v2\/categories?post=104009"},{"taxonomy":"post_tag","embeddable":true,"href":"https:\/\/www.europesays.com\/pt\/wp-json\/wp\/v2\/tags?post=104009"}],"curies":[{"name":"wp","href":"https:\/\/api.w.org\/{rel}","templated":true}]}}