{"id":104031,"date":"2025-10-09T20:08:08","date_gmt":"2025-10-09T20:08:08","guid":{"rendered":"https:\/\/www.europesays.com\/pt\/104031\/"},"modified":"2025-10-09T20:08:08","modified_gmt":"2025-10-09T20:08:08","slug":"sporting-negociou-gyokeres-com-o-man-united-nas-nossas-costas","status":"publish","type":"post","link":"https:\/\/www.europesays.com\/pt\/104031\/","title":{"rendered":"\u00abSporting negociou Gy\u00f6keres com o Man. United nas nossas costas\u00bb"},"content":{"rendered":"<p>Jonathan Chalkias, assistente de Hasan \u00c7entikaya, o agente de Viktor Gy\u00f6keres, revelou que o Sporting tentou negociar a transfer\u00eancia do avan\u00e7ado sueco para o Manchester United \u00abnas costas\u00bb dos representantes do atleta.<\/p>\n<p>Em declara\u00e7\u00f5es ao podcast Studio Allsvenskan, Chalkias desvendou ainda que Gy\u00f6keres recebeu propostas milion\u00e1rias de clubes \u00e1rabes, enquanto ainda era jogador do Sporting, que ofereciam 400 milh\u00f5es de euros l\u00edquidos por temporada ao jogador. Apesar disso, Gy\u00f6keres preferiu rumar ao Arsenal, num neg\u00f3cio que pode render aos cofres leoninos 76 milh\u00f5es de euros.<\/p>\n<p>\u00abAr\u00e1bia Saudita? Eram valores doentios. Ofereciam mais de 400 milh\u00f5es l\u00edquidos por temporada ao Viktor, mais de um milh\u00e3o por dia. \u00c9 melhor que seja ele a falar disso um dia, at\u00e9 porque n\u00e3o o pression\u00e1mos a aceitar nenhuma proposta. No fim do dia, o dinheiro vem e o dinheiro vai\u00bb, come\u00e7ou por referir.<\/p>\n<p>\u00abEsta mudan\u00e7a para o Arsenal tamb\u00e9m nos deu um marketing muito bom. Um dos problemas do Sporting \u00e9 que tentaram negociar uma transfer\u00eancia para o Manchester United nas nossas costas. O acordo estava feito porque o Man. United ofereceu uma taxa de transfer\u00eancia mais elevada\u00bb, acrescentou.<\/p>\n","protected":false},"excerpt":{"rendered":"Jonathan Chalkias, assistente de Hasan \u00c7entikaya, o agente de Viktor Gy\u00f6keres, revelou que o Sporting tentou negociar a&hellip;\n","protected":false},"author":2,"featured_media":104032,"comment_status":"","ping_status":"","sticky":false,"template":"","format":"standard","meta":{"footnotes":""},"categories":[87],"tags":[707,135,1664,25172,4857,46,663,32,33,47,34,134,1355],"class_list":{"0":"post-104031","1":"post","2":"type-post","3":"status-publish","4":"format-standard","5":"has-post-thumbnail","7":"category-desporto","8":"tag-arsenal","9":"tag-desporto","10":"tag-frederico-varandas","11":"tag-hasan-cetinkaya","12":"tag-jonathan-chalkias","13":"tag-maisfutebol","14":"tag-manchester-united","15":"tag-portugal","16":"tag-pt","17":"tag-pura-paixao","18":"tag-sporting","19":"tag-sports","20":"tag-viktor-gyokeres"},"share_on_mastodon":{"url":"","error":""},"_links":{"self":[{"href":"https:\/\/www.europesays.com\/pt\/wp-json\/wp\/v2\/posts\/104031","targetHints":{"allow":["GET"]}}],"collection":[{"href":"https:\/\/www.europesays.com\/pt\/wp-json\/wp\/v2\/posts"}],"about":[{"href":"https:\/\/www.europesays.com\/pt\/wp-json\/wp\/v2\/types\/post"}],"author":[{"embeddable":true,"href":"https:\/\/www.europesays.com\/pt\/wp-json\/wp\/v2\/users\/2"}],"replies":[{"embeddable":true,"href":"https:\/\/www.europesays.com\/pt\/wp-json\/wp\/v2\/comments?post=104031"}],"version-history":[{"count":0,"href":"https:\/\/www.europesays.com\/pt\/wp-json\/wp\/v2\/posts\/104031\/revisions"}],"wp:featuredmedia":[{"embeddable":true,"href":"https:\/\/www.europesays.com\/pt\/wp-json\/wp\/v2\/media\/104032"}],"wp:attachment":[{"href":"https:\/\/www.europesays.com\/pt\/wp-json\/wp\/v2\/media?parent=104031"}],"wp:term":[{"taxonomy":"category","embeddable":true,"href":"https:\/\/www.europesays.com\/pt\/wp-json\/wp\/v2\/categories?post=104031"},{"taxonomy":"post_tag","embeddable":true,"href":"https:\/\/www.europesays.com\/pt\/wp-json\/wp\/v2\/tags?post=104031"}],"curies":[{"name":"wp","href":"https:\/\/api.w.org\/{rel}","templated":true}]}}