{"id":104088,"date":"2025-10-09T20:51:08","date_gmt":"2025-10-09T20:51:08","guid":{"rendered":"https:\/\/www.europesays.com\/pt\/104088\/"},"modified":"2025-10-09T20:51:08","modified_gmt":"2025-10-09T20:51:08","slug":"vem-a-juventus-ou-o-manchester-city-ver-o-gustavo-sa-e-ve-o-num-estadio-daqueles-torna-se-menos-apelativo-a-quem-ve","status":"publish","type":"post","link":"https:\/\/www.europesays.com\/pt\/104088\/","title":{"rendered":"\u00abVem a Juventus ou o Manchester City ver o Gustavo S\u00e1 e v\u00ea-o num est\u00e1dio daqueles, torna-se menos apelativo a quem v\u00ea\u00bb"},"content":{"rendered":"<p>&#8211; Advertisement &#8211;<\/p>\n<p>Miguel Ribeiro est\u00e1 presente no Portugal Football Summit sobre as presta\u00e7\u00f5es de Gustavo S\u00e1, jogador que pertence aos quadros do emblema minhoto. O dirigente da SAD admitiu que o portugu\u00eas est\u00e1 identificado por v\u00e1rios clubes, mas a pouca modernidade do est\u00e1dio \u00e9 um entrave para uma poss\u00edvel venda:<\/p>\n<p>\u00abO mercado funciona, e no caso dele ainda n\u00e3o funcionou, mas vai funcionar, tem 20 anos, tem 100 jogos de Liga e vai fazer o seu caminho. N\u00e3o sei se vai ser em janeiro, no ver\u00e3o, mas quando o mercado funcionar\u2026 Vamos ver isto como se fossem carros. Quando vai a um stand da Ferrari ou da Porsche, vai, chega e compra, mas n\u00e3o vai passear. Num da Fiat j\u00e1 vai mais vezes. Acredito que o Famalic\u00e3o hoje j\u00e1 est\u00e1 segmentado num escal\u00e3o mais premium. E no dia que algu\u00e9m bater \u00e0 porta para contratar o Gustavo S\u00e1, \u00e9 uma coisa que se faz de ter\u00e7a-feira para quarta, de um dia para o outro. N\u00e3o vamos perguntar um dia \u2018quanto \u00e9 que custa\u2019 e \u2018vamos n\u00e3o sei o qu\u00ea, e quantas op\u00e7\u00f5es temos\u2019. Acho que \u00e9 um jogador que est\u00e1 naturalmente identificado. E bem, porque \u00e9 um m\u00e9dio ofensivo de 1,90m, com 100 jogos, que tem sido de uma const\u00e2ncia assinal\u00e1vel. Um profissional exemplar. Um jovem que n\u00e3o tenho d\u00favidas que vai atingir um patamar alt\u00edssimo. Temos uma \u00e2ncora no p\u00e9 chamada est\u00e1dio. Vem a Juventus ou o Manchester City ver o Gustavo S\u00e1 e v\u00ea-o num est\u00e1dio daqueles, torna-se menos apelativo a quem v\u00ea\u00bb.<\/p>\n<p>O <strong>Bola na Rede<\/strong> est\u00e1 na Cidade do Futebol para acompanhar o Portugal Football Summit. <a href=\"https:\/\/bolanarede.pt\/etiqueta\/portugal-football-summit\/\" target=\"_blank\" rel=\"noreferrer noopener nofollow\">Acompanha tudo sobre o evento. <\/a><\/p>\n","protected":false},"excerpt":{"rendered":"&#8211; Advertisement &#8211; Miguel Ribeiro est\u00e1 presente no Portugal Football Summit sobre as presta\u00e7\u00f5es de Gustavo S\u00e1, jogador&hellip;\n","protected":false},"author":2,"featured_media":104089,"comment_status":"","ping_status":"","sticky":false,"template":"","format":"standard","meta":{"footnotes":""},"categories":[87],"tags":[260,135,5879,25176,32,24942,479,33,134],"class_list":{"0":"post-104088","1":"post","2":"type-post","3":"status-publish","4":"format-standard","5":"has-post-thumbnail","7":"category-desporto","8":"tag-atualidade","9":"tag-desporto","10":"tag-famalicao","11":"tag-miguel-ribeiro","12":"tag-portugal","13":"tag-portugal-football-summit","14":"tag-primeira-liga","15":"tag-pt","16":"tag-sports"},"share_on_mastodon":{"url":"","error":""},"_links":{"self":[{"href":"https:\/\/www.europesays.com\/pt\/wp-json\/wp\/v2\/posts\/104088","targetHints":{"allow":["GET"]}}],"collection":[{"href":"https:\/\/www.europesays.com\/pt\/wp-json\/wp\/v2\/posts"}],"about":[{"href":"https:\/\/www.europesays.com\/pt\/wp-json\/wp\/v2\/types\/post"}],"author":[{"embeddable":true,"href":"https:\/\/www.europesays.com\/pt\/wp-json\/wp\/v2\/users\/2"}],"replies":[{"embeddable":true,"href":"https:\/\/www.europesays.com\/pt\/wp-json\/wp\/v2\/comments?post=104088"}],"version-history":[{"count":0,"href":"https:\/\/www.europesays.com\/pt\/wp-json\/wp\/v2\/posts\/104088\/revisions"}],"wp:featuredmedia":[{"embeddable":true,"href":"https:\/\/www.europesays.com\/pt\/wp-json\/wp\/v2\/media\/104089"}],"wp:attachment":[{"href":"https:\/\/www.europesays.com\/pt\/wp-json\/wp\/v2\/media?parent=104088"}],"wp:term":[{"taxonomy":"category","embeddable":true,"href":"https:\/\/www.europesays.com\/pt\/wp-json\/wp\/v2\/categories?post=104088"},{"taxonomy":"post_tag","embeddable":true,"href":"https:\/\/www.europesays.com\/pt\/wp-json\/wp\/v2\/tags?post=104088"}],"curies":[{"name":"wp","href":"https:\/\/api.w.org\/{rel}","templated":true}]}}