{"id":104090,"date":"2025-10-09T20:52:08","date_gmt":"2025-10-09T20:52:08","guid":{"rendered":"https:\/\/www.europesays.com\/pt\/104090\/"},"modified":"2025-10-09T20:52:08","modified_gmt":"2025-10-09T20:52:08","slug":"cidades-de-sc-usam-inteligencia-artificial-para-diagnostico-precoce-de-cancer-de-mama","status":"publish","type":"post","link":"https:\/\/www.europesays.com\/pt\/104090\/","title":{"rendered":"Cidades de SC usam intelig\u00eancia artificial para diagn\u00f3stico precoce de c\u00e2ncer de mama"},"content":{"rendered":"<p>                            <img width=\"944\" height=\"531\" src=\"https:\/\/www.europesays.com\/pt\/wp-content\/uploads\/2025\/10\/cancer-de-mama-944x531.jpg\" class=\"attachment-custom-large size-custom-large article-featured-image\" alt=\"\" fetchpriority=\"high\" decoding=\"async\"  \/><\/p>\n<p>C\u00e2ncer de mama \u00e9 o tipo que mais mata mulheres no Brasil (Foto: Banco de Imagens)<\/p>\n<p>Cerca de 18 cidades de Santa Catarina est\u00e3o usando uma tecnologia que usa intelig\u00eancia artificial para identificar o diagn\u00f3stico precoce de c\u00e2ncer de mama, acelerando a an\u00e1lise de laudos de mamografias. No Estado, que tem a maior incid\u00eancia de casos do pa\u00eds, s\u00e3o setenta e quatro registros a cada 100 mil mulheres.<\/p>\n<p>Continua depois da publicidade<\/p>\n<p>De acordo com o Instituto Nacional de C\u00e2ncer (Inca), 3.860 diagn\u00f3sticos de c\u00e2ncer de mama est\u00e3o <a href=\"https:\/\/www.nsctotal.com.br\/noticias\/santa-catarina-deve-ter-quase-4-mil-novos-casos-de-cancer-de-mama-em-2025-estima-inca\" target=\"_blank\" rel=\"noreferrer noopener nofollow\"><strong>previstos<\/strong><\/a> para 2025 no Estado. A mamografia \u00e9 um dos exames de rotina essenciais para a detec\u00e7\u00e3o do c\u00e2ncer em mulheres. Em uma cl\u00ednica de Joinville, que utiliza a intelig\u00eancia artificial no processo de an\u00e1lise, por exemplo, s\u00e3o feitos mais de 6 mil mamografias por ano.<\/p>\n<p>\u2014 A gente leva cerca de 30 minutos por exame. Tem exame que \u00e9 mais r\u00e1pido porque depende do tipo de mama que a paciente tem. A mama \u00e9 como uma digital \u2014 afirma a m\u00e9dica radiologista da cl\u00ednica, Bicanca Miranda Lago.<\/p>\n<p>A tecnologia funciona da seguinte forma: um programa no computador faz uma primeira an\u00e1lise dos exames de imagem. A IA reconhece pontos que podem ser n\u00f3dulos nas mamas e outros sinais de alerta. Dessa forma, o tempo de resposta \u00e9 cerca de 70% mais r\u00e1pido. Entretanto, a an\u00e1lise n\u00e3o descarta a valida\u00e7\u00e3o final do m\u00e9dico.<\/p>\n<p>O recurso j\u00e1 est\u00e1 presente tamb\u00e9m em outros estados brasileiros, assim como na Argentina. Para a especialista em tecnologia de medicina diagn\u00f3stica, \u201cquanto antes voc\u00ea tem a detec\u00e7\u00e3o de um achado, mais r\u00e1pido voc\u00ea pode iniciar um tratamento. Isso acaba aumentando significativamente a efic\u00e1cia de um tratamento e uma poss\u00edvel cura\u201d.<\/p>\n<p>Continua depois da publicidade<\/p>\n<p>Caso o exame inicial aponte algo que pode levar a um diagn\u00f3stico mais grave, o sistema prioriza o exame desse paciente, para que ele seja avaliado com mais urg\u00eancia pelo m\u00e9dico respons\u00e1vel.<\/p>\n<p>C\u00e2ncer de mama \u00e9 o que mais mata mulheres no Brasil<\/p>\n<p>Mais de 73 mil casos devem ser diagnosticados at\u00e9 o fim de 2025 no Brasil, sendo o tipo de c\u00e2ncer que mais mata mulheres no Brasil, de acordo com o Inca.<\/p>\n<p>A maior quantidade de mortes acontece entre mulheres que tem entre 50 e 69 anos. Conforme o Inca, a regi\u00e3o Sul tem o melhor desempenho com rela\u00e7\u00e3o ao tempo entre o diagn\u00f3stico e o primeiro tratamento.<\/p>\n<p><strong>*Com informa\u00e7\u00f5es do rep\u00f3rter Walter Quevedo, da NSC TV<\/strong><\/p>\n<p>Leia tamb\u00e9m <\/p>\n<p><a href=\"https:\/\/www.nsctotal.com.br\/noticias\/santa-catarina-deve-ter-quase-4-mil-novos-casos-de-cancer-de-mama-em-2025-estima-inca\" target=\"_blank\" rel=\"noreferrer noopener nofollow\"><strong>Santa Catarina deve ter quase 4 mil novos casos de c\u00e2ncer de mama em 2025, estima Inca<\/strong><\/a><\/p>\n<p><a href=\"https:\/\/www.nsctotal.com.br\/noticias\/diagnostico-precoce-do-cancer-de-mama-pode-salvar-vidas-saiba-a-importancia-do-autoexame\" target=\"_blank\" rel=\"noreferrer noopener nofollow\"><strong>Diagn\u00f3stico precoce do c\u00e2ncer de mama pode salvar vidas: saiba a import\u00e2ncia do autoexame<br \/><\/strong><\/a><a href=\"https:\/\/www.nsctotal.com.br\/noticias\/santa-catarina-deve-ter-quase-4-mil-novos-casos-de-cancer-de-mama-em-2025-estima-inca\" target=\"_blank\" rel=\"noreferrer noopener nofollow\"><strong><br \/><\/strong><\/a><\/p>\n","protected":false},"excerpt":{"rendered":"C\u00e2ncer de mama \u00e9 o tipo que mais mata mulheres no Brasil (Foto: Banco de Imagens) Cerca de&hellip;\n","protected":false},"author":2,"featured_media":104091,"comment_status":"","ping_status":"","sticky":false,"template":"","format":"standard","meta":{"footnotes":""},"categories":[86],"tags":[829,116,32,33,117],"class_list":{"0":"post-104090","1":"post","2":"type-post","3":"status-publish","4":"format-standard","5":"has-post-thumbnail","7":"category-saude","8":"tag-conteudo-liberado","9":"tag-health","10":"tag-portugal","11":"tag-pt","12":"tag-saude"},"share_on_mastodon":{"url":"","error":""},"_links":{"self":[{"href":"https:\/\/www.europesays.com\/pt\/wp-json\/wp\/v2\/posts\/104090","targetHints":{"allow":["GET"]}}],"collection":[{"href":"https:\/\/www.europesays.com\/pt\/wp-json\/wp\/v2\/posts"}],"about":[{"href":"https:\/\/www.europesays.com\/pt\/wp-json\/wp\/v2\/types\/post"}],"author":[{"embeddable":true,"href":"https:\/\/www.europesays.com\/pt\/wp-json\/wp\/v2\/users\/2"}],"replies":[{"embeddable":true,"href":"https:\/\/www.europesays.com\/pt\/wp-json\/wp\/v2\/comments?post=104090"}],"version-history":[{"count":0,"href":"https:\/\/www.europesays.com\/pt\/wp-json\/wp\/v2\/posts\/104090\/revisions"}],"wp:featuredmedia":[{"embeddable":true,"href":"https:\/\/www.europesays.com\/pt\/wp-json\/wp\/v2\/media\/104091"}],"wp:attachment":[{"href":"https:\/\/www.europesays.com\/pt\/wp-json\/wp\/v2\/media?parent=104090"}],"wp:term":[{"taxonomy":"category","embeddable":true,"href":"https:\/\/www.europesays.com\/pt\/wp-json\/wp\/v2\/categories?post=104090"},{"taxonomy":"post_tag","embeddable":true,"href":"https:\/\/www.europesays.com\/pt\/wp-json\/wp\/v2\/tags?post=104090"}],"curies":[{"name":"wp","href":"https:\/\/api.w.org\/{rel}","templated":true}]}}