{"id":104106,"date":"2025-10-09T21:06:09","date_gmt":"2025-10-09T21:06:09","guid":{"rendered":"https:\/\/www.europesays.com\/pt\/104106\/"},"modified":"2025-10-09T21:06:09","modified_gmt":"2025-10-09T21:06:09","slug":"a-oportunidade-mais-proxima-foi-com-jorge-nuno-pinto-da-costa-mas-nao-aconteceu","status":"publish","type":"post","link":"https:\/\/www.europesays.com\/pt\/104106\/","title":{"rendered":"\u00abA oportunidade mais pr\u00f3xima foi com Jorge Nuno Pinto da Costa, mas n\u00e3o aconteceu\u00bb"},"content":{"rendered":"<p>&#8211; Advertisement &#8211;<\/p>\n<p>Paulo Sousa \u00e9 uma das figuras que est\u00e1 presente no Portugal Football Summit. O treinador portugu\u00eas admitiu que esteve perto de regressar a Portugal pelas m\u00e3os do FC Porto, ainda durante o mandato de Pinto da Costa:<\/p>\n<p>\u00abVoltar a Portugal? Tem tudo a ver com oportunidades. A mais pr\u00f3xima foi com Jorge Nuno Pinto da Costa, mas n\u00e3o aconteceu. N\u00e3o sei dizer em que ano foi ao certo, mas foi um pouco antes do S\u00e9rgio Concei\u00e7\u00e3o\u00bb.<\/p>\n<p>O <strong>Bola na Rede<\/strong> est\u00e1 na Cidade do Futebol para acompanhar o Portugal Football Summit. <a href=\"https:\/\/bolanarede.pt\/etiqueta\/portugal-football-summit\/\" target=\"_blank\" rel=\"noreferrer noopener nofollow\">Acompanha tudo sobre o evento. <\/a><\/p>\n","protected":false},"excerpt":{"rendered":"&#8211; Advertisement &#8211; Paulo Sousa \u00e9 uma das figuras que est\u00e1 presente no Portugal Football Summit. O treinador&hellip;\n","protected":false},"author":2,"featured_media":104107,"comment_status":"","ping_status":"","sticky":false,"template":"","format":"standard","meta":{"footnotes":""},"categories":[87],"tags":[260,135,25057,32,24942,33,134],"class_list":{"0":"post-104106","1":"post","2":"type-post","3":"status-publish","4":"format-standard","5":"has-post-thumbnail","7":"category-desporto","8":"tag-atualidade","9":"tag-desporto","10":"tag-paulo-sousa","11":"tag-portugal","12":"tag-portugal-football-summit","13":"tag-pt","14":"tag-sports"},"share_on_mastodon":{"url":"","error":""},"_links":{"self":[{"href":"https:\/\/www.europesays.com\/pt\/wp-json\/wp\/v2\/posts\/104106","targetHints":{"allow":["GET"]}}],"collection":[{"href":"https:\/\/www.europesays.com\/pt\/wp-json\/wp\/v2\/posts"}],"about":[{"href":"https:\/\/www.europesays.com\/pt\/wp-json\/wp\/v2\/types\/post"}],"author":[{"embeddable":true,"href":"https:\/\/www.europesays.com\/pt\/wp-json\/wp\/v2\/users\/2"}],"replies":[{"embeddable":true,"href":"https:\/\/www.europesays.com\/pt\/wp-json\/wp\/v2\/comments?post=104106"}],"version-history":[{"count":0,"href":"https:\/\/www.europesays.com\/pt\/wp-json\/wp\/v2\/posts\/104106\/revisions"}],"wp:featuredmedia":[{"embeddable":true,"href":"https:\/\/www.europesays.com\/pt\/wp-json\/wp\/v2\/media\/104107"}],"wp:attachment":[{"href":"https:\/\/www.europesays.com\/pt\/wp-json\/wp\/v2\/media?parent=104106"}],"wp:term":[{"taxonomy":"category","embeddable":true,"href":"https:\/\/www.europesays.com\/pt\/wp-json\/wp\/v2\/categories?post=104106"},{"taxonomy":"post_tag","embeddable":true,"href":"https:\/\/www.europesays.com\/pt\/wp-json\/wp\/v2\/tags?post=104106"}],"curies":[{"name":"wp","href":"https:\/\/api.w.org\/{rel}","templated":true}]}}