{"id":104130,"date":"2025-10-09T21:28:05","date_gmt":"2025-10-09T21:28:05","guid":{"rendered":"https:\/\/www.europesays.com\/pt\/104130\/"},"modified":"2025-10-09T21:28:05","modified_gmt":"2025-10-09T21:28:05","slug":"manteigas-formaliza-candidatura-e-desvaloriza-van-gaal-nao-conhece-o-benfica","status":"publish","type":"post","link":"https:\/\/www.europesays.com\/pt\/104130\/","title":{"rendered":"Manteigas formaliza candidatura e desvaloriza Van Gaal: \u00abN\u00e3o conhece o Benfica\u00bb"},"content":{"rendered":"<p><strong>\u2014 Formalizou a candidatura \u00e0 presid\u00eancia do <a class=\"autolink-enabled\" data-resource-id=\"450\" data-resource-type=\"team\" data-sport=\"football\" href=\"https:\/\/www.abola.pt\/futebol\/benfica-450\" rel=\"nofollow noopener\" target=\"_blank\">Benfica<\/a> junto da secretaria-geral do clube. \u00c9 mais um passe importante a caminho do dia 25 de outubro?<\/strong><\/p>\n<p>\u2014 A expectativa \u00e9 que o dia 25 chegue depressa, \u00e9 isso que todos queremos. Estamos preparad\u00edssimos para esse dia. Falta a parte final da campanha desta candidatura e, portanto, n\u00e3o digo que estamos ansiosos, mas estamos muito crentes e convictos de que vai correr bem.<\/p>\n<p><strong>\u2014 O candidato Jo\u00e3o Noronha Lopes entregou esta quarta-feira o programa eleitoral da candidatura. Que lhe parece?<\/strong><\/p>\n<p>\u2014 N\u00e3o vi o programa. Portanto, n\u00e3o posso tecer coment\u00e1rios sobre isso. N\u00f3s temos de nos preocupar com a nossa candidatura, n\u00e3o com a dos outros. Acho que vamos ter tempo para debater entre todos, o que \u00e9 importante para os s\u00f3cios benfiquistas ficarem esclarecidos sobre os programas, as pessoas, a vis\u00e3o e o projeto entre todos os candidatos, para depois escolherem melhor no dia 25.<\/p>\n<p><strong>\u2014 Jo\u00e3o Noronha Lopes tamb\u00e9m se mostrou dispon\u00edvel para acolher boas ideias de outros candidatos. J\u00e1 Rui Costa, em entrevista a A BOLA, n\u00e3o mostrou a mesma disponibilidade.<\/strong><\/p>\n<p>\u2014 Creio que Rui Costa n\u00e3o deve ter lido as ideias dos outros. Temos esta candidatura h\u00e1 mais de um ano, lan\u00e7\u00e1mos muitas propostas, a todos os n\u00edveis, nos nossos cinco pilares principais. Quanto a Jo\u00e3o Noronha Lopes, \u00e9 uma estrat\u00e9gia da parte dele. N\u00e3o vou tecer coment\u00e1rios nem avaliar. Jo\u00e3o Noronha Lopes j\u00e1 tinha referido publicamente que \u00e9 conhecido, ou at\u00e9 ganhou um pr\u00e9mio, por ter roubado uma boa ideia a outros, a terceiros. Portanto, desde que seja ben\u00e9fico para o Benfica, que aproveite bem, j\u00e1 percebi que as nossas t\u00eam vindo a ser aproveitadas, e bem, que seja em proveito de todos os benfiquistas.<\/p>\n<p><strong>\u2014 Van Gaal surge agora na candidatura de Martim Mayer. Pode ser um trunfo?<\/strong><\/p>\n<p>\u2014 N\u00e3o, n\u00e3o \u00e9 um trunfo. Van Gaal n\u00e3o \u00e9 benfiquista e n\u00e3o conhece o Benfica, quanto mais a hist\u00f3ria do Benfica, nunca interagiu internamente no Benfica. \u00c9 mais um agente desportivo, por assim dizer, que presenciou hoje um evento. E n\u00e3o tem qualquer tipo de impacto, na minha opini\u00e3o, relativamente aos benfiquistas.<\/p>\n<p><strong>\u2014 Jo\u00e3o Diogo Manteigas tem algum trunfo para lan\u00e7ar at\u00e9 \u00e0s elei\u00e7\u00f5es?<\/strong><\/p>\n<p>\u2014 O trunfo \u00e9 trabalho. Muito trabalho, mais de um ano em candidatura, em campanha. Muitas ideias, muitos projetos, muita experi\u00eancia tamb\u00e9m. As pessoas que eu apresentei, a par da minha pr\u00f3pria pessoa, fazem com que esta candidatura se diferencie de todas as outras, pela especializa\u00e7\u00e3o que tem, sobretudo no ecossistema desportivo, e \u00e9 isso que n\u00f3s aportamos. Agora, nas pr\u00f3ximas semanas, como \u00e9 \u00f3bvio, haver\u00e1, diria eu, mais oportunidades para demonstrar mais conhecimento ainda.<\/p>\n<p><strong>\u2014 Os tr\u00eas grandes est\u00e3o em guerra, com trocas de comunicados e queixas. Se for eleito presidente do Benfica, qual ser\u00e1 a sua posi\u00e7\u00e3o? <\/strong><\/p>\n<p>\u2014 Primeiro, n\u00e3o considero que estejam em guerra. S\u00f3 quem n\u00e3o conhece o futebol, e n\u00e3o trabalha no futebol, \u00e9 que pensa que isto \u00e9 uma guerra. Isto n\u00e3o \u00e9 guerra de nada. Isto at\u00e9 parece uma pequena brincadeira. \u00c9 normal que se atirem farpas uns aos outros. Cada clube representa um universo de s\u00f3cios e adeptos diferente entre todos. Quando eu for eleito presidente do Benfica, o que o Benfica pode esperar, benfiquistas e s\u00f3cios, \u00e9 a defesa intransigente do Benfica, naquilo que s\u00e3o os interesses do Benfica. Relativamente ao resto, sento-me \u00e0 mesa com os outros para obviamente chegarmos a um consenso em mat\u00e9rias transversais ao futebol, centraliza\u00e7\u00e3o dos direitos audiovisuais, altera\u00e7\u00e3o dos quadros competitivos. Isto tem de ser, obviamente, por acordo com todos os outros. Mas defendendo o Benfica.<\/p>\n","protected":false},"excerpt":{"rendered":"\u2014 Formalizou a candidatura \u00e0 presid\u00eancia do Benfica junto da secretaria-geral do clube. \u00c9 mais um passe importante&hellip;\n","protected":false},"author":2,"featured_media":104131,"comment_status":"","ping_status":"","sticky":false,"template":"","format":"standard","meta":{"footnotes":""},"categories":[8],"tags":[27,28,15,16,14,25,26,21,22,12,13,19,20,32,23,24,33,17,18,29,30,31],"class_list":{"0":"post-104130","1":"post","2":"type-post","3":"status-publish","4":"format-standard","5":"has-post-thumbnail","7":"category-principais-noticias","8":"tag-breaking-news","9":"tag-breakingnews","10":"tag-featured-news","11":"tag-featurednews","12":"tag-headlines","13":"tag-latest-news","14":"tag-latestnews","15":"tag-main-news","16":"tag-mainnews","17":"tag-news","18":"tag-noticias","19":"tag-noticias-principais","20":"tag-noticiasprincipais","21":"tag-portugal","22":"tag-principais-noticias","23":"tag-principaisnoticias","24":"tag-pt","25":"tag-top-stories","26":"tag-topstories","27":"tag-ultimas","28":"tag-ultimas-noticias","29":"tag-ultimasnoticias"},"share_on_mastodon":{"url":"","error":""},"_links":{"self":[{"href":"https:\/\/www.europesays.com\/pt\/wp-json\/wp\/v2\/posts\/104130","targetHints":{"allow":["GET"]}}],"collection":[{"href":"https:\/\/www.europesays.com\/pt\/wp-json\/wp\/v2\/posts"}],"about":[{"href":"https:\/\/www.europesays.com\/pt\/wp-json\/wp\/v2\/types\/post"}],"author":[{"embeddable":true,"href":"https:\/\/www.europesays.com\/pt\/wp-json\/wp\/v2\/users\/2"}],"replies":[{"embeddable":true,"href":"https:\/\/www.europesays.com\/pt\/wp-json\/wp\/v2\/comments?post=104130"}],"version-history":[{"count":0,"href":"https:\/\/www.europesays.com\/pt\/wp-json\/wp\/v2\/posts\/104130\/revisions"}],"wp:featuredmedia":[{"embeddable":true,"href":"https:\/\/www.europesays.com\/pt\/wp-json\/wp\/v2\/media\/104131"}],"wp:attachment":[{"href":"https:\/\/www.europesays.com\/pt\/wp-json\/wp\/v2\/media?parent=104130"}],"wp:term":[{"taxonomy":"category","embeddable":true,"href":"https:\/\/www.europesays.com\/pt\/wp-json\/wp\/v2\/categories?post=104130"},{"taxonomy":"post_tag","embeddable":true,"href":"https:\/\/www.europesays.com\/pt\/wp-json\/wp\/v2\/tags?post=104130"}],"curies":[{"name":"wp","href":"https:\/\/api.w.org\/{rel}","templated":true}]}}