{"id":104163,"date":"2025-10-09T22:03:14","date_gmt":"2025-10-09T22:03:14","guid":{"rendered":"https:\/\/www.europesays.com\/pt\/104163\/"},"modified":"2025-10-09T22:03:14","modified_gmt":"2025-10-09T22:03:14","slug":"noronha-lopes-na-luz-para-formalizar-candidatura-ao-benfica","status":"publish","type":"post","link":"https:\/\/www.europesays.com\/pt\/104163\/","title":{"rendered":"Noronha Lopes na Luz para formalizar candidatura ao Benfica"},"content":{"rendered":"<p>A lista &#8216;<a class=\"autolink-enabled\" data-resource-id=\"450\" data-resource-type=\"team\" data-sport=\"football\" href=\"https:\/\/www.abola.pt\/futebol\/benfica-450\" rel=\"nofollow noopener\" target=\"_blank\">Benfica<\/a> Acima de Tudo&#8217;, liderada por Jo\u00e3o Noronha Lopes, entrega esta sexta-feira, pelas 10h00, na secretaria-geral do Est\u00e1dio da Luz, a documenta\u00e7\u00e3o de admiss\u00e3o \u00e0s elei\u00e7\u00f5es do <a class=\"autolink-enabled\" data-resource-id=\"450\" data-resource-type=\"team\" data-sport=\"football\" href=\"https:\/\/www.abola.pt\/futebol\/benfica-450\" rel=\"nofollow noopener\" target=\"_blank\">Benfica<\/a>, marcadas para 25 de outubro.<\/p>\n<p>O mandat\u00e1rio da candidatura, Lu\u00eds Tadeu, far\u00e1 a entrega ao presidente da Mesa da Assembleia Geral, Jos\u00e9 Pereira da Costa, das assinaturas de s\u00f3cios proponentes e demais documenta\u00e7\u00e3o, acompanhado pelo representante e candidato a presidente da Mesa da Assembleia Geral, Gon\u00e7alo Almeida Ribeiro.<\/p>\n<p>A candidatura &#8216;Benfica Acima de Tudo&#8217; sublinha que este ser\u00e1 \u00abum passo essencial na afirma\u00e7\u00e3o de um Benfica mais participativo, transparente e preparado para o futuro\u00bb.<\/p>\n","protected":false},"excerpt":{"rendered":"A lista &#8216;Benfica Acima de Tudo&#8217;, liderada por Jo\u00e3o Noronha Lopes, entrega esta sexta-feira, pelas 10h00, na secretaria-geral&hellip;\n","protected":false},"author":2,"featured_media":104164,"comment_status":"","ping_status":"","sticky":false,"template":"","format":"standard","meta":{"footnotes":""},"categories":[8],"tags":[27,28,15,16,14,25,26,21,22,12,13,19,20,32,23,24,33,17,18,29,30,31],"class_list":{"0":"post-104163","1":"post","2":"type-post","3":"status-publish","4":"format-standard","5":"has-post-thumbnail","7":"category-principais-noticias","8":"tag-breaking-news","9":"tag-breakingnews","10":"tag-featured-news","11":"tag-featurednews","12":"tag-headlines","13":"tag-latest-news","14":"tag-latestnews","15":"tag-main-news","16":"tag-mainnews","17":"tag-news","18":"tag-noticias","19":"tag-noticias-principais","20":"tag-noticiasprincipais","21":"tag-portugal","22":"tag-principais-noticias","23":"tag-principaisnoticias","24":"tag-pt","25":"tag-top-stories","26":"tag-topstories","27":"tag-ultimas","28":"tag-ultimas-noticias","29":"tag-ultimasnoticias"},"share_on_mastodon":{"url":"","error":""},"_links":{"self":[{"href":"https:\/\/www.europesays.com\/pt\/wp-json\/wp\/v2\/posts\/104163","targetHints":{"allow":["GET"]}}],"collection":[{"href":"https:\/\/www.europesays.com\/pt\/wp-json\/wp\/v2\/posts"}],"about":[{"href":"https:\/\/www.europesays.com\/pt\/wp-json\/wp\/v2\/types\/post"}],"author":[{"embeddable":true,"href":"https:\/\/www.europesays.com\/pt\/wp-json\/wp\/v2\/users\/2"}],"replies":[{"embeddable":true,"href":"https:\/\/www.europesays.com\/pt\/wp-json\/wp\/v2\/comments?post=104163"}],"version-history":[{"count":0,"href":"https:\/\/www.europesays.com\/pt\/wp-json\/wp\/v2\/posts\/104163\/revisions"}],"wp:featuredmedia":[{"embeddable":true,"href":"https:\/\/www.europesays.com\/pt\/wp-json\/wp\/v2\/media\/104164"}],"wp:attachment":[{"href":"https:\/\/www.europesays.com\/pt\/wp-json\/wp\/v2\/media?parent=104163"}],"wp:term":[{"taxonomy":"category","embeddable":true,"href":"https:\/\/www.europesays.com\/pt\/wp-json\/wp\/v2\/categories?post=104163"},{"taxonomy":"post_tag","embeddable":true,"href":"https:\/\/www.europesays.com\/pt\/wp-json\/wp\/v2\/tags?post=104163"}],"curies":[{"name":"wp","href":"https:\/\/api.w.org\/{rel}","templated":true}]}}