{"id":104190,"date":"2025-10-09T22:39:12","date_gmt":"2025-10-09T22:39:12","guid":{"rendered":"https:\/\/www.europesays.com\/pt\/104190\/"},"modified":"2025-10-09T22:39:12","modified_gmt":"2025-10-09T22:39:12","slug":"forca-aerea-recebe-mais-um-helicoptero-uh-60-black-hawk","status":"publish","type":"post","link":"https:\/\/www.europesays.com\/pt\/104190\/","title":{"rendered":"For\u00e7a A\u00e9rea recebe mais um helic\u00f3ptero UH-60 Black Hawk"},"content":{"rendered":"<p>Em comunicado, a For\u00e7a A\u00e9rea explicou que &#8220;este \u00e9 o quinto UH-60 Black Hawk recebido pela For\u00e7a A\u00e9rea para refor\u00e7ar a Esquadra 551 \u2013 \u201cPanteras\u201d, sendo o primeiro na vers\u00e3o \u201cLima\u201d, com altera\u00e7\u00f5es que o diferem dos quatro anteriores helic\u00f3pteros j\u00e1 recebidos, na vers\u00e3o \u201cAlpha\u201d.&#8221;<\/p>\n<p>Assim sendo, as principais altera\u00e7\u00f5es s\u00e3o: novos motores e uma nova caixa de velocidades, que permite aumentar a vida \u00fatil operacional do meio a\u00e9reo; a nova vers\u00e3o recebida apresenta ainda um aumento do peso m\u00e1ximo \u00e0 descolagem em cerca de 680 quilos, maior capacidade de carga suspensa, mais de 450 quilos, e melhor desempenho em condi\u00e7\u00f5es de temperatura e altitude elevadas.<\/p>\n<p>O helic\u00f3ptero UH-60 Black Hawk, pode-se ler no comunicado, destina-se a ser operado &#8220;pela Esquadra 551 &#8211; &#8216;Panteras&#8217; que tem como principais miss\u00f5es o combate a\u00e9reo a inc\u00eandios rurais e a proje\u00e7\u00e3o de for\u00e7as no terreno, com capacidade de transportar at\u00e9 12 operacionais e 2950 litros de \u00e1gua para largada&#8221;.<\/p>\n<p>A chegada \u00e0 base deve-se ao transporte num avi\u00e3o KC-390 da For\u00e7a A\u00e9rea, que partiu ter\u00e7a-feira, 7 de outubro, com destino a Huntsville, Alabama, nos Estados Unidos da Am\u00e9rica (EUA), tendo realizado escalas t\u00e9cnicas na Base A\u00e9rea N.\u00ba 4, nas Lajes, e em Rhode Island, nos EUA. O voo de regresso teve in\u00edcio no dia de hoje, 9 de outubro, com destino \u00e0 BA8, num voo direto.<\/p>\n<p>O comunicado volta a indicar a mudan\u00e7a que se sucedeu em 2018, quando o Governo portugu\u00eas &#8220;transferiu para a gest\u00e3o da For\u00e7a A\u00e9rea os meios pr\u00f3prios do Estado para a miss\u00e3o de combate a inc\u00eandios rurais. Neste seguimento, foram assinados contratos de aquisi\u00e7\u00e3o de seis UH-60 Black Hawk, em grande parte financiados com verbas do Plano de Recupera\u00e7\u00e3o e Resili\u00eancia (PRR). Os primeiros quatro helic\u00f3pteros daquele primeiro contrato j\u00e1 foram entregues \u00e0 For\u00e7a A\u00e9rea&#8221;.<\/p>\n<p>&#8220;Posteriormente, a For\u00e7a A\u00e9rea assinou, em setembro de 2024, um outro contrato para a aquisi\u00e7\u00e3o de mais tr\u00eas helic\u00f3pteros UH-60 Black Hawk, elevando o total da frota para nove meios a\u00e9reos&#8221;, pode-se ler ainda. Todos os pr\u00f3ximos helic\u00f3pteros a serem rececionados ser\u00e3o j\u00e1 na nova vers\u00e3o, a \u201cLima\u201d.<\/p>\n","protected":false},"excerpt":{"rendered":"Em comunicado, a For\u00e7a A\u00e9rea explicou que &#8220;este \u00e9 o quinto UH-60 Black Hawk recebido pela For\u00e7a A\u00e9rea&hellip;\n","protected":false},"author":2,"featured_media":104191,"comment_status":"","ping_status":"","sticky":false,"template":"","format":"standard","meta":{"footnotes":""},"categories":[10],"tags":[27,28,15,16,14,25,26,21,22,12,13,19,20,32,23,24,33,17,18,29,30,31],"class_list":{"0":"post-104190","1":"post","2":"type-post","3":"status-publish","4":"format-standard","5":"has-post-thumbnail","7":"category-portugal","8":"tag-breaking-news","9":"tag-breakingnews","10":"tag-featured-news","11":"tag-featurednews","12":"tag-headlines","13":"tag-latest-news","14":"tag-latestnews","15":"tag-main-news","16":"tag-mainnews","17":"tag-news","18":"tag-noticias","19":"tag-noticias-principais","20":"tag-noticiasprincipais","21":"tag-portugal","22":"tag-principais-noticias","23":"tag-principaisnoticias","24":"tag-pt","25":"tag-top-stories","26":"tag-topstories","27":"tag-ultimas","28":"tag-ultimas-noticias","29":"tag-ultimasnoticias"},"share_on_mastodon":{"url":"","error":""},"_links":{"self":[{"href":"https:\/\/www.europesays.com\/pt\/wp-json\/wp\/v2\/posts\/104190","targetHints":{"allow":["GET"]}}],"collection":[{"href":"https:\/\/www.europesays.com\/pt\/wp-json\/wp\/v2\/posts"}],"about":[{"href":"https:\/\/www.europesays.com\/pt\/wp-json\/wp\/v2\/types\/post"}],"author":[{"embeddable":true,"href":"https:\/\/www.europesays.com\/pt\/wp-json\/wp\/v2\/users\/2"}],"replies":[{"embeddable":true,"href":"https:\/\/www.europesays.com\/pt\/wp-json\/wp\/v2\/comments?post=104190"}],"version-history":[{"count":0,"href":"https:\/\/www.europesays.com\/pt\/wp-json\/wp\/v2\/posts\/104190\/revisions"}],"wp:featuredmedia":[{"embeddable":true,"href":"https:\/\/www.europesays.com\/pt\/wp-json\/wp\/v2\/media\/104191"}],"wp:attachment":[{"href":"https:\/\/www.europesays.com\/pt\/wp-json\/wp\/v2\/media?parent=104190"}],"wp:term":[{"taxonomy":"category","embeddable":true,"href":"https:\/\/www.europesays.com\/pt\/wp-json\/wp\/v2\/categories?post=104190"},{"taxonomy":"post_tag","embeddable":true,"href":"https:\/\/www.europesays.com\/pt\/wp-json\/wp\/v2\/tags?post=104190"}],"curies":[{"name":"wp","href":"https:\/\/api.w.org\/{rel}","templated":true}]}}