{"id":104204,"date":"2025-10-09T22:57:13","date_gmt":"2025-10-09T22:57:13","guid":{"rendered":"https:\/\/www.europesays.com\/pt\/104204\/"},"modified":"2025-10-09T22:57:13","modified_gmt":"2025-10-09T22:57:13","slug":"parlamento-europeu-chumba-mocoes-de-censura-a-von-der-leyen-uniao-europeia","status":"publish","type":"post","link":"https:\/\/www.europesays.com\/pt\/104204\/","title":{"rendered":"Parlamento Europeu chumba mo\u00e7\u00f5es de censura a Von der Leyen | Uni\u00e3o Europeia"},"content":{"rendered":"<p>As mo\u00e7\u00f5es de censura apresentadas contra a presidente da Comiss\u00e3o Europeia, Ursula von der Leyen, ap\u00f3s o seu discurso sobre o Estado da Uni\u00e3o Europeia, foram rejeitadas esta quinta-feira pelos grupos de centro-direita e centro-esquerda do Parlamento Europeu, que pela segunda vez em tr\u00eas meses voltaram a cerrar fileiras em torno da alem\u00e3 e do executivo comunit\u00e1rio, perante os ataques das for\u00e7as pol\u00edticas nos dois extremos do hemiciclo.<\/p>\n<p>Numa vota\u00e7\u00e3o in\u00e9dita \u2013 nunca at\u00e9 agora tinham sido apresentadas, discutidas e apreciadas duas mo\u00e7\u00f5es de censura em simult\u00e2neo \u2013, os eurodeputados chumbaram a proposta avan\u00e7ada pelo grupo da direita populista e nacionalista dos Patriotas pela Europa, com 378 votos contra e 179 a favor, e imediatamente depois rejeitaram uma proposta semelhante subscrita pelos membros do grupo d\u2019A Esquerda, que s\u00f3 conseguiu o apoio de 133 dos 594 eurodeputados que participaram na vota\u00e7\u00e3o, recebendo 383 votos contra.<\/p>\n<p>Tanto os Patriotas pela Europa, como A Esquerda justificaram os seus pedidos de demiss\u00e3o de Von der Leyen com o resultado das negocia\u00e7\u00f5es comerciais com o Presidente dos Estados Unidos, Donald Trump. Para Jordan Bardella, l\u00edder da bancada da direita radical e da Uni\u00e3o Nacional francesa, o acordo para a imposi\u00e7\u00e3o de tarifas de 15% \u00e0s exporta\u00e7\u00f5es da UE correspondeu a uma \u201crendi\u00e7\u00e3o\u201d. A l\u00edder d\u2019A Esquerda, Manon Aubry, eleita pela Fran\u00e7a Insubmissa, acusou Bruxelas de \u201cvassaliza\u00e7\u00e3o\u201d face a Washington.<\/p>\n<p>Num curto discurso em que reconheceu as \u201cpreocupa\u00e7\u00f5es leg\u00edtimas\u201d dos membros do Parlamento Europeu com os desenvolvimentos do Ver\u00e3o, em rela\u00e7\u00e3o ao com\u00e9rcio ou \u00e0s guerras na Ucr\u00e2nia e em Gaza, <a href=\"https:\/\/www.publico.pt\/2025\/10\/06\/mundo\/noticia\/von-der-leyen-novas-mocoes-censura-armadilha-nao-podemos-cair-nela-2149849\" rel=\"nofollow noopener\" target=\"_blank\">Von der Leyen<\/a> lamentou que as bancadas radicais perdessem o tempo do Parlamento Europeu com \u201ctruques pol\u00edticos\u201d para alimentar a confus\u00e3o e a divis\u00e3o. \u201cIsto \u00e9 uma armadilha e n\u00e3o podemos cair nela\u201d, afirmou, acusando Bardella e Aubry de serem \u201camigos obedientes\u201d de Vladimir Putin.<\/p>\n<p>No in\u00edcio de Julho, o Parlamento Europeu j\u00e1 tinha <a href=\"https:\/\/www.publico.pt\/2025\/07\/10\/mundo\/noticia\/mocao-censura-von-der-leyen-rejeitada-larga-maioria-parlamento-europeu-2139711\" rel=\"nofollow noopener\" target=\"_blank\">rejeitado <\/a>a primeira mo\u00e7\u00e3o de censura contra a presidente da Comiss\u00e3o com 360 votos contra, 175 a favor e 18 absten\u00e7\u00f5es. Para serem aprovadas, as propostas tinham que obter uma maioria de dois ter\u00e7os dos votos expressos representando a maioria dos membros que comp\u00f5em o Parlamento.<\/p>\n<p>Como h\u00e1 tr\u00eas meses, os membros das bancadas social-democrata, liberal e dos Verdes exigiram uma s\u00e9rie de contrapartidas para manter a confian\u00e7a em Von der Leyen e na sua equipa. \u201cO nosso apoio n\u00e3o \u00e9 incondicional\u201d, disse a l\u00edder dos Socialistas &amp; Democratas, Iratxe Garc\u00eda, que quer ver v\u00e1rias das propostas do seu grupo vertidas no programa de trabalho que a Comiss\u00e3o vai apresentar em Novembro.<\/p>\n<p>Os dirigentes do grupo Renovar a Europa e dos Verdes tamb\u00e9m lamentaram a falta de \u201cprogressos\u201d em \u00e1reas que classificam como priorit\u00e1rias: a execu\u00e7\u00e3o do plano delineado pelo ex-presidente do Banco Central Europeu, Mario Draghi, para promover a competitividade da UE, no caso dos liberais; a ac\u00e7\u00e3o clim\u00e1tica e a resposta \u00e0 crise da habita\u00e7\u00e3o, para os ecologistas.<\/p>\n<p>Quando foi reeleita para um segundo mandato \u00e0 frente do executivo comunit\u00e1rio, depois das elei\u00e7\u00f5es europeias de 2024, Ursula von der Leyen conseguiu 401 votos a favor e 284 contra.<\/p>\n","protected":false},"excerpt":{"rendered":"As mo\u00e7\u00f5es de censura apresentadas contra a presidente da Comiss\u00e3o Europeia, Ursula von der Leyen, ap\u00f3s o seu&hellip;\n","protected":false},"author":2,"featured_media":104205,"comment_status":"","ping_status":"","sticky":false,"template":"","format":"standard","meta":{"footnotes":""},"categories":[50],"tags":[27,28,1834,445,15,16,14,25,26,21,22,62,12,13,19,20,542,8118,23,24,17,18,29,30,31,636,1153,63,64,65],"class_list":{"0":"post-104204","1":"post","2":"type-post","3":"status-publish","4":"format-standard","5":"has-post-thumbnail","7":"category-mundo","8":"tag-breaking-news","9":"tag-breakingnews","10":"tag-comissao-europeia","11":"tag-europa","12":"tag-featured-news","13":"tag-featurednews","14":"tag-headlines","15":"tag-latest-news","16":"tag-latestnews","17":"tag-main-news","18":"tag-mainnews","19":"tag-mundo","20":"tag-news","21":"tag-noticias","22":"tag-noticias-principais","23":"tag-noticiasprincipais","24":"tag-para-redes","25":"tag-parlamento-europeu","26":"tag-principais-noticias","27":"tag-principaisnoticias","28":"tag-top-stories","29":"tag-topstories","30":"tag-ultimas","31":"tag-ultimas-noticias","32":"tag-ultimasnoticias","33":"tag-uniao-europeia","34":"tag-ursula-von-der-leyen","35":"tag-world","36":"tag-world-news","37":"tag-worldnews"},"share_on_mastodon":{"url":"","error":""},"_links":{"self":[{"href":"https:\/\/www.europesays.com\/pt\/wp-json\/wp\/v2\/posts\/104204","targetHints":{"allow":["GET"]}}],"collection":[{"href":"https:\/\/www.europesays.com\/pt\/wp-json\/wp\/v2\/posts"}],"about":[{"href":"https:\/\/www.europesays.com\/pt\/wp-json\/wp\/v2\/types\/post"}],"author":[{"embeddable":true,"href":"https:\/\/www.europesays.com\/pt\/wp-json\/wp\/v2\/users\/2"}],"replies":[{"embeddable":true,"href":"https:\/\/www.europesays.com\/pt\/wp-json\/wp\/v2\/comments?post=104204"}],"version-history":[{"count":0,"href":"https:\/\/www.europesays.com\/pt\/wp-json\/wp\/v2\/posts\/104204\/revisions"}],"wp:featuredmedia":[{"embeddable":true,"href":"https:\/\/www.europesays.com\/pt\/wp-json\/wp\/v2\/media\/104205"}],"wp:attachment":[{"href":"https:\/\/www.europesays.com\/pt\/wp-json\/wp\/v2\/media?parent=104204"}],"wp:term":[{"taxonomy":"category","embeddable":true,"href":"https:\/\/www.europesays.com\/pt\/wp-json\/wp\/v2\/categories?post=104204"},{"taxonomy":"post_tag","embeddable":true,"href":"https:\/\/www.europesays.com\/pt\/wp-json\/wp\/v2\/tags?post=104204"}],"curies":[{"name":"wp","href":"https:\/\/api.w.org\/{rel}","templated":true}]}}