{"id":104210,"date":"2025-10-09T23:03:04","date_gmt":"2025-10-09T23:03:04","guid":{"rendered":"https:\/\/www.europesays.com\/pt\/104210\/"},"modified":"2025-10-09T23:03:04","modified_gmt":"2025-10-09T23:03:04","slug":"a-fazenda-em-fuga-eva-e-confundida-com-uma-ladra-tvi","status":"publish","type":"post","link":"https:\/\/www.europesays.com\/pt\/104210\/","title":{"rendered":"A Fazenda: Em fuga, Eva \u00e9 confundida com uma ladra &#8211; TVI"},"content":{"rendered":"<ol>\n<li><a href=\"https:\/\/news.google.com\/rss\/articles\/CBMiqwFBVV95cUxPRmNiTFI1MGZ3SHRMUGZ6ZTNhM0tkeFdYdjE4VE41eGZncUlwMXl0RnlkYkxzUjdqeHVoZVY3UUZPRVd6eWctc3VnbEhiQm1Gazh1U0JYcTg4X2hvQ0RVRmFqa3N6UE5EalNrcUhUdFVwWHg1UUxvb2pzSmJrUGNTTVlqQVB1NDVhRi1iRVNtcjAxY1JUM3ZWMDNqSmRfVXd6ZHdhSkJLLVU4VUU?oc=5\" target=\"_blank\" rel=\"nofollow noopener\">A Fazenda: Em fuga, Eva \u00e9 confundida com uma ladra<\/a>&nbsp;&nbsp;TVI<\/li>\n<li><a href=\"https:\/\/news.google.com\/rss\/articles\/CBMi0gFBVV95cUxQQTRkVG9ISnI2bmx2bkJLRnlaTGRYTm5nNVZ3cGVhY0xEUnh3WlZNQ2tld1ZoczdOR054RW9KMHdnQWNORWdTME43cmUtT0wtZ2dtNEVVLTJ1Y2pFYzBJZ0lYd181c3dyS0JINmEwck9LU1VybXk0Vm1wX1VLbjhweHdKRk8xN19oRmNEOU9pWHdsS0NsRF9DalB2aElUT2YyUDJaUThvblhPV2lQNEFib04wLUcyTE5xNXhkaWt2N2tuenRhTnE4elRkaERVNkpHSFE?oc=5\" target=\"_blank\" rel=\"nofollow noopener\">A Fazenda. Emo\u00e7\u00f5es finais: Depois de drogar Eva, Joel volta a fugir com ela e simula a morte da amada<\/a>&nbsp;&nbsp;TV Guia.pt<\/li>\n<li><a href=\"https:\/\/news.google.com\/rss\/articles\/CBMiiAFBVV95cUxNNmoybHdLN1lqbGpyZXBzUm5iQTlIbFp4eG9PaXFHUmUzRnpUTDRTS3lyREpvOWVjbHkwN3ZkVksybzJsVGdEa0NpZDFCRnl0Mjk0V1p6VE50SHg0VkFMc2tmdDdNbE9IRmVnLTh4NmpEV2kyQjY4TkJUa2MybHlFMzdDN01ndU1f?oc=5\" target=\"_blank\" rel=\"nofollow noopener\">A Fazenda: A fuga de Eva acaba mal<\/a>&nbsp;&nbsp;Maria.pt<\/li>\n<li><a href=\"https:\/\/news.google.com\/rss\/articles\/CBMiswFBVV95cUxNVXpzTV9XNHV2Qk0wWnlqSFNyV1p1SXZLeVQxSGJkWnBHR0pxLUpZWXdvellMcGtqV1plejUtQ2cxc0ZHOVJIZGtVN2tEeUNGX0RrYThhS3FVT3VTSjY1Y0hkbzYxbng3d1hWQ2Y0c1FUd2FxRVhWODVFRHZkZDdzSHg5NlBmVDRSWTVwZ0Zpcm5BbmFKWS1PcHRzTlNUZ2tkMUNHVWRJYVlzc1BKTnhLckVzWQ?oc=5\" target=\"_blank\" rel=\"nofollow noopener\">Miguel recebe not\u00edcias alarmantes de Eva: \u00abFui-me embora\u00bb<\/a>&nbsp;&nbsp;TVI<\/li>\n<li><a href=\"https:\/\/news.google.com\/rss\/articles\/CBMisgFBVV95cUxPcXJBMGdQNGVJYy11bWJhYVVxbnpXbjFOaFc0aFQwTnQ4Vy1nNEtyQzJJcVRUU1ZHZy1waDlxUWhIN193Z3FVRWtUY3U4Q05SN0VEeHVyM3hNX0xsZXBGZHlfRzJYcTgwNWQwYV9GMkQ5SHNEV2FRMHpWeFBCYW9nV2lpOEI1WEJnXzJ3REh0Q3BLczNRVXQ1YXFuVWZxVUMxbkRpdEY2YlF4eEh4SlZQdl9B?oc=5\" target=\"_blank\" rel=\"nofollow noopener\">A Fazenda: Eva acorda e ouve o plano diab\u00f3lico de Joel<\/a>&nbsp;&nbsp;TVI<\/li>\n<\/ol>\n","protected":false},"excerpt":{"rendered":"A Fazenda: Em fuga, Eva \u00e9 confundida com uma ladra&nbsp;&nbsp;TVI A Fazenda. Emo\u00e7\u00f5es finais: Depois de drogar Eva,&hellip;\n","protected":false},"author":2,"featured_media":104211,"comment_status":"","ping_status":"","sticky":false,"template":"","format":"standard","meta":{"footnotes":""},"categories":[142],"tags":[657,160,166,114,115,157,167,164,2931,161,158,165,159,32,33,156,163,151,162],"class_list":{"0":"post-104210","1":"post","2":"type-post","3":"status-publish","4":"format-standard","5":"has-post-thumbnail","7":"category-tv","8":"tag-a-fazenda","9":"tag-ana-guiomar","10":"tag-cristina-ferreira","11":"tag-entertainment","12":"tag-entretenimento","13":"tag-festa-e-festa","14":"tag-ficcao","15":"tag-jose-fidalgo","16":"tag-novela","17":"tag-novelas","18":"tag-para-sempre","19":"tag-pedro-sousa","20":"tag-pedro-teixeira","21":"tag-portugal","22":"tag-pt","23":"tag-queridos-papas","24":"tag-tiago-teotonio-pereira","25":"tag-tv","26":"tag-tvi"},"share_on_mastodon":{"url":"","error":""},"_links":{"self":[{"href":"https:\/\/www.europesays.com\/pt\/wp-json\/wp\/v2\/posts\/104210","targetHints":{"allow":["GET"]}}],"collection":[{"href":"https:\/\/www.europesays.com\/pt\/wp-json\/wp\/v2\/posts"}],"about":[{"href":"https:\/\/www.europesays.com\/pt\/wp-json\/wp\/v2\/types\/post"}],"author":[{"embeddable":true,"href":"https:\/\/www.europesays.com\/pt\/wp-json\/wp\/v2\/users\/2"}],"replies":[{"embeddable":true,"href":"https:\/\/www.europesays.com\/pt\/wp-json\/wp\/v2\/comments?post=104210"}],"version-history":[{"count":0,"href":"https:\/\/www.europesays.com\/pt\/wp-json\/wp\/v2\/posts\/104210\/revisions"}],"wp:featuredmedia":[{"embeddable":true,"href":"https:\/\/www.europesays.com\/pt\/wp-json\/wp\/v2\/media\/104211"}],"wp:attachment":[{"href":"https:\/\/www.europesays.com\/pt\/wp-json\/wp\/v2\/media?parent=104210"}],"wp:term":[{"taxonomy":"category","embeddable":true,"href":"https:\/\/www.europesays.com\/pt\/wp-json\/wp\/v2\/categories?post=104210"},{"taxonomy":"post_tag","embeddable":true,"href":"https:\/\/www.europesays.com\/pt\/wp-json\/wp\/v2\/tags?post=104210"}],"curies":[{"name":"wp","href":"https:\/\/api.w.org\/{rel}","templated":true}]}}