{"id":104212,"date":"2025-10-09T23:04:09","date_gmt":"2025-10-09T23:04:09","guid":{"rendered":"https:\/\/www.europesays.com\/pt\/104212\/"},"modified":"2025-10-09T23:04:09","modified_gmt":"2025-10-09T23:04:09","slug":"girlband-sugere-retorno-e-membro-descobre-que-foi-excluida","status":"publish","type":"post","link":"https:\/\/www.europesays.com\/pt\/104212\/","title":{"rendered":"Girlband sugere retorno e membro descobre que foi exclu\u00edda"},"content":{"rendered":"<p>A girlband <strong>Danity Kane<\/strong>, sucesso do fim dos anos 2000, ati\u00e7ou f\u00e3s com um post que pareceu o teaser de um \u2018comeback\u2019. A movimenta\u00e7\u00e3o n\u00e3o foi uma surpresa para os f\u00e3s \u2013 porque a cantora <strong>Aubrey O\u2019Day<\/strong> j\u00e1 havia falado da possibilidade de reuni\u00e3o para comemora\u00e7\u00e3o dos 20 anos do grupo \u2013 mas pegou a integrante <strong>Dawn Richard<\/strong> de surpresa. Ela n\u00e3o foi convidada para a reuni\u00e3o.<\/p>\n<p><img loading=\"lazy\" decoding=\"async\" aria-describedby=\"caption-attachment-999443\" class=\"size-full wp-image-999443\" src=\"data:image\/svg+xml,%3Csvg%20xmlns=\" http:=\"\" alt=\"Girlband anuncia retorno e membro descobre que foi exclu\u00edda\" width=\"1200\" height=\"810\" data-lazy-src=\"https:\/\/www.europesays.com\/pt\/wp-content\/uploads\/2025\/10\/dawn-richard.jpg\"\/><\/p>\n<p id=\"caption-attachment-999443\" class=\"wp-caption-text\">(Foto: X @DawnRichard)<\/p>\n<p>Leia mais:<\/p>\n<p>\u201cEu n\u00e3o fa\u00e7o parte disso. N\u00e3o ouvi falar, nem sabia. Enviando amor a todos\u201d, <strong>Dawn<\/strong> escreveu no X (Twitter). Ela \u00e9 um membro original do <strong>Danity Kane<\/strong> e fez parte de todas as fases da girlband.<\/p>\n<p>O<strong> Danity Kane<\/strong> estreou como quinteto em 2005, ap\u00f3s as cantoras serem selecionadas no reality da MTV <strong>\u201cMaking the Band\u201d<\/strong> e assinarem contrato com a Bad Boy Records, do <strong>Diddy<\/strong>. Mas <strong>Aubrey O\u2019Day<\/strong> e <strong>D. Woods<\/strong> deixaram o grupo em 2008 e ele seguiu como trio em 2009, quando se separou. Em 2013, <a href=\"https:\/\/portalpopline.com.br\/em-show-que-marcou-seu-retorno-o-grupo-danity-kane-canta-nova-musica-e-um-cover-de-wrecking-ball-de-miley-cyrus\/\" target=\"_blank\" rel=\"noopener nofollow\">houve uma reuni\u00e3o como quarteto,<\/a> sem apena<strong>s D. Wood<\/strong>. J\u00e1 em 2018, o grupo voltou como trio, com<strong> Dawn Richard, Aubrey O\u2019Day<\/strong> e<strong> Shannon Bex<\/strong>.<\/p>\n<p><img loading=\"lazy\" decoding=\"async\" aria-describedby=\"caption-attachment-999444\" class=\"size-full wp-image-999444\" src=\"data:image\/svg+xml,%3Csvg%20xmlns=\" http:=\"\" alt=\"Girlband anuncia retorno e membro descobre que foi exclu\u00edda\" width=\"1200\" height=\"782\" data-lazy-src=\"https:\/\/www.europesays.com\/pt\/wp-content\/uploads\/2025\/10\/danity-kane-foto.jpg\"\/><\/p>\n<p id=\"caption-attachment-999444\" class=\"wp-caption-text\">(Foto: Divulga\u00e7\u00e3o)<\/p>\n<p>Danity Kane como trio: mas com quais integrantes?<\/p>\n<p>A foto postada pelo grupo para o poss\u00edvel \u2018comeback\u2019 mostra a silhueta de tr\u00eas pessoas, indicando uma nova fase como trio, sem revelar quais s\u00e3o as integrantes desta fase. O curioso \u00e9 n\u00e3o ter <strong>Dawn Richard<\/strong>, que participou de todas as forma\u00e7\u00f5es.<\/p>\n<blockquote class=\"twitter-tweet\">\n<p dir=\"ltr\" lang=\"qme\"><a href=\"https:\/\/twitter.com\/hashtag\/NewProfilePic?src=hash&amp;ref_src=twsrc%5Etfw\" rel=\"nofollow noopener\" target=\"_blank\">#NewProfilePic<\/a> <a href=\"https:\/\/t.co\/zyib49xlnn\" rel=\"nofollow\">pic.twitter.com\/zyib49xlnn<\/a><\/p>\n<p>\u2014 Danity Kane (@danitykane) <a href=\"https:\/\/twitter.com\/danitykane\/status\/1976138479479484660?ref_src=twsrc%5Etfw\" rel=\"nofollow noopener\" target=\"_blank\">October 9, 2025<\/a><\/p>\n<\/blockquote>\n<p>O<strong> Danity Kane<\/strong> tem tr\u00eas \u00e1lbuns lan\u00e7ados \u2013 dois deles foram n\u00ba1 na Billboard 200. Entre seus maiores sucessos, est\u00e3o \u201cShow Stopper\u201d (com<strong> Yung Joc<\/strong>), que ganhou clipe com participa\u00e7\u00e3o de <strong>Diddy<\/strong> e alcan\u00e7ou o 8\u00ba lugar na parada de singles dos Estados Unidos, e \u201cDamaged\u201d, que chegou ao Top 10.<\/p>\n<p><script async src=\"https:\/\/platform.twitter.com\/widgets.js\" charset=\"utf-8\"><\/script><\/p>\n","protected":false},"excerpt":{"rendered":"A girlband Danity Kane, sucesso do fim dos anos 2000, ati\u00e7ou f\u00e3s com um post que pareceu o&hellip;\n","protected":false},"author":2,"featured_media":104213,"comment_status":"","ping_status":"","sticky":false,"template":"","format":"standard","meta":{"footnotes":""},"categories":[141],"tags":[3600,25183,25184,114,115,10989,9983,10114,25185,25186,149,150,274,571,32,33,6580,3605],"class_list":{"0":"post-104212","1":"post","2":"type-post","3":"status-publish","4":"format-standard","5":"has-post-thumbnail","7":"category-musica","8":"tag-comeback","9":"tag-danity-kane","10":"tag-dawn-richard","11":"tag-entertainment","12":"tag-entretenimento","13":"tag-girlband","14":"tag-girlgroup","15":"tag-grupo","16":"tag-integrantes","17":"tag-membros","18":"tag-music","19":"tag-musica","20":"tag-musica-pop","21":"tag-plantao","22":"tag-portugal","23":"tag-pt","24":"tag-rb","25":"tag-retorno"},"share_on_mastodon":{"url":"","error":""},"_links":{"self":[{"href":"https:\/\/www.europesays.com\/pt\/wp-json\/wp\/v2\/posts\/104212","targetHints":{"allow":["GET"]}}],"collection":[{"href":"https:\/\/www.europesays.com\/pt\/wp-json\/wp\/v2\/posts"}],"about":[{"href":"https:\/\/www.europesays.com\/pt\/wp-json\/wp\/v2\/types\/post"}],"author":[{"embeddable":true,"href":"https:\/\/www.europesays.com\/pt\/wp-json\/wp\/v2\/users\/2"}],"replies":[{"embeddable":true,"href":"https:\/\/www.europesays.com\/pt\/wp-json\/wp\/v2\/comments?post=104212"}],"version-history":[{"count":0,"href":"https:\/\/www.europesays.com\/pt\/wp-json\/wp\/v2\/posts\/104212\/revisions"}],"wp:featuredmedia":[{"embeddable":true,"href":"https:\/\/www.europesays.com\/pt\/wp-json\/wp\/v2\/media\/104213"}],"wp:attachment":[{"href":"https:\/\/www.europesays.com\/pt\/wp-json\/wp\/v2\/media?parent=104212"}],"wp:term":[{"taxonomy":"category","embeddable":true,"href":"https:\/\/www.europesays.com\/pt\/wp-json\/wp\/v2\/categories?post=104212"},{"taxonomy":"post_tag","embeddable":true,"href":"https:\/\/www.europesays.com\/pt\/wp-json\/wp\/v2\/tags?post=104212"}],"curies":[{"name":"wp","href":"https:\/\/api.w.org\/{rel}","templated":true}]}}