{"id":104214,"date":"2025-10-09T23:05:08","date_gmt":"2025-10-09T23:05:08","guid":{"rendered":"https:\/\/www.europesays.com\/pt\/104214\/"},"modified":"2025-10-09T23:05:08","modified_gmt":"2025-10-09T23:05:08","slug":"truque-de-mestre-3-ganha-cena-com-grupo-mostrando-habilidades","status":"publish","type":"post","link":"https:\/\/www.europesays.com\/pt\/104214\/","title":{"rendered":"Truque de Mestre 3 ganha cena com grupo mostrando habilidades"},"content":{"rendered":"<p>Um novo clipe de\u00a0<a href=\"https:\/\/www.omelete.com.br\/busca?q=truque+de+mestre+3\" target=\"_blank\" rel=\"nofollow noopener\"><strong>Truque de Mestre 3<\/strong><\/a>\u00a0foi revelado nesta quinta-feira (09) por meio do perfil oficial da franquia no\u00a0<strong>X<\/strong> (antigo Twitter). Nele, \u00e9 poss\u00edvel ver os personagens da trupe utilizando suas habilidades m\u00e1gicas para mostrar como forma de provocar uns aos outros.<\/p>\n<p>No v\u00eddeo, \u00e9 poss\u00edvel ver os personagens de <strong>Jesse Eisenberg<\/strong>,\u00a0<strong>Dave Franco<\/strong>,\u00a0<strong>Woody Harrelson<\/strong>,\u00a0<strong>Justice Smith<\/strong> e outros mostrando como se livrar de uma joia, que parece ser o principal foco dessa nova aventura dos Quatro Cavaleiros, que contam com um elenco consider\u00e1vel de companheiros para o longa.<\/p>\n<p>      Tudo sobre Truque de Mestre 3<\/p>\n<p>A sinopse inicial de\u00a0Truque de Mestre &#8211; O 3\u00ba Ato\u00a0diz que \u201ca\u00a0hist\u00f3ria da trupe de m\u00e1gicos conhecida como Quatro Cavaleiros continua na terceira parte da franquia, que apresentar\u00e1 novos personagens ao mundo, ao mesmo tempo que criar\u00e1 oportunidades para o elenco original reprisar seus pap\u00e9is\u201d.\u00a0<\/p>\n<p>O elenco de\u00a0O 3\u00ba Ato\u00a0conta com os retornos de\u00a0<strong>Jesse Eisenberg, Woody Harrelson, Isla Fisher,\u00a0<\/strong><strong>Mark Ruffalo,\u00a0Morgan Freeman,\u00a0Lizzy Caplan,\u00a0Dave Franco, Daniel Radcliffe\u00a0<\/strong>e\u00a0<strong>Michael Caine<\/strong>, enquanto as novidades ficam por conta de\u00a0<strong>Justice Smith, Rosamund Pike<\/strong>,\u00a0<strong>Ariana Greenblatt\u00a0<\/strong>e\u00a0<strong>Dominic Sessa<\/strong>. O diretor\u00a0<strong>Ruben Fleischer<\/strong>\u00a0(Zumbil\u00e2ndia) assina a produ\u00e7\u00e3o.<\/p>\n<p>Os dois filmes anteriores, de 2013 e 2014, fizeram grande sucesso nas bilheterias. O longa original conseguiu, com um or\u00e7amento de US$ 75 milh\u00f5es, arrecadar US$ 350 milh\u00f5es em todo o mundo. J\u00e1 a sequ\u00eancia, que n\u00e3o teve or\u00e7amento confirmado, arrecadou US$ 334 milh\u00f5es.<\/p>\n<p data-gtm-vis-first-on-screen67967661_30=\"17137\" data-gtm-vis-has-fired67967661_30=\"1\" data-gtm-vis-total-visible-time67967661_30=\"100\">Truque de Mestre &#8211; O 3\u00ba Ato\u00a0estreia no dia\u00a0<strong>13 de novembro de 2025<\/strong>\u00a0nos cinemas brasileiros.<\/p>\n","protected":false},"excerpt":{"rendered":"Um novo clipe de\u00a0Truque de Mestre 3\u00a0foi revelado nesta quinta-feira (09) por meio do perfil oficial da franquia&hellip;\n","protected":false},"author":2,"featured_media":104215,"comment_status":"","ping_status":"","sticky":false,"template":"","format":"standard","meta":{"footnotes":""},"categories":[140],"tags":[114,115,147,148,146,32,33],"class_list":{"0":"post-104214","1":"post","2":"type-post","3":"status-publish","4":"format-standard","5":"has-post-thumbnail","7":"category-filmes","8":"tag-entertainment","9":"tag-entretenimento","10":"tag-film","11":"tag-filmes","12":"tag-movies","13":"tag-portugal","14":"tag-pt"},"share_on_mastodon":{"url":"","error":""},"_links":{"self":[{"href":"https:\/\/www.europesays.com\/pt\/wp-json\/wp\/v2\/posts\/104214","targetHints":{"allow":["GET"]}}],"collection":[{"href":"https:\/\/www.europesays.com\/pt\/wp-json\/wp\/v2\/posts"}],"about":[{"href":"https:\/\/www.europesays.com\/pt\/wp-json\/wp\/v2\/types\/post"}],"author":[{"embeddable":true,"href":"https:\/\/www.europesays.com\/pt\/wp-json\/wp\/v2\/users\/2"}],"replies":[{"embeddable":true,"href":"https:\/\/www.europesays.com\/pt\/wp-json\/wp\/v2\/comments?post=104214"}],"version-history":[{"count":0,"href":"https:\/\/www.europesays.com\/pt\/wp-json\/wp\/v2\/posts\/104214\/revisions"}],"wp:featuredmedia":[{"embeddable":true,"href":"https:\/\/www.europesays.com\/pt\/wp-json\/wp\/v2\/media\/104215"}],"wp:attachment":[{"href":"https:\/\/www.europesays.com\/pt\/wp-json\/wp\/v2\/media?parent=104214"}],"wp:term":[{"taxonomy":"category","embeddable":true,"href":"https:\/\/www.europesays.com\/pt\/wp-json\/wp\/v2\/categories?post=104214"},{"taxonomy":"post_tag","embeddable":true,"href":"https:\/\/www.europesays.com\/pt\/wp-json\/wp\/v2\/tags?post=104214"}],"curies":[{"name":"wp","href":"https:\/\/api.w.org\/{rel}","templated":true}]}}