{"id":104218,"date":"2025-10-09T23:07:09","date_gmt":"2025-10-09T23:07:09","guid":{"rendered":"https:\/\/www.europesays.com\/pt\/104218\/"},"modified":"2025-10-09T23:07:09","modified_gmt":"2025-10-09T23:07:09","slug":"o-que-se-sabe-sobre-caso-confirmado-de-meningite-bacteriana-em-detento-de-ararangua","status":"publish","type":"post","link":"https:\/\/www.europesays.com\/pt\/104218\/","title":{"rendered":"O que se sabe sobre caso confirmado de meningite bacteriana em detento de Ararangu\u00e1"},"content":{"rendered":"<p>                            <img width=\"944\" height=\"531\" src=\"https:\/\/www.europesays.com\/pt\/wp-content\/uploads\/2025\/10\/Detento-do-Presidio-Regional-de-Ararangua-no-Sul-de-Santa-Catarina-foi-diagnosticado-com-meningite-b.jpeg\" class=\"attachment-custom-large size-custom-large article-featured-image\" alt=\"\" fetchpriority=\"high\" decoding=\"async\"  \/><\/p>\n<p>Detento do Pres\u00eddio Regional de Ararangu\u00e1, no Sul de Santa Catarina, foi diagnosticado com meningite bacteriana (Foto: Secretaria de Estado de Justi\u00e7a e Reintegra\u00e7\u00e3o Social)<\/p>\n<p>Um detento do Pres\u00eddio Regional de Ararangu\u00e1, no<a href=\"https:\/\/www.nsctotal.com.br\/cidades\/criciuma\" target=\"_blank\" rel=\"noreferrer noopener nofollow\"> <strong>Sul de Santa Catarina<\/strong><\/a>, foi diagnosticado com meningite bacteriana. O caso foi confirmado pela Secretaria de Sa\u00fade do munic\u00edpio nesta quinta-feira (9), por meio da Ger\u00eancia de Vigil\u00e2ncia em Sa\u00fade. O resultado foi emitido pelo Laborat\u00f3rio Central de Sa\u00fade P\u00fablica de Santa Catarina (Lacen\/SC).<\/p>\n<p>Continua depois da publicidade<\/p>\n<p>Caso \u00e9 isolado, diz Vigil\u00e2ncia<\/p>\n<p>Segundo a Ger\u00eancia de Vigil\u00e2ncia em Sa\u00fade, trata-se de um caso isolado, e n\u00e3o h\u00e1 registro de surto no local.<\/p>\n<p>De acordo com o munic\u00edpio, nenhum novo caso foi identificado at\u00e9 o momento. As equipes de Vigil\u00e2ncia em Sa\u00fade seguem em monitoramento cont\u00ednuo junto \u00e0 equipe m\u00e9dica do pres\u00eddio, realizando busca ativa para identificar poss\u00edveis novos casos suspeitos.<\/p>\n<p>Como medida preventiva, a Secretaria refor\u00e7a a import\u00e2ncia de manter os ambientes bem ventilados e ensolarados, lavar as m\u00e3os com frequ\u00eancia com \u00e1gua e sab\u00e3o, al\u00e9m de garantir a higiene de utens\u00edlios pessoais como pratos, copos e talheres. Tamb\u00e9m \u00e9 recomend\u00e1vel evitar aglomera\u00e7\u00f5es em espa\u00e7os fechados.<\/p>\n<p><a href=\"https:\/\/www.nsctotal.com.br\/noticias\/incendio-atinge-area-de-preservacao-do-tamanho-de-tres-campos-de-futebol-em-imbituba\" target=\"_blank\" rel=\"noreferrer noopener nofollow\"><strong>Inc\u00eandio atinge \u00e1rea de preserva\u00e7\u00e3o do tamanho de tr\u00eas campos de futebol em Imbituba<\/strong><\/a><\/p>\n<p>Continua depois da publicidade<\/p>\n<p>A orienta\u00e7\u00e3o \u00e9 que qualquer servidor ou detento que apresente sintomas compat\u00edveis com meningite seja encaminhado imediatamente ao Hospital Regional de Ararangu\u00e1 para avalia\u00e7\u00e3o m\u00e9dica e tratamento adequado.<\/p>\n<p>Sobre a meningite<\/p>\n<p>A meningite infecciosa \u00e9 transmitida de pessoa para pessoa por meio de got\u00edculas ou secre\u00e7\u00f5es respirat\u00f3rias, segundo a Diretoria de Vigil\u00e2ncia Epidemiol\u00f3gica (Dive). Os principais sintomas s\u00e3o dor de cabe\u00e7a, v\u00f4mito, rigidez na nuca e, em alguns casos, manchas vermelhas na pele.<\/p>\n<p>As crian\u00e7as menores de 5 anos e os idosos acima de 60 est\u00e3o entre os grupos mais vulner\u00e1veis. A Dive refor\u00e7a a import\u00e2ncia de manter ambientes bem ventilados, higienizar as m\u00e3os e objetos de uso di\u00e1rio e evitar locais fechados e mal ventilados.<\/p>\n<p>Santa Catarina j\u00e1 registrou oito mortes por meningite em 2025<\/p>\n<p>Em todo o Estado, a Dive contabilizou 65 casos de meningite bacteriana at\u00e9 agosto de 2025, com oito mortes registradas. O caso mais recente foi confirmado em Barra Velha, no Litoral Norte, onde uma mulher de 45 anos foi internada com a forma bacteriana da doen\u00e7a. Ela segue em tratamento no Hospital S\u00e3o Jos\u00e9, em Jaragu\u00e1 do Sul, com quadro est\u00e1vel.<\/p>\n<p>Continua depois da publicidade<\/p>\n<p>A campanha de multivacina\u00e7\u00e3o, iniciada na segunda-feira (6) em todo o Estado, tamb\u00e9m contempla as vacinas que protegem contra a meningite. A iniciativa tem como foco a atualiza\u00e7\u00e3o das cadernetas de crian\u00e7as e adolescentes e segue at\u00e9 o fim do m\u00eas nas unidades de sa\u00fade catarinenses.<\/p>\n<p>Leia mais<\/p>\n<p><a href=\"https:\/\/www.nsctotal.com.br\/noticias\/motociclista-morre-em-grave-batida-entre-moto-e-carreta-em-treze-de-maio\" target=\"_blank\" rel=\"noreferrer noopener nofollow\"><strong>Motociclista morre em grave batida entre moto e carreta em Treze de Maio<\/strong><\/a><\/p>\n<p><a href=\"https:\/\/www.nsctotal.com.br\/noticias\/fotos-do-seculo-passado-mostram-como-era-capela-no-sul-de-sc-submersa-por-barragem\" target=\"_blank\" rel=\"noreferrer noopener nofollow\"><strong>Fotos do s\u00e9culo passado mostram como era capela no Sul de SC submersa por barragem<\/strong><\/a><\/p>\n","protected":false},"excerpt":{"rendered":"Detento do Pres\u00eddio Regional de Ararangu\u00e1, no Sul de Santa Catarina, foi diagnosticado com meningite bacteriana (Foto: Secretaria&hellip;\n","protected":false},"author":2,"featured_media":104219,"comment_status":"","ping_status":"","sticky":false,"template":"","format":"standard","meta":{"footnotes":""},"categories":[86],"tags":[25187,829,10510,116,32,33,117],"class_list":{"0":"post-104218","1":"post","2":"type-post","3":"status-publish","4":"format-standard","5":"has-post-thumbnail","7":"category-saude","8":"tag-ararangua","9":"tag-conteudo-liberado","10":"tag-criciuma","11":"tag-health","12":"tag-portugal","13":"tag-pt","14":"tag-saude"},"share_on_mastodon":{"url":"","error":""},"_links":{"self":[{"href":"https:\/\/www.europesays.com\/pt\/wp-json\/wp\/v2\/posts\/104218","targetHints":{"allow":["GET"]}}],"collection":[{"href":"https:\/\/www.europesays.com\/pt\/wp-json\/wp\/v2\/posts"}],"about":[{"href":"https:\/\/www.europesays.com\/pt\/wp-json\/wp\/v2\/types\/post"}],"author":[{"embeddable":true,"href":"https:\/\/www.europesays.com\/pt\/wp-json\/wp\/v2\/users\/2"}],"replies":[{"embeddable":true,"href":"https:\/\/www.europesays.com\/pt\/wp-json\/wp\/v2\/comments?post=104218"}],"version-history":[{"count":0,"href":"https:\/\/www.europesays.com\/pt\/wp-json\/wp\/v2\/posts\/104218\/revisions"}],"wp:featuredmedia":[{"embeddable":true,"href":"https:\/\/www.europesays.com\/pt\/wp-json\/wp\/v2\/media\/104219"}],"wp:attachment":[{"href":"https:\/\/www.europesays.com\/pt\/wp-json\/wp\/v2\/media?parent=104218"}],"wp:term":[{"taxonomy":"category","embeddable":true,"href":"https:\/\/www.europesays.com\/pt\/wp-json\/wp\/v2\/categories?post=104218"},{"taxonomy":"post_tag","embeddable":true,"href":"https:\/\/www.europesays.com\/pt\/wp-json\/wp\/v2\/tags?post=104218"}],"curies":[{"name":"wp","href":"https:\/\/api.w.org\/{rel}","templated":true}]}}