{"id":104225,"date":"2025-10-09T23:14:15","date_gmt":"2025-10-09T23:14:15","guid":{"rendered":"https:\/\/www.europesays.com\/pt\/104225\/"},"modified":"2025-10-09T23:14:15","modified_gmt":"2025-10-09T23:14:15","slug":"eu-estou-como-a-amalia-vou-treinar-ate-o-corpo-me-doer-observador","status":"publish","type":"post","link":"https:\/\/www.europesays.com\/pt\/104225\/","title":{"rendered":"&#8220;Eu estou como a Am\u00e1lia, vou treinar at\u00e9 o corpo me doer&#8221; \u2013 Observador"},"content":{"rendered":"<p>36 anos de carreira, terceiro treinador com mais jogos na Primeira Liga, mais de 20 t\u00edtulos conquistados. Foi com todos estes t\u00f3picos e muitos mais que Jorge Jesus foi apresentado esta quarta-feira no Portugal Football Summit, na Cidade do Futebol, onde encerrou o primeiro dia de confer\u00eancias com uma conversa de cerca de meia-hora sem grandes pruridos. <strong>Como \u00e9 costume.\u00a0<\/strong><\/p>\n<p>Logo no in\u00edcio, o portugu\u00eas recordou a curiosa hist\u00f3ria que fez com que come\u00e7asse a carreira de treinador sem sequer ter terminado a carreira de jogador. \u201cEu ainda estava a jogar, era jogador e jogava na terceira divis\u00e3o. Fim de carreira, foi o meu \u00faltimo ano. Estava a jogar contra o Amora e quando acabou o jogo o presidente do Amora chamou-me e convidou-me para ser treinador do Amora. E eu perguntei: \u2018Treinador? Eu estive a jogar, n\u00e3o sou treinador\u2019. <strong>Mas ele disse que viu isso em mim, que eu j\u00e1 era o treinador dentro de campo.<\/strong> Isto foi num domingo e disse-me para pensar at\u00e9 segunda ou ter\u00e7a-feira. Pensei e aceitei o convite\u201d, contou o treinador, que tinha 35 anos na altura e s\u00f3 antecipou um objetivo que j\u00e1 tinha delineado.<\/p>\n<blockquote class=\"wp-embedded-content\" data-secret=\"lFUzBtVmQz\">\n<p><a href=\"https:\/\/observador.pt\/2025\/07\/14\/jesus-assina-pelo-al-nassr-quer-dar-mais-titulos-a-ronaldo-mas-assume-um-arrependimento-recente-na-carreira\/\" rel=\"nofollow noopener\" target=\"_blank\">Jesus assina pelo Al Nassr, quer dar (mais) t\u00edtulos a Ronaldo mas assume um arrependimento recente na carreira<\/a><\/p>\n<\/blockquote>\n<p>\u201cJ\u00e1 me preparava, sabia o que queria quando acabasse a carreira. Sabia que queria ser treinador. N\u00e3o sabia onde \u00e9 que ia come\u00e7ar, comecei por baixo, pela terceira divis\u00e3o. J\u00e1 me preparava\u2026 Ao longo da carreira vamos tendo muitos treinadores, vamos aprendendo com uns e com outros mais ou menos. Entendi que a maneira como olhava para o futebol n\u00e3o tinha nada a ver com o que treinava. Tentei come\u00e7ar a adaptar e a criar.<strong> Estou farto de dizer isto: para mim o treinador \u00e9 um criador\u201d,<\/strong> acrescentou, garantindo que cometeu \u201cmuitos erros\u201d nos primeiros cinco anos, j\u00e1 que andava \u201c\u00e0 procura de uma identidade\u201d.<\/p>\n<p>Mais \u00e0 frente, Jorge Jesus reconheceu que foi o Benfica que lhe \u201cabriu as portas para o mundo\u201d, lembrando que a equipa encarnada que orientava \u201cn\u00e3o jogava, voava\u201d, e n\u00e3o escondeu que tem mudado de atitude ao longo dos anos. \u201cTenho mudado muito. Sou completamente diferente do que era h\u00e1 cinco anos. Vamos mudando, n\u00e3o s\u00f3 fisicamente como psicologicamente. Hoje sou um treinador muito mais condescendente com o que acontece nos treinos e nos dias antes dos jogos, no come\u00e7o da minha carreira e no meio n\u00e3o aceitava algumas coisas. <strong>Sou muito melhor treinador, tal como todos os treinadores s\u00e3o muito melhores com os anos.<\/strong> Hoje em dia o treinador n\u00e3o \u00e9 s\u00f3 t\u00e9cnica, t\u00e1tica, f\u00edsica, \u00e9 muito mais para al\u00e9m disso\u201d, come\u00e7ou por explicar.<\/p>\n<p><b>[<\/b><b>H\u00e1 um novo candidato a Bel\u00e9m. Soares fica em choque com o an\u00fancio do amigo que considera irm\u00e3o. Freitas elege Zenha como principal advers\u00e1rio<\/b>.<b>\u00a0<\/b><b>A\u00a0<a href=\"https:\/\/observador.pt\/programas\/a-eleio-mais-louca-de-sempre\/episodio-2-uma-traicao-inesperada\/\" rel=\"nofollow noopener\" target=\"_blank\">\u201cElei\u00e7\u00e3o Mais Louca de Sempre\u201d<\/a>\u00a0\u00e9 o novo Podcast Plus do Observador sobre as Presidenciais de 1986. Uma s\u00e9rie narrada pelo ator Gon\u00e7alo Waddington, com banda sonora original de Samuel \u00daria. Pode ouvir\u00a0<a href=\"https:\/\/observador.pt\/programas\/a-eleio-mais-louca-de-sempre\/episodio-2-uma-traicao-inesperada\/\" rel=\"nofollow noopener\" target=\"_blank\">aqui<\/a>, no<\/b><b>\u00a0Observador<\/b><b>, e tamb\u00e9m na\u00a0<\/b><a href=\"https:\/\/podcasts.apple.com\/pt\/podcast\/epis%C3%B3dio-2-uma-trai%C3%A7%C3%A3o-inesperada\/id1841273464?i=1000730472608\" rel=\"nofollow noopener\" target=\"_blank\"><b>Apple Podcasts<\/b><\/a><b>, no\u00a0<\/b><a href=\"https:\/\/open.spotify.com\/episode\/5l0pvWqUeYvacXEQiA4mXP?si=5add75ae255a42c1\" rel=\"nofollow noopener\" target=\"_blank\"><b>Spotify<\/b><\/a><b>\u00a0e no\u00a0<\/b><a href=\"https:\/\/music.youtube.com\/watch?v=BLnES6MoViY&amp;si=OzNSgj-0hTibGgN3\" rel=\"nofollow noopener\" target=\"_blank\"><b>Youtube Music<\/b><\/a><b>. E pode ouvir o primeiro epis\u00f3dio\u00a0<a href=\"https:\/\/observador.pt\/programas\/a-eleio-mais-louca-de-sempre\/estreia-a-eleicao-mais-louca-de-sempre-episodio-1-apostamos-no-cavalo-errado\/\" rel=\"nofollow noopener\" target=\"_blank\">aqui<\/a>.]<\/b><\/p>\n<p><a href=\"https:\/\/observador.pt\/programas\/a-eleio-mais-louca-de-sempre\/episodio-2-uma-traicao-inesperada\/\" rel=\"nofollow noopener\" target=\"_blank\"><\/p>\n<p>        <img src=\"https:\/\/www.europesays.com\/pt\/wp-content\/uploads\/2025\/10\/fundov1-a-eleicao-mais-louca-de-sempre.jpg\" alt=\"\" loading=\"lazy\" decoding=\"async\" class=\"alignnone\" onload=\"this.parentElement.classList.remove('spinner')\" onerror=\"this.parentElement.classList.remove('spinner')\" width=\"1440\" height=\"810\"\/>    <\/p>\n<p><\/a><\/p>\n<p>\u201cN\u00e3o sou pai deles e os meus jogadores sabem disso. <strong>Agora estou no Al Nassr, no desafio mais dif\u00edcil da minha carreira, e disse-lhes que n\u00e3o sou pai deles, sou treinador.<\/strong> Tamb\u00e9m n\u00e3o sou amigo dos meus filhos, sou pai deles. Quem me convidou foi o CEO, o [Jos\u00e9] Semedo, e o Cris. Desde que o Cris est\u00e1 l\u00e1 que o Al Nassr ainda n\u00e3o ganhou t\u00edtulo nenhum e h\u00e1 sete para oito anos que n\u00e3o \u00e9 campe\u00e3o. As outras tr\u00eas equipas grandes est\u00e3o \u00e0 frente em termos de qualidade e at\u00e9 de jogadores, ficaram a 18 pontos do primeiro lugar. Quando aceitei \u00e9 para ser campe\u00e3o, n\u00e3o fui para l\u00e1 para n\u00e3o ganhar t\u00edtulos. Tudo o que eu escolho, em termos de clubes, tem como prioridade saber que posso ser campe\u00e3o\u201d, continuou.<\/p>\n<blockquote class=\"wp-embedded-content\" data-secret=\"sD7qZq2uah\">\n<p><a href=\"https:\/\/observador.pt\/2024\/04\/17\/sete-meses-e-tres-penaltis-depois-a-noticia-e-outra-al-hilal-de-jesus-perde-com-al-ain-e-quebra-serie-de-34-vitorias-para-o-guinness\/\" rel=\"nofollow noopener\" target=\"_blank\">Sete meses (e tr\u00eas pen\u00e1ltis) depois, a not\u00edcia \u00e9 outra: Al Hilal de Jesus perde com Al Ain e quebra s\u00e9rie de 34 vit\u00f3rias para o Guinness<\/a><\/p>\n<\/blockquote>\n<p>Sobre a proximidade com Cristiano Ronaldo, Jorge Jesus lembrou que o capit\u00e3o da Sele\u00e7\u00e3o Nacional tem 40 anos mas ainda \u00e9 o segundo jogador mais r\u00e1pido do Al Nassr e o terceiro com mais piques acima dos 25 km\/h. <strong>\u201c\u00c9 uma coisa fora do normal, at\u00e9 fisicamente.<\/strong> Como pessoa, \u00e9 um homem muito inteligente. Sabe muito mais para al\u00e9m do futebol\u201d, considerou.<\/p>\n<p>\u201cEle tem um objetivo e quando temos objetivos jogamos com os p\u00e9s, mas a cabe\u00e7a \u00e9 que pensa. Digo-lhes que do pesco\u00e7o para baixo s\u00e3o todos iguais, do pesco\u00e7o para cima \u00e9 que est\u00e1 a diferen\u00e7a. Ele conhece-se, conhece o corpo dele. \u00c9 um jogador que raramente se lesiona porque sabe controlar a vida dele fora do futebol. <strong>Tem como objetivo chegar aos 1000 golos, faltam-lhe 50 e poucos. Num ano n\u00e3o vai conseguir.<\/strong> Tem de jogar este ano e o pr\u00f3ximo\u201d, atirou.<\/p>\n<p>Por fim, o treinador portugu\u00eas n\u00e3o esconde que \u201cgostava, claro que gostava\u201d de voltar a treinar em Portugal \u2014 at\u00e9 porque pode ainda tornar-se o t\u00e9cnico com mais jogos na Primeira Liga, superando Manuel de Oliveira e Fernando Vaz. \u201cA nossa profiss\u00e3o \u00e9 muito vol\u00e1til. <strong>Nunca se sabe o que vai acontecer no dia seguinte, isto muda com muita facilidade.<\/strong> S\u00f3 consegues sobreviver com a vit\u00f3ria. Estou como a Am\u00e1lia, que dizia que ia cantar at\u00e9 a voz lhe doer. E eu vou treinar at\u00e9 o corpo me doer\u201d, terminou.<\/p>\n","protected":false},"excerpt":{"rendered":"36 anos de carreira, terceiro treinador com mais jogos na Primeira Liga, mais de 20 t\u00edtulos conquistados. Foi&hellip;\n","protected":false},"author":2,"featured_media":104226,"comment_status":"","ping_status":"","sticky":false,"template":"","format":"standard","meta":{"footnotes":""},"categories":[145],"tags":[25188,211,210,135,114,115,524,1147,62,32,33],"class_list":{"0":"post-104225","1":"post","2":"type-post","3":"status-publish","4":"format-standard","5":"has-post-thumbnail","7":"category-celebridades","8":"tag-aru00e1bia-saudita","9":"tag-celebridades","10":"tag-celebrities","11":"tag-desporto","12":"tag-entertainment","13":"tag-entretenimento","14":"tag-futebol","15":"tag-jorge-jesus","16":"tag-mundo","17":"tag-portugal","18":"tag-pt"},"share_on_mastodon":{"url":"","error":""},"_links":{"self":[{"href":"https:\/\/www.europesays.com\/pt\/wp-json\/wp\/v2\/posts\/104225","targetHints":{"allow":["GET"]}}],"collection":[{"href":"https:\/\/www.europesays.com\/pt\/wp-json\/wp\/v2\/posts"}],"about":[{"href":"https:\/\/www.europesays.com\/pt\/wp-json\/wp\/v2\/types\/post"}],"author":[{"embeddable":true,"href":"https:\/\/www.europesays.com\/pt\/wp-json\/wp\/v2\/users\/2"}],"replies":[{"embeddable":true,"href":"https:\/\/www.europesays.com\/pt\/wp-json\/wp\/v2\/comments?post=104225"}],"version-history":[{"count":0,"href":"https:\/\/www.europesays.com\/pt\/wp-json\/wp\/v2\/posts\/104225\/revisions"}],"wp:featuredmedia":[{"embeddable":true,"href":"https:\/\/www.europesays.com\/pt\/wp-json\/wp\/v2\/media\/104226"}],"wp:attachment":[{"href":"https:\/\/www.europesays.com\/pt\/wp-json\/wp\/v2\/media?parent=104225"}],"wp:term":[{"taxonomy":"category","embeddable":true,"href":"https:\/\/www.europesays.com\/pt\/wp-json\/wp\/v2\/categories?post=104225"},{"taxonomy":"post_tag","embeddable":true,"href":"https:\/\/www.europesays.com\/pt\/wp-json\/wp\/v2\/tags?post=104225"}],"curies":[{"name":"wp","href":"https:\/\/api.w.org\/{rel}","templated":true}]}}