{"id":104278,"date":"2025-10-09T23:54:06","date_gmt":"2025-10-09T23:54:06","guid":{"rendered":"https:\/\/www.europesays.com\/pt\/104278\/"},"modified":"2025-10-09T23:54:06","modified_gmt":"2025-10-09T23:54:06","slug":"letitia-james-procuradora-geral-do-estado-de-nova-iorque-indiciada","status":"publish","type":"post","link":"https:\/\/www.europesays.com\/pt\/104278\/","title":{"rendered":"Letitia James. Procuradora-Geral do Estado de Nova Iorque indiciada"},"content":{"rendered":"<p>                    Esta ju\u00edza, que levou \u00e0 condena\u00e7\u00e3o do presidente dos EUA, \u00e9 acusada pelo respons\u00e1vel da Ag\u00eancia de Financiamento Imobili\u00e1rio, Bill Pulte, um colaborador pr\u00f3ximo de Donald Trump, de <b>falsificar documentos relacionados com pedidos de financiamento imobili\u00e1rio.<\/b><\/p>\n<p>&#13;<br \/>\nEsta acusa\u00e7\u00e3o segue-se \u00e0 do ex-diretor do FBI James Comey, tamb\u00e9m ele opositor pessoal de Donald Trump.&#13;\n<\/p>\n<p>&#13;<br \/>\n<b>James j\u00e1 reagiu e promete que ir\u00e1 &#8220;lutar agressivamente contra estas acusa\u00e7\u00f5es infundadas&#8221;.&#13;<br \/>\n<\/b>&#13;\n<\/p>\n<p>&#13;<br \/>\nPara a\u00a0procuradora-geral, a acusa\u00e7\u00e3o &#8220;nada mais \u00e9 do que uma continua\u00e7\u00e3o da instrumentaliza\u00e7\u00e3o desesperada do presidente no nosso sistema de justi\u00e7a&#8221;.&#13;\n<\/p>\n<p>&#13;<br \/>\nTrump &#8220;est\u00e1 a obrigar as ag\u00eancias federais de seguran\u00e7a a fazerem o que ele quer, tudo porque eu fiz o meu trabalho como procuradora-geral do estado de Nova Iorque&#8221;, disse James no comunicado enviado \u00e0s reda\u00e7\u00f5es.&#13;\n<\/p>\n<p>&#13;<br \/>\nPara Letitia James, as acusa\u00e7\u00f5es de que \u00e9 alvo s\u00e3o &#8220;repres\u00e1lia pol\u00edtica&#8221; pelo processo que levantou contra Donald Trump entre os seus dois mandados presidenciais, e que valeu ao multimilion\u00e1rio uma pena muito pesada em 2024.&#13;<\/p>\n","protected":false},"excerpt":{"rendered":"Esta ju\u00edza, que levou \u00e0 condena\u00e7\u00e3o do presidente dos EUA, \u00e9 acusada pelo respons\u00e1vel da Ag\u00eancia de Financiamento&hellip;\n","protected":false},"author":2,"featured_media":104279,"comment_status":"","ping_status":"","sticky":false,"template":"","format":"standard","meta":{"footnotes":""},"categories":[50],"tags":[27,28,15,16,14,25,26,21,22,62,12,13,19,20,23,24,420,421,17,18,29,30,31,63,64,65],"class_list":{"0":"post-104278","1":"post","2":"type-post","3":"status-publish","4":"format-standard","5":"has-post-thumbnail","7":"category-mundo","8":"tag-breaking-news","9":"tag-breakingnews","10":"tag-featured-news","11":"tag-featurednews","12":"tag-headlines","13":"tag-latest-news","14":"tag-latestnews","15":"tag-main-news","16":"tag-mainnews","17":"tag-mundo","18":"tag-news","19":"tag-noticias","20":"tag-noticias-principais","21":"tag-noticiasprincipais","22":"tag-principais-noticias","23":"tag-principaisnoticias","24":"tag-rtp","25":"tag-rtp-noticias","26":"tag-top-stories","27":"tag-topstories","28":"tag-ultimas","29":"tag-ultimas-noticias","30":"tag-ultimasnoticias","31":"tag-world","32":"tag-world-news","33":"tag-worldnews"},"share_on_mastodon":{"url":"","error":""},"_links":{"self":[{"href":"https:\/\/www.europesays.com\/pt\/wp-json\/wp\/v2\/posts\/104278","targetHints":{"allow":["GET"]}}],"collection":[{"href":"https:\/\/www.europesays.com\/pt\/wp-json\/wp\/v2\/posts"}],"about":[{"href":"https:\/\/www.europesays.com\/pt\/wp-json\/wp\/v2\/types\/post"}],"author":[{"embeddable":true,"href":"https:\/\/www.europesays.com\/pt\/wp-json\/wp\/v2\/users\/2"}],"replies":[{"embeddable":true,"href":"https:\/\/www.europesays.com\/pt\/wp-json\/wp\/v2\/comments?post=104278"}],"version-history":[{"count":0,"href":"https:\/\/www.europesays.com\/pt\/wp-json\/wp\/v2\/posts\/104278\/revisions"}],"wp:featuredmedia":[{"embeddable":true,"href":"https:\/\/www.europesays.com\/pt\/wp-json\/wp\/v2\/media\/104279"}],"wp:attachment":[{"href":"https:\/\/www.europesays.com\/pt\/wp-json\/wp\/v2\/media?parent=104278"}],"wp:term":[{"taxonomy":"category","embeddable":true,"href":"https:\/\/www.europesays.com\/pt\/wp-json\/wp\/v2\/categories?post=104278"},{"taxonomy":"post_tag","embeddable":true,"href":"https:\/\/www.europesays.com\/pt\/wp-json\/wp\/v2\/tags?post=104278"}],"curies":[{"name":"wp","href":"https:\/\/api.w.org\/{rel}","templated":true}]}}