{"id":104280,"date":"2025-10-09T23:55:17","date_gmt":"2025-10-09T23:55:17","guid":{"rendered":"https:\/\/www.europesays.com\/pt\/104280\/"},"modified":"2025-10-09T23:55:17","modified_gmt":"2025-10-09T23:55:17","slug":"ao-minuto-campanha-entra-na-reta-final-vamos-fazer-muito-mais","status":"publish","type":"post","link":"https:\/\/www.europesays.com\/pt\/104280\/","title":{"rendered":"AO MINUTO: Campanha entra na reta final; &#8220;Vamos fazer muito mais&#8221;"},"content":{"rendered":"<p>O presidente da C\u00e2mara Municipal de Oeiras e recandidato ao cargo emitiu, no dia de hoje, um comunicado nas redes sociais sobre os &#8220;isaltinos&#8221; de cart\u00e3o espalhados pelo munic\u00edpio, no in\u00edcio da semana, com a promessa de um jantar com pr\u00f3prio Isaltino Morais, num restaurante \u00e0 escolha do concelho.<\/p>\n<p>Na nota, o movimento &#8216;Isaltino Inovar Oeiras 25&#8217; come\u00e7a por reagir \u00e0s declara\u00e7\u00f5es de Rui Tavares, l\u00edder do partido Livre, &#8220;que afirmou que os &#8216;isaltinos&#8217; eram ilegais e que, por essa raz\u00e3o teriam sido por retirados&#8221; pela campanha.<\/p>\n<p>&#8220;A Lei portuguesa prev\u00ea a liberdade de afixa\u00e7\u00e3o de propaganda pol\u00edtica, como tal, n\u00e3o h\u00e1 qualquer ilegalidade naquela a\u00e7\u00e3o&#8221;, atiram, esclarecendo que &#8220;os &#8216;isaltinos&#8217; n\u00e3o foram retirados&#8221; pelo movimento em quest\u00e3o.\u00a0<\/p>\n<p>&#8220;Pens\u00e1mos, at\u00e9 agora, que tinham sido raptados por oeirenses admiradores do trabalho do seu Presidente de C\u00e2mara (como se pode verificar em muitas publica\u00e7\u00f5es nas redes sociais)&#8221;, brincam, acusando de seguida os militantes do Livre e do BE de o terem feito.<\/p>\n<p>&#8220;Perante as afirma\u00e7\u00f5es do l\u00edder do Livre, somos agora a acreditar que os &#8216;isaltinos&#8217; tenham sido retirados numa a\u00e7\u00e3o de militantes do Livre e do Bloco de Esquerda. Os partidos e os regimes de inspira\u00e7\u00e3o trotskista t\u00eam por h\u00e1bito fazer desaparecer os seus opositores. Neste caso, ter\u00e3o come\u00e7ado por fazer desaparecer as imagens do opositor&#8221;, acusam, acrescentado que ompreendem &#8220;a dificuldade dos partidos radicais em aceitar a criatividade da a\u00e7\u00e3o pol\u00edtica&#8221;.<\/p>\n<p>&#8220;Mais ou menos maquilhados eles permanecem em iguais a si pr\u00f3prios desde 1917&#8221;, atiram, acrescentando que ainda assim, acreditam &#8220;que todos merecem uma segunda oportunidade&#8221;.<\/p>\n","protected":false},"excerpt":{"rendered":"O presidente da C\u00e2mara Municipal de Oeiras e recandidato ao cargo emitiu, no dia de hoje, um comunicado&hellip;\n","protected":false},"author":2,"featured_media":104281,"comment_status":"","ping_status":"","sticky":false,"template":"","format":"standard","meta":{"footnotes":""},"categories":[10],"tags":[27,28,15,16,14,25,26,21,22,12,13,19,20,32,23,24,33,17,18,29,30,31],"class_list":{"0":"post-104280","1":"post","2":"type-post","3":"status-publish","4":"format-standard","5":"has-post-thumbnail","7":"category-portugal","8":"tag-breaking-news","9":"tag-breakingnews","10":"tag-featured-news","11":"tag-featurednews","12":"tag-headlines","13":"tag-latest-news","14":"tag-latestnews","15":"tag-main-news","16":"tag-mainnews","17":"tag-news","18":"tag-noticias","19":"tag-noticias-principais","20":"tag-noticiasprincipais","21":"tag-portugal","22":"tag-principais-noticias","23":"tag-principaisnoticias","24":"tag-pt","25":"tag-top-stories","26":"tag-topstories","27":"tag-ultimas","28":"tag-ultimas-noticias","29":"tag-ultimasnoticias"},"share_on_mastodon":{"url":"","error":""},"_links":{"self":[{"href":"https:\/\/www.europesays.com\/pt\/wp-json\/wp\/v2\/posts\/104280","targetHints":{"allow":["GET"]}}],"collection":[{"href":"https:\/\/www.europesays.com\/pt\/wp-json\/wp\/v2\/posts"}],"about":[{"href":"https:\/\/www.europesays.com\/pt\/wp-json\/wp\/v2\/types\/post"}],"author":[{"embeddable":true,"href":"https:\/\/www.europesays.com\/pt\/wp-json\/wp\/v2\/users\/2"}],"replies":[{"embeddable":true,"href":"https:\/\/www.europesays.com\/pt\/wp-json\/wp\/v2\/comments?post=104280"}],"version-history":[{"count":0,"href":"https:\/\/www.europesays.com\/pt\/wp-json\/wp\/v2\/posts\/104280\/revisions"}],"wp:featuredmedia":[{"embeddable":true,"href":"https:\/\/www.europesays.com\/pt\/wp-json\/wp\/v2\/media\/104281"}],"wp:attachment":[{"href":"https:\/\/www.europesays.com\/pt\/wp-json\/wp\/v2\/media?parent=104280"}],"wp:term":[{"taxonomy":"category","embeddable":true,"href":"https:\/\/www.europesays.com\/pt\/wp-json\/wp\/v2\/categories?post=104280"},{"taxonomy":"post_tag","embeddable":true,"href":"https:\/\/www.europesays.com\/pt\/wp-json\/wp\/v2\/tags?post=104280"}],"curies":[{"name":"wp","href":"https:\/\/api.w.org\/{rel}","templated":true}]}}