{"id":104296,"date":"2025-10-10T00:08:20","date_gmt":"2025-10-10T00:08:20","guid":{"rendered":"https:\/\/www.europesays.com\/pt\/104296\/"},"modified":"2025-10-10T00:08:20","modified_gmt":"2025-10-10T00:08:20","slug":"russia-admite-ter-se-esgotado-dinamica-criada-pela-cimeira-putin-trump-para-acabar-com-guerra-na-ucrania","status":"publish","type":"post","link":"https:\/\/www.europesays.com\/pt\/104296\/","title":{"rendered":"R\u00fassia admite ter-se esgotado din\u00e2mica criada pela cimeira Putin-Trump para acabar com guerra na Ucr\u00e2nia"},"content":{"rendered":"<p>A diplomacia russa admitiu que grande parte da din\u00e2mica criada pela recente cimeira Putin-Trump para <strong>acabar a guerra na Ucr\u00e2nia se esgotou<\/strong>, com o l\u00edder norte-americano a endurecer o discurso contra Moscovo.<\/p>\n<p>&#8220;Infelizmente, \u00e9 necess\u00e1rio constatar que o forte impulso de Anchorage [no Alasca, local da cimeira] se esgotou em grande parte&#8221;, declarou o vice-ministro dos Neg\u00f3cios Estrangeiros russo, Serguei Riabkov, citado pela ag\u00eancia de not\u00edcias RIA Novosti.<\/p>\n<p>Riabkov disse que as <strong>&#8220;a\u00e7\u00f5es destrutivas, em primeiro lugar dos europeus&#8221;<\/strong>, impediram que as negocia\u00e7\u00f5es avan\u00e7assem no sentido de alcan\u00e7ar um entendimento para a resolu\u00e7\u00e3o do conflito na Ucr\u00e2nia, segundo a ag\u00eancia de not\u00edcias France-Presse (AFP).<\/p>\n<p>O Presidente norte-americano, Donald Trump, que prometeu acabar com a guerra na Ucr\u00e2nia em 24 horas, tentou aproximar-se de Moscovo para encontrar uma solu\u00e7\u00e3o para o conflito ap\u00f3s o regresso ao poder em janeiro.<\/p>\n<p>A 15 de agosto, recebeu Putin no Alasca, mas a <strong>aproxima\u00e7\u00e3o n\u00e3o resultou em progressos nas negocia\u00e7\u00f5es entre Moscovo e Kiev<\/strong>, nem diminuiu a intensidade dos combates na guerra iniciada pela R\u00fassia em fevereiro de 2022.<\/p>\n<p>Moscovo continua a exigir a anexa\u00e7\u00e3o de v\u00e1rias regi\u00f5es ucranianas, o que a Ucr\u00e2nia rejeita categoricamente.<\/p>\n<p>Trump expressou nas \u00faltimas semanas crescente <strong>frustra\u00e7\u00e3o em rela\u00e7\u00e3o \u00e0 R\u00fassia<\/strong>, que comparou a um &#8220;tigre de papel&#8221;, que parece poderoso mas n\u00e3o o \u00e9, e descreveu a situa\u00e7\u00e3o da economia russa como cr\u00edtica.<\/p>\n<p>Neste contexto, respons\u00e1veis norte-americanos ponderaram recentemente a venda de m\u00edsseis Tomahawk de longo alcance a pa\u00edses europeus para posterior entrega \u00e0 Ucr\u00e2nia.<\/p>\n<p>Putin considerou na semana passada que o<strong> envio dos m\u00edsseis para Kiev seria &#8220;uma nova escalada&#8221; entre Moscovo e Washington<\/strong>, uma vez que &#8220;utilizar os Tomahawk \u00e9 imposs\u00edvel sem a participa\u00e7\u00e3o direta de militares norte-americanos&#8221;.<\/p>\n<p>Serguei Riabkov apelou hoje aos Estados Unidos para que abordem esta poss\u00edvel op\u00e7\u00e3o de &#8220;forma saud\u00e1vel e respons\u00e1vel&#8221;.<\/p>\n<p>&#8220;O surgimento de tais sistemas [Tomahawk] significar\u00e1 uma mudan\u00e7a significativa, poder-se-ia at\u00e9 dizer qualitativa, na situa\u00e7\u00e3o. Mas isso n\u00e3o afetar\u00e1 a nossa determina\u00e7\u00e3o em alcan\u00e7ar os nossos objetivos&#8221;, afirmou \u00e0 Ria Novosti.<\/p>\n<p>A R\u00fassia invadiu a Ucr\u00e2nia em 24 de fevereiro de 2022 para &#8220;desmilitarizar e desnazificar&#8221; o pa\u00eds vizinho, segundo anunciou Putin na altura.<\/p>\n<p>Desde ent\u00e3o, declarou como anexadas as regi\u00f5es ucranianas de Donetsk, Lugansk, Zaporijia e Kherson, depois de ter feito o mesmo \u00e0 Crimeia em 2014.<\/p>\n<p>A R\u00fassia controla cerca de 20% do territ\u00f3rio da Ucr\u00e2nia, que exige a retirada das tropas russas e a reposi\u00e7\u00e3o das fronteiras de 1991, quando se tornou independente da Uni\u00e3o Sovi\u00e9tica.<\/p>\n<p>Moscovo recusa tais exig\u00eancias e reclama que Kiev e os aliados ocidentais da Ucr\u00e2nia t\u00eam de aceitar a nova realidade, numa refer\u00eancia \u00e0 integra\u00e7\u00e3o de territ\u00f3rios da Ucr\u00e2nia na Federa\u00e7\u00e3o Russa.<\/p>\n<p>A R\u00fassia critica o Ocidente por a NATO ter avan\u00e7ado com um programa de ades\u00e3o de antigas rep\u00fablicas sovi\u00e9ticas que se tornaram estados independentes, o que considera uma amea\u00e7a \u00e0 seguran\u00e7a do pa\u00eds.<\/p>\n<p>Exige, por isso, que a Ucr\u00e2nia e a Ge\u00f3rgia sejam impedidas de aderir \u00e0 alian\u00e7a de defesa ocidental, o que a NATO recusa.<\/p>\n<p>Desconhece-se o n\u00famero de mortos da guerra, mas diversas fontes admitem que ser\u00e3o centenas de milhares.<\/p>\n<p>O conflito mergulhou a Europa na pior crise de seguran\u00e7a na Europa desde a Segunda Guerra Mundial (1939-1945).<\/p>\n<p>Criou preocupa\u00e7\u00f5es de seguran\u00e7a em pa\u00edses como a Pol\u00f3nia ou os estados b\u00e1lticos (Est\u00f3nia, Let\u00f3nia e Litu\u00e2nia) e levou \u00e0 ades\u00e3o \u00e0 NATO da Finl\u00e2ndia e da Su\u00e9cia, dois pa\u00edses que tinham uma tradi\u00e7\u00e3o de neutralidade.<\/p>\n","protected":false},"excerpt":{"rendered":"A diplomacia russa admitiu que grande parte da din\u00e2mica criada pela recente cimeira Putin-Trump para acabar a guerra&hellip;\n","protected":false},"author":2,"featured_media":104297,"comment_status":"","ping_status":"","sticky":false,"template":"","format":"standard","meta":{"footnotes":""},"categories":[50],"tags":[27,28,15,16,14,25,26,21,22,62,12,13,19,20,23,24,17,18,29,30,31,63,64,65],"class_list":{"0":"post-104296","1":"post","2":"type-post","3":"status-publish","4":"format-standard","5":"has-post-thumbnail","7":"category-mundo","8":"tag-breaking-news","9":"tag-breakingnews","10":"tag-featured-news","11":"tag-featurednews","12":"tag-headlines","13":"tag-latest-news","14":"tag-latestnews","15":"tag-main-news","16":"tag-mainnews","17":"tag-mundo","18":"tag-news","19":"tag-noticias","20":"tag-noticias-principais","21":"tag-noticiasprincipais","22":"tag-principais-noticias","23":"tag-principaisnoticias","24":"tag-top-stories","25":"tag-topstories","26":"tag-ultimas","27":"tag-ultimas-noticias","28":"tag-ultimasnoticias","29":"tag-world","30":"tag-world-news","31":"tag-worldnews"},"share_on_mastodon":{"url":"","error":""},"_links":{"self":[{"href":"https:\/\/www.europesays.com\/pt\/wp-json\/wp\/v2\/posts\/104296","targetHints":{"allow":["GET"]}}],"collection":[{"href":"https:\/\/www.europesays.com\/pt\/wp-json\/wp\/v2\/posts"}],"about":[{"href":"https:\/\/www.europesays.com\/pt\/wp-json\/wp\/v2\/types\/post"}],"author":[{"embeddable":true,"href":"https:\/\/www.europesays.com\/pt\/wp-json\/wp\/v2\/users\/2"}],"replies":[{"embeddable":true,"href":"https:\/\/www.europesays.com\/pt\/wp-json\/wp\/v2\/comments?post=104296"}],"version-history":[{"count":0,"href":"https:\/\/www.europesays.com\/pt\/wp-json\/wp\/v2\/posts\/104296\/revisions"}],"wp:featuredmedia":[{"embeddable":true,"href":"https:\/\/www.europesays.com\/pt\/wp-json\/wp\/v2\/media\/104297"}],"wp:attachment":[{"href":"https:\/\/www.europesays.com\/pt\/wp-json\/wp\/v2\/media?parent=104296"}],"wp:term":[{"taxonomy":"category","embeddable":true,"href":"https:\/\/www.europesays.com\/pt\/wp-json\/wp\/v2\/categories?post=104296"},{"taxonomy":"post_tag","embeddable":true,"href":"https:\/\/www.europesays.com\/pt\/wp-json\/wp\/v2\/tags?post=104296"}],"curies":[{"name":"wp","href":"https:\/\/api.w.org\/{rel}","templated":true}]}}