{"id":104316,"date":"2025-10-10T00:22:14","date_gmt":"2025-10-10T00:22:14","guid":{"rendered":"https:\/\/www.europesays.com\/pt\/104316\/"},"modified":"2025-10-10T00:22:14","modified_gmt":"2025-10-10T00:22:14","slug":"donald-trump-sobre-estado-da-palestina-vamos-ver-como-tudo-corre","status":"publish","type":"post","link":"https:\/\/www.europesays.com\/pt\/104316\/","title":{"rendered":"Donald Trump sobre Estado da Palestina. &#8220;Vamos ver como tudo corre&#8221;"},"content":{"rendered":"<p>                    &#8220;Vamos ver como tudo corre. Chegar\u00e1 um ponto em que poderemos fazer algo que seja um pouco diferente e talvez muito positivo para todos&#8221;, respondeu.<\/p>\n<p>A proposta de 20 pontos sugere que a cria\u00e7\u00e3o de um Estado palestiniano poder\u00e1 tornar-se realidade, se as condi\u00e7\u00f5es certas forem cumpridas.<\/p>\n<p>&#13;<br \/>\n<b>&#8220;Analisaremos isso na ocasi\u00e3o&#8221;, afirmou Trump. Mas, &#8220;acho que l\u00e1 chegaremos&#8221;, acrescentou com otimismo.<\/b>&#13;\n<\/p>\n<p>&#13;<br \/>\nTrump afirmou ainda que espera um &#8220;desarmamento&#8221; e &#8220;retirada&#8221; de tropas na pr\u00f3xima fase do cessar-fogo na Faixa de Gaza, salientando a prioridade de libertar os ref\u00e9ns detidos pelos islamitas do Hamas.&#13;\n<\/p>\n<p>&#13;<br \/>\nReconheceu tamb\u00e9m que os corpos de alguns ref\u00e9ns seriam &#8220;um pouco dif\u00edceis de encontrar&#8221;.&#13;\n<\/p>\n<p>O presidente norte-americano, Donald Trump, voltou entretanto a garantir algum alento aos palestinianos da \u00e1rea.<br \/>\n<b><br \/>&#13;<br \/>\n&#8220;Ningu\u00e9m ser\u00e1 obrigado a partir, muito pelo contr\u00e1rio&#8221;, reafirmou Donald Trump,<\/b> que chegou a avan\u00e7ar com a ideia de que a popula\u00e7\u00e3o da Faixa de Gaza deveria ser removida permanentemente da zona. <\/p>\n<p>&#13;<br \/>\nTrump abandonou essa ideia no passado m\u00eas de mar\u00e7o e confirmou-a agora &#13;<br \/>\nno \u00e2mbito do seu plano de paz, cuja primeira fase mereceu acordo de &#13;<br \/>\nHamas e Israel na quarta-feira.&#13;\n<\/p>\n<p><b>O presidente palestiniano disse esta noite a uma TV israelita que deseja &#8220;paz e estabilidade&#8221; com Israel<\/b><\/p>\n<p>Trump, confirmou ainda que est\u00e1 prevista para domingo a sua partida para o M\u00e9dio Oriente,\u00a0para a &#8220;assinatura oficial&#8221; do acordo de cessar-fogo e liberta\u00e7\u00e3o dos ref\u00e9ns em posse do Hamas &#8212; dos quais se presume que 20 estejam vivos -, o que dever\u00e1 acontecer na segunda ou ter\u00e7a-feira<\/p>\n<p>          <img decoding=\"async\" itemprop=\"image\" class=\"img-fluid\"   src=\"https:\/\/www.europesays.com\/pt\/wp-content\/uploads\/2025\/10\/0d0eac2855a3baa5e580779b0a3d85b4\"\/><\/p>\n<p>\n&#8220;Os ref\u00e9ns [do movimento islamita Hamas] regressar\u00e3o [a Israel] na segunda ou ter\u00e7a-feira. Provavelmente estarei l\u00e1. Espero estar l\u00e1. Estamos a planear partir no domingo, e estou desejoso disso&#8221;, disse Trump aos jornalistas na Casa Branca.<\/p>\n<p><b>O presidente do Knesset [parlamento israelita] confirmou por seu lado quinta-feira \u00e0 noite, que o seu gabinete convidou o presidente Donald Trump para um discurso.<\/b><\/p>\n<p>&#8220;\u00c9 uma profunda honra e privil\u00e9gio para mim convidar oficialmente o maior amigo e aliado do povo judeu na hist\u00f3ria moderna&#8221;, escreveu o presidente Amir Ohana sobre Trump, externamente, &#8220;para fazer um discurso formal \u00e0 na\u00e7\u00e3o perante o Knesset&#8221;.<\/p>\n<p>&#8220;Israel aguarda a paz, Presidente&#8221;, acrescentou Ohana.<br \/>&#13;\n<\/p>\n<p>\nEsta quinta-feira, ao lado do presidente da Finl\u00e2ndia, Alexander Stubb, foi novamente levantada a possibilidade de Trump ganhar um Pr\u00e9mio Nobel da Paz, algo que o pr\u00f3prio Trump tem defendido.<\/p>\n<p>&#13;<br \/>\n&#8220;<b>Penso que a melhor nomea\u00e7\u00e3o viria de Zelensky e, a seguir, do Rei da Jord\u00e2nia<\/b>&#8220;, considerou Stubb. &#8220;Devo dizer que o historial do Presidente dos Estados Unidos \u00e9 bastante impressionante&#8221;.&#13;\n<\/p>\n<p>&#13;<br \/>\nc\/ag\u00eancias&#13;<\/p>\n","protected":false},"excerpt":{"rendered":"&#8220;Vamos ver como tudo corre. Chegar\u00e1 um ponto em que poderemos fazer algo que seja um pouco diferente&hellip;\n","protected":false},"author":2,"featured_media":104317,"comment_status":"","ping_status":"","sticky":false,"template":"","format":"standard","meta":{"footnotes":""},"categories":[50],"tags":[11170,27,28,92,257,15,16,255,14,25,26,21,22,62,12,13,19,20,23,24,25204,17,18,29,30,31,63,64,65],"class_list":{"0":"post-104316","1":"post","2":"type-post","3":"status-publish","4":"format-standard","5":"has-post-thumbnail","7":"category-mundo","8":"tag-alexander-stubb","9":"tag-breaking-news","10":"tag-breakingnews","11":"tag-donald-trump","12":"tag-faixa-de-gaza","13":"tag-featured-news","14":"tag-featurednews","15":"tag-hamas","16":"tag-headlines","17":"tag-latest-news","18":"tag-latestnews","19":"tag-main-news","20":"tag-mainnews","21":"tag-mundo","22":"tag-news","23":"tag-noticias","24":"tag-noticias-principais","25":"tag-noticiasprincipais","26":"tag-principais-noticias","27":"tag-principaisnoticias","28":"tag-sala-ovas","29":"tag-top-stories","30":"tag-topstories","31":"tag-ultimas","32":"tag-ultimas-noticias","33":"tag-ultimasnoticias","34":"tag-world","35":"tag-world-news","36":"tag-worldnews"},"share_on_mastodon":{"url":"","error":""},"_links":{"self":[{"href":"https:\/\/www.europesays.com\/pt\/wp-json\/wp\/v2\/posts\/104316","targetHints":{"allow":["GET"]}}],"collection":[{"href":"https:\/\/www.europesays.com\/pt\/wp-json\/wp\/v2\/posts"}],"about":[{"href":"https:\/\/www.europesays.com\/pt\/wp-json\/wp\/v2\/types\/post"}],"author":[{"embeddable":true,"href":"https:\/\/www.europesays.com\/pt\/wp-json\/wp\/v2\/users\/2"}],"replies":[{"embeddable":true,"href":"https:\/\/www.europesays.com\/pt\/wp-json\/wp\/v2\/comments?post=104316"}],"version-history":[{"count":0,"href":"https:\/\/www.europesays.com\/pt\/wp-json\/wp\/v2\/posts\/104316\/revisions"}],"wp:featuredmedia":[{"embeddable":true,"href":"https:\/\/www.europesays.com\/pt\/wp-json\/wp\/v2\/media\/104317"}],"wp:attachment":[{"href":"https:\/\/www.europesays.com\/pt\/wp-json\/wp\/v2\/media?parent=104316"}],"wp:term":[{"taxonomy":"category","embeddable":true,"href":"https:\/\/www.europesays.com\/pt\/wp-json\/wp\/v2\/categories?post=104316"},{"taxonomy":"post_tag","embeddable":true,"href":"https:\/\/www.europesays.com\/pt\/wp-json\/wp\/v2\/tags?post=104316"}],"curies":[{"name":"wp","href":"https:\/\/api.w.org\/{rel}","templated":true}]}}