{"id":104318,"date":"2025-10-10T00:23:21","date_gmt":"2025-10-10T00:23:21","guid":{"rendered":"https:\/\/www.europesays.com\/pt\/104318\/"},"modified":"2025-10-10T00:23:21","modified_gmt":"2025-10-10T00:23:21","slug":"ja-sao-conhecidos-os-candidatos-a-carro-do-ano-2026-em-portugal","status":"publish","type":"post","link":"https:\/\/www.europesays.com\/pt\/104318\/","title":{"rendered":"J\u00e1 s\u00e3o conhecidos os candidatos a Carro do Ano 2026 em Portugal"},"content":{"rendered":"<p class=\"category\"><a href=\"https:\/\/sicnoticias.pt\/programas\/volante\" rel=\"nofollow noopener\" target=\"_blank\">Volante<\/a><\/p>\n<p class=\"g-article-lead lead\" data-field=\"lead\">A edi\u00e7\u00e3o do Seguro Directo Carro do Ano \/ Trof\u00e9u Volante de Cristal com o maior n\u00famero de inscri\u00e7\u00f5es de sempre. Os 16 jurados d\u00e3o agora in\u00edcio aos testes din\u00e2micos para decidirem quem ser\u00e1 o sucessor do Citro\u00ebn C3.<\/p>\n<p> Previous<img decoding=\"async\" src=\"https:\/\/www.europesays.com\/pt\/wp-content\/uploads\/2025\/10\/2025-10-09-alpine-a290-gts.jpg-3d499e8c.webp\" alt=\"J\u00e1 s\u00e3o conhecidos os candidatos a Carro do Ano 2026 em Portugal\"\/><img decoding=\"async\" src=\"https:\/\/www.europesays.com\/pt\/wp-content\/uploads\/2025\/10\/2025-10-09-alpine-a290-gts.jpg-3d499e8c.webp\" alt=\"J\u00e1 s\u00e3o conhecidos os candidatos a Carro do Ano 2026 em Portugal\"\/> Next<\/p>\n<p>J\u00e1 s\u00e3o conhecidos os candidatos ao mais prestigiado galard\u00e3o da ind\u00fastria autom\u00f3vel do nosso pa\u00eds. O modelo premiado ser\u00e1 distinguido com o t\u00edtulo de vencedor do <strong>Seguro Directo<\/strong> <strong>Carro do Ano\/Trof<\/strong><strong>\u00e9<\/strong><strong>u Volante de Cristal 2026<\/strong>, sucedendo assim ao Citro\u00ebn C3.<\/p>\n<p>No total foram registadas <strong>92 inscri\u00e7\u00f5es<\/strong>, com os candidatos divididos em oito classes, com diferentes modelos e vers\u00f5es. <strong>28 modelos concorrem ao t\u00edtulo de vencedor do Seguro Directo Carro do Ano\/Trof<\/strong><strong>\u00e9<\/strong><strong>u Volante de Cristal 2026<\/strong>.<\/p>\n<p><strong>Ser\u00e3o um total de oito classes:<\/strong> Citadino, Design, Desportivo\/Lazer, El\u00e9trico, Familiar, H\u00edbrido Plug-in, SUV Compacto (inclui crossovers) e Grande SUV.<\/p>\n<p>\u00c0 semelhan\u00e7a do que tem acontecido nas edi\u00e7\u00f5es anteriores, a organiza\u00e7\u00e3o voltar\u00e1 a selecionar um conjunto de dispositivos inovadores e tecnologicamente avan\u00e7ados que consigam beneficiar diretamente a condu\u00e7\u00e3o e o condutor. Os dispositivos ser\u00e3o apreciados e posteriormente votados pelos jurados para determinar o vencedor do <strong>Pr<\/strong><strong>\u00e9<\/strong><strong>mio Inova<\/strong><strong>\u00e7\u00e3<\/strong><strong>o e Tecnologia<\/strong>.<\/p>\n<p>A Comiss\u00e3o Executiva voltar\u00e1 tamb\u00e9m a distinguir a <strong>Personalidade do Ano<\/strong>, algu\u00e9m que, pela sua participa\u00e7\u00e3o profissional e empenho, contribua inequivocamente para o desenvolvimento do setor autom\u00f3vel em Portugal.<\/p>\n<p><strong>16 jurados<\/strong>, em representa\u00e7\u00e3o dos principais \u00f3rg\u00e3os de comunica\u00e7\u00e3o social do nosso pa\u00eds, preparam-se para dar in\u00edcio aos testes din\u00e2micos com os v\u00e1rios modelos a concurso. O j\u00fari desta edi\u00e7\u00e3o \u00e9 composto por:<\/p>\n<p>Adriano Oliveira \u2013 Jornal de Neg\u00f3cios<\/p>\n<p>Ant\u00f3nio Catarino \u2013 TSF<\/p>\n<p>Miguel Dias \u2013 Raz\u00e3o Autom\u00f3vel<\/p>\n<p>Jos\u00e9 Caetano \u2013 E-Auto \/ AutoSport \/ Automais<\/p>\n<p>Jos\u00e9 Carlos Santos Silva \u2013 R\u00e1dio Renascen\u00e7a \/ RFM<\/p>\n<p>Jos\u00e9 Silva Pires \u2013 Volante<\/p>\n<p>Miguel Rodrigues \u2013 Carros<\/p>\n<p>Paulo Tavares \u2013 Di\u00e1rio de Not\u00edcias<\/p>\n<p>Rui Pedro Reis \u2013 SIC Not\u00edcias<\/p>\n<p>Sara Figueiredo Santos \u2013 Correio da Manh\u00e3<\/p>\n<p> <strong>Testes din\u00e2micos terminam no final de janeiro de 2026<\/strong><\/p>\n<p>O vencedor do Seguro Directo Carro do Ano\/Trof\u00e9u Volante de Cristal 2026, assim como os vencedores das v\u00e1rias classes, ser\u00e3o conhecidos no m\u00eas de mar\u00e7o de 2026, depois de serem conhecidos sete finalistas.<\/p>\n<p>O grupo IMPRESA organiza a iniciativa Seguro Directo Carro do Ano\/Trof\u00e9u Volante de Cristal 2026 atrav\u00e9s da SIC Not\u00edcias e do Expresso.<\/p>\n<p><strong>INSCRITOS NO SEGURO DIRECTO CARRO DO ANO \/ TROF\u00c9U VOLANTE DE CRISTAL 2026<\/strong><\/p>\n<p>\u00b7      BYD Dolphin Surf Boost<\/p>\n<p>\u00b7      Fiat Grande Panda La Prima<\/p>\n<p>\u00b7      Hyundai Inster EV 360km Style Plus<\/p>\n<p>\u00b7      KIA Stonic 1.0 T-GDi 6MT Tech<\/p>\n<p>\u00b7      Nissan Micra Evolve 52kWh<\/p>\n<p>\u00b7      Renault 4 E-Tech El\u00e9trico Iconic<\/p>\n<p>\u00b7      Alfa Romeo 33 Stradale<\/p>\n<p>\u00b7      BYD Dolphin Surf Boost<\/p>\n<p>\u00b7      BYD Seal 6 DM-i Touring Confort Life<\/p>\n<p>\u00b7      DS N\u00ba8 Long Range 245 Etoile<\/p>\n<p>\u00b7      Hyundai Inster EV 360km Style Plus<\/p>\n<p>\u00b7      Nissan Micra Evolve 52kWh<\/p>\n<p>\u00b7      Renault 4 E-Tech El\u00e9trico Iconic<\/p>\n<p><strong>Desportivo \/ Lazer do Ano<\/strong><\/p>\n<p>\u00b7      Nissan Ariya Nismo 87kWh e-4orce<\/p>\n<p>\u00b7      BYD Dolphin Surf Boost<\/p>\n<p>\u00b7      Citro\u00ebn \u00eb-C5 Aircross Max<\/p>\n<p>\u00b7      DS N\u00ba8 Long Range 245 Etoile<\/p>\n<p>\u00b7      Hyundai Inster EV 360km Style Plus<\/p>\n<p>\u00b7      KIA EV4 Hatchback Tech (81,4 kWh)<\/p>\n<p>\u00b7      Mazda 6e 5HB EV 245cv Long Range Takumi Plus<\/p>\n<p>\u00b7      Nissan Micra Evolve 52kWh<\/p>\n<p>\u00b7      Renault 4 E-Tech El\u00e9trico Iconic<\/p>\n<p>\u00b7      Skoda Elroq 85 Sportline<\/p>\n<p>\u00b7      Voyah Courage AWD Luxury<\/p>\n<p>\u00b7      BYD Seal 6 DM-i Touring Confort Life<\/p>\n<p>\u00b7      Citro\u00ebn \u00eb-C5 Aircross Max<\/p>\n<p>\u00b7      Dacia Bigster Hybrid-G150 4&#215;4<\/p>\n<p>\u00b7      KIA EV4 Hatchback Tech (81,4 kWh)<\/p>\n<p>\u00b7      KIA PV5 Passenger L2H1 Long-Range + V2L (71,2 kWh)<\/p>\n<p>\u00b7      Leapmotor C10 REEV Design<\/p>\n<p>\u00b7      Renault Austral E-Tech<\/p>\n<p>\u00b7      BYD Seal 6 DM-i Touring Confort Life<\/p>\n<p>\u00b7      Leapmotor C10 REEV Design<\/p>\n<p>\u00b7      Mitsubishi Outlander PHEV 2.4 Instyle<\/p>\n<p>\u00b7      Citro\u00ebn \u00eb-C5 Aircross Max<\/p>\n<p>\u00b7      Dacia Bigster Hybrid-G150 4&#215;4<\/p>\n<p>\u00b7      Jeep Compass First Edition<\/p>\n<p>\u00b7      Nissan Qashqai 1.5 E-Power (190 CV) ADVANCE<\/p>\n<p>\u00b7      Renault Symbioz Mild-Hybrid<\/p>\n<p>\u00b7      Skoda Elroq 85 Sportline<\/p>\n<p>\u00b7      Volkswagen T-Roc 1.5 eTSI 116cv Life DSG<\/p>\n<p>\u00b7      KGM Musso EV E80 K5 4WD<\/p>\n<p>\u00b7      Leapmotor C10 REEV Design<\/p>\n<p>\u00b7      Voyah Courage AWD Luxury<\/p>\n<p><strong>Candidatos eleg\u00edveis ao Seguro Directo Carro do Ano\/Trof<\/strong><strong>\u00e9<\/strong><strong>u Volante de Cristal 2026<\/strong><\/p>\n<p>\u00b7      BYD Seal 6 DM-i Touring<\/p>\n","protected":false},"excerpt":{"rendered":"Volante A edi\u00e7\u00e3o do Seguro Directo Carro do Ano \/ Trof\u00e9u Volante de Cristal com o maior n\u00famero&hellip;\n","protected":false},"author":2,"featured_media":104319,"comment_status":"","ping_status":"","sticky":false,"template":"","format":"standard","meta":{"footnotes":""},"categories":[10],"tags":[27,28,15,16,14,25,26,21,22,12,13,19,20,32,23,24,33,17,18,29,30,31],"class_list":{"0":"post-104318","1":"post","2":"type-post","3":"status-publish","4":"format-standard","5":"has-post-thumbnail","7":"category-portugal","8":"tag-breaking-news","9":"tag-breakingnews","10":"tag-featured-news","11":"tag-featurednews","12":"tag-headlines","13":"tag-latest-news","14":"tag-latestnews","15":"tag-main-news","16":"tag-mainnews","17":"tag-news","18":"tag-noticias","19":"tag-noticias-principais","20":"tag-noticiasprincipais","21":"tag-portugal","22":"tag-principais-noticias","23":"tag-principaisnoticias","24":"tag-pt","25":"tag-top-stories","26":"tag-topstories","27":"tag-ultimas","28":"tag-ultimas-noticias","29":"tag-ultimasnoticias"},"share_on_mastodon":{"url":"","error":""},"_links":{"self":[{"href":"https:\/\/www.europesays.com\/pt\/wp-json\/wp\/v2\/posts\/104318","targetHints":{"allow":["GET"]}}],"collection":[{"href":"https:\/\/www.europesays.com\/pt\/wp-json\/wp\/v2\/posts"}],"about":[{"href":"https:\/\/www.europesays.com\/pt\/wp-json\/wp\/v2\/types\/post"}],"author":[{"embeddable":true,"href":"https:\/\/www.europesays.com\/pt\/wp-json\/wp\/v2\/users\/2"}],"replies":[{"embeddable":true,"href":"https:\/\/www.europesays.com\/pt\/wp-json\/wp\/v2\/comments?post=104318"}],"version-history":[{"count":0,"href":"https:\/\/www.europesays.com\/pt\/wp-json\/wp\/v2\/posts\/104318\/revisions"}],"wp:featuredmedia":[{"embeddable":true,"href":"https:\/\/www.europesays.com\/pt\/wp-json\/wp\/v2\/media\/104319"}],"wp:attachment":[{"href":"https:\/\/www.europesays.com\/pt\/wp-json\/wp\/v2\/media?parent=104318"}],"wp:term":[{"taxonomy":"category","embeddable":true,"href":"https:\/\/www.europesays.com\/pt\/wp-json\/wp\/v2\/categories?post=104318"},{"taxonomy":"post_tag","embeddable":true,"href":"https:\/\/www.europesays.com\/pt\/wp-json\/wp\/v2\/tags?post=104318"}],"curies":[{"name":"wp","href":"https:\/\/api.w.org\/{rel}","templated":true}]}}