{"id":104324,"date":"2025-10-10T00:29:16","date_gmt":"2025-10-10T00:29:16","guid":{"rendered":"https:\/\/www.europesays.com\/pt\/104324\/"},"modified":"2025-10-10T00:29:16","modified_gmt":"2025-10-10T00:29:16","slug":"bruce-dickinson-ouvia-iron-maiden-com-blaze-bayley-ele-responde","status":"publish","type":"post","link":"https:\/\/www.europesays.com\/pt\/104324\/","title":{"rendered":"Bruce Dickinson ouvia Iron Maiden com Blaze Bayley? Ele responde"},"content":{"rendered":"<p>Entre 1993 e 1999, <strong><a href=\"https:\/\/igormiranda.com.br\/tag\/blaze-bayley\/\" target=\"_blank\" rel=\"noreferrer noopener nofollow\">Blaze Bayley<\/a><\/strong> ocupou a vaga de <strong><a href=\"https:\/\/igormiranda.com.br\/tag\/bruce-dickinson\/\" target=\"_blank\" rel=\"noreferrer noopener nofollow\">Bruce Dickinson<\/a><\/strong> como vocalista do <strong><a href=\"https:\/\/igormiranda.com.br\/tag\/iron-maiden\/\" target=\"_blank\" rel=\"noreferrer noopener nofollow\">Iron Maiden<\/a><\/strong>. A experi\u00eancia rendeu dois \u00e1lbuns que dividem opini\u00f5es at\u00e9 hoje entre os f\u00e3s, mas o que o pr\u00f3prio Bruce achava de seu substituto no grupo?<\/p>\n<p>No podcast <a href=\"https:\/\/www.youtube.com\/watch?v=TZvTwg3vemo\" target=\"_blank\" rel=\"noreferrer noopener nofollow\">Talk is Jericho<\/a> (via <a href=\"https:\/\/blabbermouth.net\/news\/bruce-dickinson-didnt-pay-much-attention-to-iron-maiden-during-blaze-bayley-era-i-was-too-busy-doing-my-own-stuff\" target=\"_blank\" rel=\"noreferrer noopener nofollow\">Blabbermouth<\/a>), Dickinson contou que n\u00e3o prestou muita aten\u00e7\u00e3o ao material do Maiden com Blaze. N\u00e3o por desd\u00e9m ou desinteresse: sua carreira solo exigia muita aten\u00e7\u00e3o naquela \u00e9poca.<\/p>\n<p>&#8211; Advertisement &#8211;<\/p>\n<p>O cantor disse:<\/p>\n<p>\u201cN\u00e3o [estava atento]. N\u00e3o \u00e9 que eu n\u00e3o tivesse interesse em ouvir os \u00e1lbuns da era Blaze do Maiden. Eu estava muito ocupado fazendo minhas pr\u00f3prias coisas. Ent\u00e3o, era meio que uma percep\u00e7\u00e3o perif\u00e9rica, mas de certa forma eu pensava: \u2018Isso n\u00e3o \u00e9 da minha conta. N\u00e3o estou mais na banda\u2019.\u201d<\/p>\n<p>A rela\u00e7\u00e3o entre os dois cantores sempre foi boa, desde os tempos de Blaze no Wolfsbane, como Bruce deixou claro. Desde que voltou ao Maiden, em 1999, Dickinson nunca teve problemas em cantar m\u00fasicas gravadas por seu substituto.<\/p>\n<p>Ele concluiu:<\/p>\n<p>\u201cDesejei tudo de bom para o Blaze, porque quando ele entrou na banda, eu pensei: \u2018Uau\u2019. Porque a voz dele \u00e9 muito diferente da minha. Eu adorava o que ele estava fazendo no Wolfsbane. E eu pensei: \u2018Bem, isso \u00e9\u2026 Espero que d\u00ea certo\u2019. E infelizmente n\u00e3o deu. Mas eu amo o Blaze. Acho que ele \u00e9 um \u00f3timo sujeito. N\u00e3o h\u00e1 um pingo de maldade nele. Ele \u00e9 um cara legal.\u201d<\/p>\n<p>Blaze Bayley, Iron Maiden e Bruce Dickinson<\/p>\n<p>Blaze Bayley gravou dois discos com o Iron Maiden: <strong>\u201c<a href=\"https:\/\/igormiranda.com.br\/2024\/02\/iron-maiden-the-x-factor-blaze-bayley-detalhe-som\/\" target=\"_blank\" rel=\"noreferrer noopener nofollow\">The X Factor<\/a>\u201d<\/strong> (1995) e <strong>\u201c<a href=\"https:\/\/igormiranda.com.br\/2016\/12\/e-se-blaze-bayley-tivesse-ficado-para-mais-um-disco-com-o-iron-maiden\/\" target=\"_blank\" rel=\"noreferrer noopener nofollow\">Virtual XI<\/a>\u201d<\/strong> (1998). Ele canta tamb\u00e9m no single <strong>\u201cVirus\u201d<\/strong>, que saiu originalmente na colet\u00e2nea <strong>\u201cBest of the Beast\u201d<\/strong> (1996).<\/p>\n<p>Desde seu retorno ao Maiden, Bruce Dickinson <a href=\"https:\/\/igormiranda.com.br\/2021\/12\/iron-maiden-blaze-bayley-bruce-dickinson-musicas\/\" target=\"_blank\" rel=\"noreferrer noopener nofollow\">interpretou algumas can\u00e7\u00f5es de seu substituto<\/a> no grupo. S\u00e3o elas: <strong>\u201cMan on the Edge\u201d<\/strong>, <strong>\u201cFutureal\u201d<\/strong>, <strong>\u201cThe Clansman\u201d<\/strong>, <strong>\u201cSign of the Cross\u201d<\/strong> e <strong>\u201cLord of the Flies\u201d<\/strong>.<\/p>\n<p>A respeito disso, Bayley j\u00e1 comentou em entrevista de 2020 ao Eonmusic:<\/p>\n<p>\u201c\u00c9 fant\u00e1stico ver Bruce Dickinson cantando as m\u00fasicas de minha era com o Iron Maiden. Amo sua voz e ele sempre me apoiou, desde antes da minha passagem pela banda at\u00e9 os dias atuais. Bruce \u00e9 a defini\u00e7\u00e3o da ess\u00eancia de um cantor de heavy metal.\u201d<\/p>\n<p><strong>Clique<\/strong> para seguir IgorMiranda.com.br no: <a href=\"https:\/\/instagram.com\/igormirandasite\" target=\"_blank\" rel=\"noreferrer noopener nofollow\">Instagram<\/a> | <a href=\"https:\/\/bsky.app\/profile\/igormirandasite.bsky.social\" target=\"_blank\" rel=\"noreferrer noopener nofollow\">Bluesky<\/a> | <a href=\"https:\/\/twitter.com\/igormirandasite\" target=\"_blank\" rel=\"noreferrer noopener nofollow\">Twitter<\/a> | <a href=\"https:\/\/tiktok.com\/@igormirandasite\" target=\"_blank\" rel=\"noreferrer noopener nofollow\">TikTok<\/a> | <a href=\"https:\/\/facebook.com\/igormirandasite\" target=\"_blank\" rel=\"noreferrer noopener nofollow\">Facebook<\/a> | <a href=\"https:\/\/www.youtube.com\/igormirandasite\" target=\"_blank\" rel=\"noreferrer noopener nofollow\">YouTube<\/a> | <a href=\"https:\/\/www.threads.net\/@igormirandasite\" target=\"_blank\" rel=\"noreferrer noopener nofollow\">Threads<\/a>.<\/p>\n<p><script async src=\"https:\/\/platform.twitter.com\/widgets.js\" charset=\"utf-8\"><\/script><script async src=\"\/\/www.instagram.com\/embed.js\"><\/script><script async src=\"\/\/www.tiktok.com\/embed.js\"><\/script><\/p>\n","protected":false},"excerpt":{"rendered":"Entre 1993 e 1999, Blaze Bayley ocupou a vaga de Bruce Dickinson como vocalista do Iron Maiden. A&hellip;\n","protected":false},"author":2,"featured_media":104325,"comment_status":"","ping_status":"","sticky":false,"template":"","format":"standard","meta":{"footnotes":""},"categories":[141],"tags":[25205,4724,114,115,3543,149,150,32,33],"class_list":{"0":"post-104324","1":"post","2":"type-post","3":"status-publish","4":"format-standard","5":"has-post-thumbnail","7":"category-musica","8":"tag-blaze-bayley","9":"tag-bruce-dickinson","10":"tag-entertainment","11":"tag-entretenimento","12":"tag-iron-maiden","13":"tag-music","14":"tag-musica","15":"tag-portugal","16":"tag-pt"},"share_on_mastodon":{"url":"","error":""},"_links":{"self":[{"href":"https:\/\/www.europesays.com\/pt\/wp-json\/wp\/v2\/posts\/104324","targetHints":{"allow":["GET"]}}],"collection":[{"href":"https:\/\/www.europesays.com\/pt\/wp-json\/wp\/v2\/posts"}],"about":[{"href":"https:\/\/www.europesays.com\/pt\/wp-json\/wp\/v2\/types\/post"}],"author":[{"embeddable":true,"href":"https:\/\/www.europesays.com\/pt\/wp-json\/wp\/v2\/users\/2"}],"replies":[{"embeddable":true,"href":"https:\/\/www.europesays.com\/pt\/wp-json\/wp\/v2\/comments?post=104324"}],"version-history":[{"count":0,"href":"https:\/\/www.europesays.com\/pt\/wp-json\/wp\/v2\/posts\/104324\/revisions"}],"wp:featuredmedia":[{"embeddable":true,"href":"https:\/\/www.europesays.com\/pt\/wp-json\/wp\/v2\/media\/104325"}],"wp:attachment":[{"href":"https:\/\/www.europesays.com\/pt\/wp-json\/wp\/v2\/media?parent=104324"}],"wp:term":[{"taxonomy":"category","embeddable":true,"href":"https:\/\/www.europesays.com\/pt\/wp-json\/wp\/v2\/categories?post=104324"},{"taxonomy":"post_tag","embeddable":true,"href":"https:\/\/www.europesays.com\/pt\/wp-json\/wp\/v2\/tags?post=104324"}],"curies":[{"name":"wp","href":"https:\/\/api.w.org\/{rel}","templated":true}]}}