{"id":10435,"date":"2025-07-31T17:06:07","date_gmt":"2025-07-31T17:06:07","guid":{"rendered":"https:\/\/www.europesays.com\/pt\/10435\/"},"modified":"2025-07-31T17:06:07","modified_gmt":"2025-07-31T17:06:07","slug":"imprensa-italiana-garante-que-benfica-prepara-oferta-para-contratar-paulo-dybala","status":"publish","type":"post","link":"https:\/\/www.europesays.com\/pt\/10435\/","title":{"rendered":"Imprensa italiana garante que Benfica prepara oferta para contratar Paulo Dybala"},"content":{"rendered":"<p><strong>O Benfica est\u00e1 interessado na contrata\u00e7\u00e3o de Paulo Dybala. Os encarnados est\u00e3o a ponderar fazer uma oferta pelo avan\u00e7ado argentino.<\/strong><\/p>\n<p>Paulo Dybala est\u00e1 na mira do Benfica. Segundo o di\u00e1rio Tuttomercato, os encarnados querem contratar o<a href=\"https:\/\/bolanarede.pt\/etiqueta\/paulo-dybala\/\" target=\"_blank\" rel=\"noreferrer noopener nofollow\"> avan\u00e7ado argentino<\/a> e est\u00e3o a ponderar uma oferta pelo avan\u00e7ado internacional argentino da AS Roma.<\/p>\n<p>Na \u00faltimas temporadas, Paulo Dybala tem atravessado alguns problemas f\u00edsicos na AS Roma, mas continuou a ser um dos destaques do clube italiano.<\/p>\n<p>Paulo Dybala foi contratado pela AS Roma, na segunda \u00e9poca de Jos\u00e9 Mourinho no comando dos giallorossi, em 2022\/23. Na \u00faltima temporada somou oito golos e quatro assist\u00eancias em 36 partidas pelo clube da Serie A.<\/p>\n<blockquote class=\"twitter-tweet\" data-width=\"550\" data-dnt=\"true\">\n<p lang=\"pt\" dir=\"ltr\">\ud83d\udea8\ud83d\udea8 Benfica vai apresentar uma proposta por Paulo Dybala nos pr\u00f3ximos dias, avan\u00e7a o \u2018Tuttomercato\u2019. <a href=\"https:\/\/t.co\/BaEtJn2lLT\" rel=\"nofollow\">pic.twitter.com\/BaEtJn2lLT<\/a><\/p>\n<p>\u2014 Di\u00e1rio de Transfer\u00eancias (@DTransferencias) <a href=\"https:\/\/twitter.com\/DTransferencias\/status\/1950932074870780004?ref_src=twsrc%5Etfw\" rel=\"nofollow noopener\" target=\"_blank\">July 31, 2025<\/a><\/p><\/blockquote>\n<p><script async src=\"https:\/\/platform.twitter.com\/widgets.js\" charset=\"utf-8\"><\/script><\/p>\n","protected":false},"excerpt":{"rendered":"O Benfica est\u00e1 interessado na contrata\u00e7\u00e3o de Paulo Dybala. Os encarnados est\u00e3o a ponderar fazer uma oferta pelo&hellip;\n","protected":false},"author":2,"featured_media":10436,"comment_status":"","ping_status":"","sticky":false,"template":"","format":"standard","meta":{"footnotes":""},"categories":[8],"tags":[4548,260,51,27,28,478,15,16,14,25,26,21,22,12,13,19,20,4549,32,479,23,24,33,2101,17,18,29,30,31],"class_list":{"0":"post-10435","1":"post","2":"type-post","3":"status-publish","4":"format-standard","5":"has-post-thumbnail","7":"category-principais-noticias","8":"tag-as-roma","9":"tag-atualidade","10":"tag-benfica","11":"tag-breaking-news","12":"tag-breakingnews","13":"tag-destaques-bnr","14":"tag-featured-news","15":"tag-featurednews","16":"tag-headlines","17":"tag-latest-news","18":"tag-latestnews","19":"tag-main-news","20":"tag-mainnews","21":"tag-news","22":"tag-noticias","23":"tag-noticias-principais","24":"tag-noticiasprincipais","25":"tag-paulo-dybala","26":"tag-portugal","27":"tag-primeira-liga","28":"tag-principais-noticias","29":"tag-principaisnoticias","30":"tag-pt","31":"tag-serie-a","32":"tag-top-stories","33":"tag-topstories","34":"tag-ultimas","35":"tag-ultimas-noticias","36":"tag-ultimasnoticias"},"share_on_mastodon":{"url":"","error":""},"_links":{"self":[{"href":"https:\/\/www.europesays.com\/pt\/wp-json\/wp\/v2\/posts\/10435","targetHints":{"allow":["GET"]}}],"collection":[{"href":"https:\/\/www.europesays.com\/pt\/wp-json\/wp\/v2\/posts"}],"about":[{"href":"https:\/\/www.europesays.com\/pt\/wp-json\/wp\/v2\/types\/post"}],"author":[{"embeddable":true,"href":"https:\/\/www.europesays.com\/pt\/wp-json\/wp\/v2\/users\/2"}],"replies":[{"embeddable":true,"href":"https:\/\/www.europesays.com\/pt\/wp-json\/wp\/v2\/comments?post=10435"}],"version-history":[{"count":0,"href":"https:\/\/www.europesays.com\/pt\/wp-json\/wp\/v2\/posts\/10435\/revisions"}],"wp:featuredmedia":[{"embeddable":true,"href":"https:\/\/www.europesays.com\/pt\/wp-json\/wp\/v2\/media\/10436"}],"wp:attachment":[{"href":"https:\/\/www.europesays.com\/pt\/wp-json\/wp\/v2\/media?parent=10435"}],"wp:term":[{"taxonomy":"category","embeddable":true,"href":"https:\/\/www.europesays.com\/pt\/wp-json\/wp\/v2\/categories?post=10435"},{"taxonomy":"post_tag","embeddable":true,"href":"https:\/\/www.europesays.com\/pt\/wp-json\/wp\/v2\/tags?post=10435"}],"curies":[{"name":"wp","href":"https:\/\/api.w.org\/{rel}","templated":true}]}}